{"id":21335,"date":"2023-08-22T15:22:24","date_gmt":"2023-08-22T13:22:24","guid":{"rendered":"https:\/\/new.astrea-apotheke.ch\/hightechprodukt-babymilch\/"},"modified":"2024-12-29T20:26:48","modified_gmt":"2024-12-29T18:26:48","slug":"lait-pour-bebe-high-tech","status":"publish","type":"post","link":"https:\/\/astrea-apotheke.ch\/fr\/lait-pour-bebe-high-tech\/","title":{"rendered":"Lait pour b\u00e9b\u00e9 \u00abhigh-tech\u00bb"},"content":{"rendered":"<h1 style=\"font-size:51px;font-style:normal;font-weight:400; margin-bottom:var(--wp--preset--spacing--50);\" class=\"wp-block-post-title has-roboto-slab-font-family\">Lait pour b\u00e9b\u00e9 \u00abhigh-tech\u00bb<\/h1>\r\n\r\n\r\n<p class=\"has-primary-color has-text-color has-roboto-font-family\" style=\"margin-bottom: var(--wp--preset--spacing--20); font-size: 23px; line-height: 1.5;\"><em>Juste du \u00ablait\u00bb? Pas du tout! Les recherches intensives et les avanc\u00e9es scientifiques, ont permis de d\u00e9velopper de nouveaux proc\u00e9d\u00e9s de fabrication. La composition des aliments pour b\u00e9b\u00e9s a \u00e9t\u00e9 am\u00e9lior\u00e9e pour r\u00e9pondre de mani\u00e8re optimale aux besoins nutritionnels des nourrissons.<\/em><\/p>\r\n\r\n\r\n<div style=\"font-size:14px;text-transform:uppercase; margin-bottom:var(--wp--preset--spacing--60);\" class=\"wp-block-post-author\"><div class=\"wp-block-post-author__content\"><p class=\"wp-block-post-author__name\"><a href=\"https:\/\/astrea-apotheke.ch\/fr\/author\/christiane-schittny\/\" target=\"_self\">Christiane Schittny<\/a><\/p><\/div><\/div>\r\n\r\n\r\n<div class=\"wp-block-group is-content-justification-left\" style=\"margin-top: var(--wp--preset--spacing--50); margin-bottom: var(--wp--preset--spacing--70);\"><div class=\"wp-block-group__inner-container is-layout-constrained wp-container-core-group-is-layout-8a559ce2 wp-block-group-is-layout-constrained\"><figure style=\"aspect-ratio:16\/9;\" class=\"wp-block-post-featured-image\"><img decoding=\"async\" width=\"2000\" height=\"1333\" src=\"https:\/\/astrea-apotheke.ch\/wp-content\/uploads\/2023\/08\/2309_Christiane_schittny_Babymilch_5_-AdobeStock_582900190_\u00a9geargodz-1-1.jpg\" class=\"attachment-post-thumbnail size-post-thumbnail lazyload wp-post-image\" alt=\"\" style=\"width:100%;height:100%;object-fit:cover;\" srcset=\"data:image\/svg+xml,%3Csvg%20xmlns%3D%27http%3A%2F%2Fwww.w3.org%2F2000%2Fsvg%27%20width%3D%272000%27%20height%3D%271333%27%20viewBox%3D%270%200%202000%201333%27%3E%3Crect%20width%3D%272000%27%20height%3D%271333%27%20fill-opacity%3D%220%22%2F%3E%3C%2Fsvg%3E\" data-orig-src=\"https:\/\/astrea-apotheke.ch\/wp-content\/uploads\/2023\/08\/2309_Christiane_schittny_Babymilch_5_-AdobeStock_582900190_\u00a9geargodz-1-1.jpg\" data-srcset=\"https:\/\/astrea-apotheke.ch\/wp-content\/uploads\/2023\/08\/2309_Christiane_schittny_Babymilch_5_-AdobeStock_582900190_\u00a9geargodz-1-1-300x200.jpg 300w, https:\/\/astrea-apotheke.ch\/wp-content\/uploads\/2023\/08\/2309_Christiane_schittny_Babymilch_5_-AdobeStock_582900190_\u00a9geargodz-1-1.jpg 2000w\" data-sizes=\"auto\" \/><\/figure><\/div><\/div>\r\n\r\n\r\n\r\n<p>Il y a quelques d\u00e9cennies \u00e0 peine, les poudres et autres aliments \u00e0 base de lait de vache \u00e9taient principalement utilis\u00e9s comme alternative au lait maternel. Cependant, ces produits n\u2019ont jamais atteint la teneur en nutriments et la composition du lait maternel. Aujourd\u2019hui, les aliments pour nourrissons fabriqu\u00e9s sont sp\u00e9cialement adapt\u00e9s aux besoins des b\u00e9b\u00e9s. Ils contiennent un m\u00e9lange \u00e9quilibr\u00e9 de glucides, de prot\u00e9ines et de mati\u00e8res grasses, favorisant une croissance saine et un d\u00e9veloppement optimal de l\u2019enfant.<\/p>\r\n\r\n\r\n\r\n<h2 class=\"wp-block-heading\">Quels sont les progr\u00e8s accomplis jusqu\u2019\u00e0 pr\u00e9sent?<\/h2>\r\n\r\n\r\n\r\n<p>Les aliments pour b\u00e9b\u00e9s ont consid\u00e9rablement \u00e9volu\u00e9 au cours des 50 derni\u00e8res ann\u00e9es. La recherche a permis d\u2019am\u00e9liorer les produits pour mieux r\u00e9pondre aux besoins des nourrissons et offrir une alternative saine et s\u00fbre au lait maternel.<br \/>Aujourd\u2019hui, l\u2019accent est mis sur l\u2019utilisation d\u2019ingr\u00e9dients de haute qualit\u00e9 garantissant la s\u00e9curit\u00e9 et la sant\u00e9 des b\u00e9b\u00e9s. La nourriture pour b\u00e9b\u00e9s est fabriqu\u00e9e dans le strict respect des r\u00e9glementations l\u00e9gales et soumise \u00e0 des contr\u00f4les de qualit\u00e9 approfondis.<br \/>Une autre avanc\u00e9e majeure est l\u2019intro\u00adduction de produits sp\u00e9cialement con\u00e7us pour r\u00e9pondre aux besoins sp\u00e9cifiques des b\u00e9b\u00e9s. Par exemple, des formules hypoallerg\u00e9niques pour les nourrissons souffrant d\u2019allergies alimentaires ou de probl\u00e8mes digestifs, et des options sans gluten pour les b\u00e9b\u00e9s atteints de la maladie c\u0153liaque.<\/p>\r\n\r\n\r\n\r\n<div class=\"wp-block-group is-style-default\" style=\"border-radius: 72px; margin-top: var(--wp--preset--spacing--30); margin-bottom: var(--wp--preset--spacing--80);\"><div class=\"wp-block-group__inner-container is-layout-flow wp-block-group-is-layout-flow\">\r\n<blockquote class=\"wp-block-quote is-style-default has-primary-color has-text-color is-layout-flow wp-block-quote-is-layout-flow\" style=\"font-size: 16px; font-style: normal; font-weight: 600;\">\r\n<p>Les aliments modernes pour b\u00e9b\u00e9s tiennent <br \/>aussi compte des besoins individuels des b\u00e9b\u00e9s.<\/p>\r\n<\/blockquote>\r\n<\/div><\/div>\r\n\r\n\r\n\r\n<h2 class=\"wp-block-heading\">Couvrir les besoins sp\u00e9cifiques<\/h2>\r\n\r\n\r\n\r\n<p>Certains b\u00e9b\u00e9s ont des besoins particuliers. Pour y r\u00e9pondre, il existe toute une gamme d\u2019aliments sp\u00e9cialis\u00e9s. Quels b\u00e9b\u00e9s peuvent en b\u00e9n\u00e9ficier?<\/p>\r\n\r\n\r\n\r\n<ul class=\"wp-block-list\">\r\n<li><strong>B\u00e9b\u00e9s pr\u00e9matur\u00e9s ou souffrant d\u2019insuffisance pond\u00e9rale:<\/strong> Les aliments sp\u00e9ciaux pour b\u00e9b\u00e9s pr\u00e9matur\u00e9s ou de faible poids sont con\u00e7us pour<br \/>augmenter l\u2019apport nutritionnel et calorique afin de favoriser leur croissance et leur d\u00e9veloppement.<\/li>\r\n\r\n\r\n\r\n<li><strong>B\u00e9b\u00e9s souffrant d\u2019allergies alimentaires: <\/strong>Certains b\u00e9b\u00e9s d\u00e9veloppent des r\u00e9actions allergiques \u00e0 certains aliments, comme les prot\u00e9ines de lait de vache, le soja, les \u0153ufs ou le gluten. Pour ces b\u00e9b\u00e9s, des formules hypoallerg\u00e9niques sp\u00e9ciales sont disponibles, qui ne contiennent pas ces ingr\u00e9dients allerg\u00e8nes.<\/li>\r\n\r\n\r\n\r\n<li><strong>B\u00e9b\u00e9s ayant des probl\u00e8mes digestifs:<\/strong> Certains b\u00e9b\u00e9s connaissent des difficult\u00e9s \u00e0 dig\u00e9rer. Cela se manifeste, par exemple, par des r\u00e9gurgitations fr\u00e9quentes, des coliques ou de la constipation. Il existe des formulations sp\u00e9ciales plus faciles \u00e0 dig\u00e9rer, contenant des ingr\u00e9dients sp\u00e9cifiques, permettant de soulager ces probl\u00e8mes digestifs.<\/li>\r\n\r\n\r\n\r\n<li><strong>B\u00e9b\u00e9s atteints de certaines affections: <\/strong>Diverses raisons m\u00e9dicales peuvent n\u00e9cessiter une alimentation sp\u00e9cifique pour b\u00e9b\u00e9s. Par exemple, les b\u00e9b\u00e9s atteints de troubles m\u00e9taboliques cong\u00e9nitaux, de la maladie c\u0153liaque, d\u2019intol\u00e9rance au lactose ou de troubles gastro-intestinaux. Des produits laitiers adapt\u00e9s sont aussi disponibles pour eux.<\/li>\r\n<\/ul>\r\n\r\n\r\n\r\n<div class=\"wp-block-group is-style-default\" style=\"border-radius: 72px; margin-top: var(--wp--preset--spacing--30); margin-bottom: var(--wp--preset--spacing--80);\"><div class=\"wp-block-group__inner-container is-layout-flow wp-block-group-is-layout-flow\">\r\n<blockquote class=\"wp-block-quote is-style-default has-primary-color has-text-color is-layout-flow wp-block-quote-is-layout-flow\" style=\"font-size: 16px; font-style: normal; font-weight: 600;\">\r\n<p>L\u2019expression du lait maternel peut offrir <br \/>certains avantages aux m\u00e8res qui allaitent.<\/p>\r\n<\/blockquote>\r\n<\/div><\/div>\r\n\r\n\r\n\r\n<h2 class=\"wp-block-heading\">Le lait maternel en biberon<\/h2>\r\n\r\n\r\n\r\n<p>Cependant, certaines femmes n\u2019allaitent pas pour ne pas perdre leur ind\u00e9pendance. Il existe alors une autre option: tirer son lait maternel offre certains avantages aux m\u00e8res qui allaitent. Voici quelques-uns des aspects les plus importants:<\/p>\r\n\r\n\r\n\r\n<ul class=\"wp-block-list\">\r\n<li><strong>Flexibilit\u00e9: <\/strong>L\u2019expression du lait permet aux m\u00e8res de conserver leur lait pour plus tard ou de donner le lait \u00e0 d\u2019autres femmes pour nourrir leur b\u00e9b\u00e9. Cela offre souplesse et ind\u00e9pendance, car ces femmes n\u2019ont pas toujours besoin \u00eatre pr\u00e9sentes pour allaiter le b\u00e9b\u00e9.<\/li>\r\n\r\n\r\n\r\n<li><strong>Augmentation de la production de lait: <\/strong>le pompage r\u00e9gulier du lait permet d\u2019augmenter la production de lait maternel. Le corps r\u00e9pond \u00e0 la demande en lait, et le tirage peut stimuler la lactation.<\/li>\r\n\r\n\r\n\r\n<li><strong>Aide \u00e0 l\u2019allaitement dans des situations particuli\u00e8res:<\/strong> L\u2019expression peut \u00eatre utile lorsque, par exemple, le b\u00e9b\u00e9 a des difficult\u00e9s \u00e0 t\u00e9ter, la m\u00e8re a des mamelons douloureux ou le b\u00e9b\u00e9 est pr\u00e9matur\u00e9 et n\u00e9cessite des soins particuliers.<\/li>\r\n\r\n\r\n\r\n<li><strong>Maintien de la relation d\u2019allaitement: <\/strong>L\u2019expression permet aux m\u00e8res de maintenir une relation d\u2019allaitement lorsque, pour des raisons professionnelles ou autres, ces derni\u00e8res ne sont pas en mesure d\u2019allaiter directement le b\u00e9b\u00e9 au sein.<\/li>\r\n<\/ul>\r\n\r\n\r\n\r\n<div class=\"wp-block-columns is-layout-flex wp-container-core-columns-is-layout-a80d5108 wp-block-columns-is-layout-flex\" style=\"margin-top: 60px; margin-bottom: 50px;\">\r\n<div class=\"wp-block-column has-background is-layout-flow wp-block-column-is-layout-flow\" style=\"background-color: #f1f2f4; flex-basis: 800px; padding: var(--wp--preset--spacing--70);\">\r\n<h2 class=\"wp-block-heading\" style=\"margin-top: var(--wp--preset--spacing--20); margin-bottom: var(--wp--preset--spacing--50); margin-left: 0; font-size: 23px;\">Bien conserver le lait maternel<\/h2>\r\n\r\n\r\n\r\n<p>Il existe des tire-lait manuels et \u00e9lectriques qui peuvent \u00eatre utilis\u00e9s pour recueillir le lait maternel. De nombreuses pharmacies louent et expliquent l\u2019utilisation de ces appareils et fournissent les accessoires n\u00e9cessaires. Le personnel de la pharmacie peut \u00e9galement apporter de nombreux conseils!<\/p>\r\n\r\n\r\n\r\n<p>Pour garantir une dur\u00e9e de conservation optimale du lait, des conditions d\u2019hygi\u00e8ne strictes doivent \u00eatre observ\u00e9es lors de l\u2019ex\u00adpression. Le lait obtenu et stock\u00e9 dans des biberons st\u00e9rilis\u00e9s se conservera jusqu\u2019\u00e0 six heures \u00e0 temp\u00e9rature ambiante, de trois \u00e0 cinq jours au r\u00e9frig\u00e9rateur et jusqu\u2019\u00e0 six mois au cong\u00e9lateur. Sachez que le lait maternel s\u2019adapte constamment \u00e0 l\u2019\u00e2ge du b\u00e9b\u00e9: au d\u00e9but, il est beaucoup moins rassasiant qu\u2019apr\u00e8s quelques mois. Le lait congel\u00e9 doit \u00eatre d\u00e9congel\u00e9 doucement au r\u00e9frig\u00e9rateur et ne doit pas \u00eatre recongel\u00e9.<\/p>\r\n<\/div>\r\n<\/div>\r\n\r\n\r\n","protected":false},"excerpt":{"rendered":"<p>Juste du \u00ablait\u00bb? Pas du tout! Les recherches intensives et  [&#8230;]<\/p>\n","protected":false},"author":9,"featured_media":20064,"comment_status":"closed","ping_status":"closed","sticky":false,"template":"","format":"standard","meta":{"_acf_changed":false,"footnotes":""},"categories":[769,778],"tags":[],"class_list":["post-21335","post","type-post","status-publish","format-standard","has-post-thumbnail","hentry","category-alimentation","category-bebes"],"acf":[],"yoast_head":"<!-- This site is optimized with the Yoast SEO plugin v27.0 - https:\/\/yoast.com\/product\/yoast-seo-wordpress\/ -->\n<title>Lait pour b\u00e9b\u00e9 \u00abhigh-tech\u00bb - Astrea Aptheke<\/title>\n<meta name=\"robots\" content=\"index, follow, max-snippet:-1, max-image-preview:large, max-video-preview:-1\" \/>\n<link rel=\"canonical\" href=\"https:\/\/astrea-apotheke.ch\/fr\/lait-pour-bebe-high-tech\/\" \/>\n<meta property=\"og:locale\" content=\"fr_FR\" \/>\n<meta property=\"og:type\" content=\"article\" \/>\n<meta property=\"og:title\" content=\"Lait pour b\u00e9b\u00e9 \u00abhigh-tech\u00bb - Astrea Aptheke\" \/>\n<meta property=\"og:description\" content=\"Juste du \u00ablait\u00bb? Pas du tout! Les recherches intensives et [...]\" \/>\n<meta property=\"og:url\" content=\"https:\/\/astrea-apotheke.ch\/fr\/lait-pour-bebe-high-tech\/\" \/>\n<meta property=\"og:site_name\" content=\"Astrea Aptheke\" \/>\n<meta property=\"article:published_time\" content=\"2023-08-22T13:22:24+00:00\" \/>\n<meta property=\"article:modified_time\" content=\"2024-12-29T18:26:48+00:00\" \/>\n<meta property=\"og:image\" content=\"https:\/\/astrea-apotheke.ch\/wp-content\/uploads\/2023\/08\/2309_Christiane_schittny_Babymilch_5_-AdobeStock_582900190_\u00a9geargodz-1-1.jpg\" \/>\n\t<meta property=\"og:image:width\" content=\"2000\" \/>\n\t<meta property=\"og:image:height\" content=\"1333\" \/>\n\t<meta property=\"og:image:type\" content=\"image\/jpeg\" \/>\n<meta name=\"author\" content=\"Christiane Schittny\" \/>\n<meta name=\"twitter:card\" content=\"summary_large_image\" \/>\n<meta name=\"twitter:label1\" content=\"\u00c9crit par\" \/>\n\t<meta name=\"twitter:data1\" content=\"Christiane Schittny\" \/>\n\t<meta name=\"twitter:label2\" content=\"Dur\u00e9e de lecture estim\u00e9e\" \/>\n\t<meta name=\"twitter:data2\" content=\"5 minutes\" \/>\n<script type=\"application\/ld+json\" class=\"yoast-schema-graph\">{\"@context\":\"https:\/\/schema.org\",\"@graph\":[{\"@type\":\"Article\",\"@id\":\"https:\/\/astrea-apotheke.ch\/fr\/lait-pour-bebe-high-tech\/#article\",\"isPartOf\":{\"@id\":\"https:\/\/astrea-apotheke.ch\/fr\/lait-pour-bebe-high-tech\/\"},\"author\":{\"name\":\"Christiane Schittny\",\"@id\":\"https:\/\/astrea-apotheke.ch\/fr\/#\/schema\/person\/cd5ab8efe66db7e5bd62df7524a5c008\"},\"headline\":\"Lait pour b\u00e9b\u00e9 \u00abhigh-tech\u00bb\",\"datePublished\":\"2023-08-22T13:22:24+00:00\",\"dateModified\":\"2024-12-29T18:26:48+00:00\",\"mainEntityOfPage\":{\"@id\":\"https:\/\/astrea-apotheke.ch\/fr\/lait-pour-bebe-high-tech\/\"},\"wordCount\":965,\"publisher\":{\"@id\":\"https:\/\/astrea-apotheke.ch\/fr\/#organization\"},\"image\":{\"@id\":\"https:\/\/astrea-apotheke.ch\/fr\/lait-pour-bebe-high-tech\/#primaryimage\"},\"thumbnailUrl\":\"https:\/\/astrea-apotheke.ch\/wp-content\/uploads\/2023\/08\/2309_Christiane_schittny_Babymilch_5_-AdobeStock_582900190_\u00a9geargodz-1-1.jpg\",\"articleSection\":[\"Alimentation\",\"B\u00e9b\u00e9s\"],\"inLanguage\":\"fr-FR\"},{\"@type\":\"WebPage\",\"@id\":\"https:\/\/astrea-apotheke.ch\/fr\/lait-pour-bebe-high-tech\/\",\"url\":\"https:\/\/astrea-apotheke.ch\/fr\/lait-pour-bebe-high-tech\/\",\"name\":\"Lait pour b\u00e9b\u00e9 \u00abhigh-tech\u00bb - Astrea Aptheke\",\"isPartOf\":{\"@id\":\"https:\/\/astrea-apotheke.ch\/fr\/#website\"},\"primaryImageOfPage\":{\"@id\":\"https:\/\/astrea-apotheke.ch\/fr\/lait-pour-bebe-high-tech\/#primaryimage\"},\"image\":{\"@id\":\"https:\/\/astrea-apotheke.ch\/fr\/lait-pour-bebe-high-tech\/#primaryimage\"},\"thumbnailUrl\":\"https:\/\/astrea-apotheke.ch\/wp-content\/uploads\/2023\/08\/2309_Christiane_schittny_Babymilch_5_-AdobeStock_582900190_\u00a9geargodz-1-1.jpg\",\"datePublished\":\"2023-08-22T13:22:24+00:00\",\"dateModified\":\"2024-12-29T18:26:48+00:00\",\"breadcrumb\":{\"@id\":\"https:\/\/astrea-apotheke.ch\/fr\/lait-pour-bebe-high-tech\/#breadcrumb\"},\"inLanguage\":\"fr-FR\",\"potentialAction\":[{\"@type\":\"ReadAction\",\"target\":[\"https:\/\/astrea-apotheke.ch\/fr\/lait-pour-bebe-high-tech\/\"]}]},{\"@type\":\"ImageObject\",\"inLanguage\":\"fr-FR\",\"@id\":\"https:\/\/astrea-apotheke.ch\/fr\/lait-pour-bebe-high-tech\/#primaryimage\",\"url\":\"https:\/\/astrea-apotheke.ch\/wp-content\/uploads\/2023\/08\/2309_Christiane_schittny_Babymilch_5_-AdobeStock_582900190_\u00a9geargodz-1-1.jpg\",\"contentUrl\":\"https:\/\/astrea-apotheke.ch\/wp-content\/uploads\/2023\/08\/2309_Christiane_schittny_Babymilch_5_-AdobeStock_582900190_\u00a9geargodz-1-1.jpg\",\"width\":2000,\"height\":1333,\"caption\":\"\u00a9 Geargodz | stock.adobe.com\"},{\"@type\":\"BreadcrumbList\",\"@id\":\"https:\/\/astrea-apotheke.ch\/fr\/lait-pour-bebe-high-tech\/#breadcrumb\",\"itemListElement\":[{\"@type\":\"ListItem\",\"position\":1,\"name\":\"Startseite\",\"item\":\"https:\/\/astrea-apotheke.ch\/fr\/\"},{\"@type\":\"ListItem\",\"position\":2,\"name\":\"Lait pour b\u00e9b\u00e9 \u00abhigh-tech\u00bb\"}]},{\"@type\":\"WebSite\",\"@id\":\"https:\/\/astrea-apotheke.ch\/fr\/#website\",\"url\":\"https:\/\/astrea-apotheke.ch\/fr\/\",\"name\":\"astrea Bulletin\",\"description\":\"Gesundheitsmagazin\",\"publisher\":{\"@id\":\"https:\/\/astrea-apotheke.ch\/fr\/#organization\"},\"potentialAction\":[{\"@type\":\"SearchAction\",\"target\":{\"@type\":\"EntryPoint\",\"urlTemplate\":\"https:\/\/astrea-apotheke.ch\/fr\/?s={search_term_string}\"},\"query-input\":{\"@type\":\"PropertyValueSpecification\",\"valueRequired\":true,\"valueName\":\"search_term_string\"}}],\"inLanguage\":\"fr-FR\"},{\"@type\":\"Organization\",\"@id\":\"https:\/\/astrea-apotheke.ch\/fr\/#organization\",\"name\":\"astrea Bulletin\",\"url\":\"https:\/\/astrea-apotheke.ch\/fr\/\",\"logo\":{\"@type\":\"ImageObject\",\"inLanguage\":\"fr-FR\",\"@id\":\"https:\/\/astrea-apotheke.ch\/fr\/#\/schema\/logo\/image\/\",\"url\":\"http:\/\/apotheke.astrea-bulletin.ch\/wp-content\/uploads\/2024\/08\/Logo_Astrea-Bulletin_RGB.jpg\",\"contentUrl\":\"http:\/\/apotheke.astrea-bulletin.ch\/wp-content\/uploads\/2024\/08\/Logo_Astrea-Bulletin_RGB.jpg\",\"width\":1429,\"height\":560,\"caption\":\"astrea Bulletin\"},\"image\":{\"@id\":\"https:\/\/astrea-apotheke.ch\/fr\/#\/schema\/logo\/image\/\"}},{\"@type\":\"Person\",\"@id\":\"https:\/\/astrea-apotheke.ch\/fr\/#\/schema\/person\/cd5ab8efe66db7e5bd62df7524a5c008\",\"name\":\"Christiane Schittny\",\"image\":{\"@type\":\"ImageObject\",\"inLanguage\":\"fr-FR\",\"@id\":\"https:\/\/astrea-apotheke.ch\/fr\/#\/schema\/person\/image\/\",\"url\":\"https:\/\/secure.gravatar.com\/avatar\/441ed32aea1733471c7219614c31cd8a9a8146effa244e5edc5a003b3c519971?s=96&d=mm&r=g\",\"contentUrl\":\"https:\/\/secure.gravatar.com\/avatar\/441ed32aea1733471c7219614c31cd8a9a8146effa244e5edc5a003b3c519971?s=96&d=mm&r=g\",\"caption\":\"Christiane Schittny\"},\"url\":\"https:\/\/astrea-apotheke.ch\/fr\/author\/christiane-schittny\/\"}]}<\/script>\n<!-- \/ Yoast SEO plugin. -->","yoast_head_json":{"title":"Lait pour b\u00e9b\u00e9 \u00abhigh-tech\u00bb - Astrea Aptheke","robots":{"index":"index","follow":"follow","max-snippet":"max-snippet:-1","max-image-preview":"max-image-preview:large","max-video-preview":"max-video-preview:-1"},"canonical":"https:\/\/astrea-apotheke.ch\/fr\/lait-pour-bebe-high-tech\/","og_locale":"fr_FR","og_type":"article","og_title":"Lait pour b\u00e9b\u00e9 \u00abhigh-tech\u00bb - Astrea Aptheke","og_description":"Juste du \u00ablait\u00bb? Pas du tout! Les recherches intensives et [...]","og_url":"https:\/\/astrea-apotheke.ch\/fr\/lait-pour-bebe-high-tech\/","og_site_name":"Astrea Aptheke","article_published_time":"2023-08-22T13:22:24+00:00","article_modified_time":"2024-12-29T18:26:48+00:00","og_image":[{"width":2000,"height":1333,"url":"https:\/\/astrea-apotheke.ch\/wp-content\/uploads\/2023\/08\/2309_Christiane_schittny_Babymilch_5_-AdobeStock_582900190_\u00a9geargodz-1-1.jpg","type":"image\/jpeg"}],"author":"Christiane Schittny","twitter_card":"summary_large_image","twitter_misc":{"\u00c9crit par":"Christiane Schittny","Dur\u00e9e de lecture estim\u00e9e":"5 minutes"},"schema":{"@context":"https:\/\/schema.org","@graph":[{"@type":"Article","@id":"https:\/\/astrea-apotheke.ch\/fr\/lait-pour-bebe-high-tech\/#article","isPartOf":{"@id":"https:\/\/astrea-apotheke.ch\/fr\/lait-pour-bebe-high-tech\/"},"author":{"name":"Christiane Schittny","@id":"https:\/\/astrea-apotheke.ch\/fr\/#\/schema\/person\/cd5ab8efe66db7e5bd62df7524a5c008"},"headline":"Lait pour b\u00e9b\u00e9 \u00abhigh-tech\u00bb","datePublished":"2023-08-22T13:22:24+00:00","dateModified":"2024-12-29T18:26:48+00:00","mainEntityOfPage":{"@id":"https:\/\/astrea-apotheke.ch\/fr\/lait-pour-bebe-high-tech\/"},"wordCount":965,"publisher":{"@id":"https:\/\/astrea-apotheke.ch\/fr\/#organization"},"image":{"@id":"https:\/\/astrea-apotheke.ch\/fr\/lait-pour-bebe-high-tech\/#primaryimage"},"thumbnailUrl":"https:\/\/astrea-apotheke.ch\/wp-content\/uploads\/2023\/08\/2309_Christiane_schittny_Babymilch_5_-AdobeStock_582900190_\u00a9geargodz-1-1.jpg","articleSection":["Alimentation","B\u00e9b\u00e9s"],"inLanguage":"fr-FR"},{"@type":"WebPage","@id":"https:\/\/astrea-apotheke.ch\/fr\/lait-pour-bebe-high-tech\/","url":"https:\/\/astrea-apotheke.ch\/fr\/lait-pour-bebe-high-tech\/","name":"Lait pour b\u00e9b\u00e9 \u00abhigh-tech\u00bb - Astrea Aptheke","isPartOf":{"@id":"https:\/\/astrea-apotheke.ch\/fr\/#website"},"primaryImageOfPage":{"@id":"https:\/\/astrea-apotheke.ch\/fr\/lait-pour-bebe-high-tech\/#primaryimage"},"image":{"@id":"https:\/\/astrea-apotheke.ch\/fr\/lait-pour-bebe-high-tech\/#primaryimage"},"thumbnailUrl":"https:\/\/astrea-apotheke.ch\/wp-content\/uploads\/2023\/08\/2309_Christiane_schittny_Babymilch_5_-AdobeStock_582900190_\u00a9geargodz-1-1.jpg","datePublished":"2023-08-22T13:22:24+00:00","dateModified":"2024-12-29T18:26:48+00:00","breadcrumb":{"@id":"https:\/\/astrea-apotheke.ch\/fr\/lait-pour-bebe-high-tech\/#breadcrumb"},"inLanguage":"fr-FR","potentialAction":[{"@type":"ReadAction","target":["https:\/\/astrea-apotheke.ch\/fr\/lait-pour-bebe-high-tech\/"]}]},{"@type":"ImageObject","inLanguage":"fr-FR","@id":"https:\/\/astrea-apotheke.ch\/fr\/lait-pour-bebe-high-tech\/#primaryimage","url":"https:\/\/astrea-apotheke.ch\/wp-content\/uploads\/2023\/08\/2309_Christiane_schittny_Babymilch_5_-AdobeStock_582900190_\u00a9geargodz-1-1.jpg","contentUrl":"https:\/\/astrea-apotheke.ch\/wp-content\/uploads\/2023\/08\/2309_Christiane_schittny_Babymilch_5_-AdobeStock_582900190_\u00a9geargodz-1-1.jpg","width":2000,"height":1333,"caption":"\u00a9 Geargodz | stock.adobe.com"},{"@type":"BreadcrumbList","@id":"https:\/\/astrea-apotheke.ch\/fr\/lait-pour-bebe-high-tech\/#breadcrumb","itemListElement":[{"@type":"ListItem","position":1,"name":"Startseite","item":"https:\/\/astrea-apotheke.ch\/fr\/"},{"@type":"ListItem","position":2,"name":"Lait pour b\u00e9b\u00e9 \u00abhigh-tech\u00bb"}]},{"@type":"WebSite","@id":"https:\/\/astrea-apotheke.ch\/fr\/#website","url":"https:\/\/astrea-apotheke.ch\/fr\/","name":"astrea Bulletin","description":"Gesundheitsmagazin","publisher":{"@id":"https:\/\/astrea-apotheke.ch\/fr\/#organization"},"potentialAction":[{"@type":"SearchAction","target":{"@type":"EntryPoint","urlTemplate":"https:\/\/astrea-apotheke.ch\/fr\/?s={search_term_string}"},"query-input":{"@type":"PropertyValueSpecification","valueRequired":true,"valueName":"search_term_string"}}],"inLanguage":"fr-FR"},{"@type":"Organization","@id":"https:\/\/astrea-apotheke.ch\/fr\/#organization","name":"astrea Bulletin","url":"https:\/\/astrea-apotheke.ch\/fr\/","logo":{"@type":"ImageObject","inLanguage":"fr-FR","@id":"https:\/\/astrea-apotheke.ch\/fr\/#\/schema\/logo\/image\/","url":"http:\/\/apotheke.astrea-bulletin.ch\/wp-content\/uploads\/2024\/08\/Logo_Astrea-Bulletin_RGB.jpg","contentUrl":"http:\/\/apotheke.astrea-bulletin.ch\/wp-content\/uploads\/2024\/08\/Logo_Astrea-Bulletin_RGB.jpg","width":1429,"height":560,"caption":"astrea Bulletin"},"image":{"@id":"https:\/\/astrea-apotheke.ch\/fr\/#\/schema\/logo\/image\/"}},{"@type":"Person","@id":"https:\/\/astrea-apotheke.ch\/fr\/#\/schema\/person\/cd5ab8efe66db7e5bd62df7524a5c008","name":"Christiane Schittny","image":{"@type":"ImageObject","inLanguage":"fr-FR","@id":"https:\/\/astrea-apotheke.ch\/fr\/#\/schema\/person\/image\/","url":"https:\/\/secure.gravatar.com\/avatar\/441ed32aea1733471c7219614c31cd8a9a8146effa244e5edc5a003b3c519971?s=96&d=mm&r=g","contentUrl":"https:\/\/secure.gravatar.com\/avatar\/441ed32aea1733471c7219614c31cd8a9a8146effa244e5edc5a003b3c519971?s=96&d=mm&r=g","caption":"Christiane Schittny"},"url":"https:\/\/astrea-apotheke.ch\/fr\/author\/christiane-schittny\/"}]}},"_links":{"self":[{"href":"https:\/\/astrea-apotheke.ch\/fr\/wp-json\/wp\/v2\/posts\/21335","targetHints":{"allow":["GET"]}}],"collection":[{"href":"https:\/\/astrea-apotheke.ch\/fr\/wp-json\/wp\/v2\/posts"}],"about":[{"href":"https:\/\/astrea-apotheke.ch\/fr\/wp-json\/wp\/v2\/types\/post"}],"author":[{"embeddable":true,"href":"https:\/\/astrea-apotheke.ch\/fr\/wp-json\/wp\/v2\/users\/9"}],"replies":[{"embeddable":true,"href":"https:\/\/astrea-apotheke.ch\/fr\/wp-json\/wp\/v2\/comments?post=21335"}],"version-history":[{"count":2,"href":"https:\/\/astrea-apotheke.ch\/fr\/wp-json\/wp\/v2\/posts\/21335\/revisions"}],"predecessor-version":[{"id":31293,"href":"https:\/\/astrea-apotheke.ch\/fr\/wp-json\/wp\/v2\/posts\/21335\/revisions\/31293"}],"wp:featuredmedia":[{"embeddable":true,"href":"https:\/\/astrea-apotheke.ch\/fr\/wp-json\/wp\/v2\/media\/20064"}],"wp:attachment":[{"href":"https:\/\/astrea-apotheke.ch\/fr\/wp-json\/wp\/v2\/media?parent=21335"}],"wp:term":[{"taxonomy":"category","embeddable":true,"href":"https:\/\/astrea-apotheke.ch\/fr\/wp-json\/wp\/v2\/categories?post=21335"},{"taxonomy":"post_tag","embeddable":true,"href":"https:\/\/astrea-apotheke.ch\/fr\/wp-json\/wp\/v2\/tags?post=21335"}],"curies":[{"name":"wp","href":"https:\/\/api.w.org\/{rel}","templated":true}]}}