{"id":22512,"date":"2023-03-01T15:00:52","date_gmt":"2023-03-01T13:00:52","guid":{"rendered":"https:\/\/new.astrea-apotheke.ch\/darmbeschwerden\/"},"modified":"2024-12-29T21:28:00","modified_gmt":"2024-12-29T19:28:00","slug":"les-troubles-intestinaux-dans-le-collimateur","status":"publish","type":"post","link":"https:\/\/astrea-apotheke.ch\/fr\/les-troubles-intestinaux-dans-le-collimateur\/","title":{"rendered":"Les troubles intestinaux dans le collimateur"},"content":{"rendered":"<h1 style=\"font-size:51px;font-style:normal;font-weight:400; margin-bottom:var(--wp--preset--spacing--50);\" class=\"wp-block-post-title has-roboto-slab-font-family\">Les troubles intestinaux dans le collimateur<\/h1>\r\n\r\n\r\n<p class=\"has-primary-color has-text-color has-roboto-font-family\" style=\"margin-bottom: var(--wp--preset--spacing--20); font-size: 23px; line-height: 1.5;\"><em>Le syndrome de l\u2019intestin irritable fait partie des maladies intestinales les plus fr\u00e9quentes. Les sympt\u00f4mes vont des douleurs abdominales r\u00e9currentes \u00e0 la diarrh\u00e9e ou \u00e0 la constipation. L\u2019alimentation joue un r\u00f4le central dans ce syndrome, comme l\u2019explique le Professeur Andrew J. Macpherson de la Clinique de chirurgie et de m\u00e9decine visc\u00e9rale de l\u2019Inselspital de Berne.<\/em><\/p>\r\n\r\n\r\n<div style=\"font-size:14px;text-transform:uppercase; margin-bottom:var(--wp--preset--spacing--60);\" class=\"wp-block-post-author\"><div class=\"wp-block-post-author__content\"><p class=\"wp-block-post-author__name\"><a href=\"https:\/\/astrea-apotheke.ch\/fr\/author\/fabrice-mueller\/\" target=\"_self\">Fabrice M\u00fcller<\/a><\/p><\/div><\/div>\r\n\r\n\r\n<div class=\"wp-block-group is-content-justification-left\" style=\"margin-top: var(--wp--preset--spacing--60); margin-bottom: var(--wp--preset--spacing--60);\"><div class=\"wp-block-group__inner-container is-layout-constrained wp-container-core-group-is-layout-bbc3eda9 wp-block-group-is-layout-constrained\"><figure class=\"wp-block-post-featured-image\"><img decoding=\"async\" width=\"2560\" height=\"1362\" src=\"https:\/\/astrea-apotheke.ch\/wp-content\/uploads\/2023\/03\/2303_FabriceMueller_Darmbeschwerden_AdobeStock_226788693_\u00a9ipopba-scaled-2.jpg\" class=\"attachment-post-thumbnail size-post-thumbnail lazyload wp-post-image\" alt=\"\" style=\"object-fit:cover;\" srcset=\"data:image\/svg+xml,%3Csvg%20xmlns%3D%27http%3A%2F%2Fwww.w3.org%2F2000%2Fsvg%27%20width%3D%272560%27%20height%3D%271362%27%20viewBox%3D%270%200%202560%201362%27%3E%3Crect%20width%3D%272560%27%20height%3D%271362%27%20fill-opacity%3D%220%22%2F%3E%3C%2Fsvg%3E\" data-orig-src=\"https:\/\/astrea-apotheke.ch\/wp-content\/uploads\/2023\/03\/2303_FabriceMueller_Darmbeschwerden_AdobeStock_226788693_\u00a9ipopba-scaled-2.jpg\" data-srcset=\"https:\/\/astrea-apotheke.ch\/wp-content\/uploads\/2023\/03\/2303_FabriceMueller_Darmbeschwerden_AdobeStock_226788693_\u00a9ipopba-scaled-2-200x106.jpg 200w, https:\/\/astrea-apotheke.ch\/wp-content\/uploads\/2023\/03\/2303_FabriceMueller_Darmbeschwerden_AdobeStock_226788693_\u00a9ipopba-scaled-2-300x160.jpg 300w, https:\/\/astrea-apotheke.ch\/wp-content\/uploads\/2023\/03\/2303_FabriceMueller_Darmbeschwerden_AdobeStock_226788693_\u00a9ipopba-scaled-2-400x213.jpg 400w, https:\/\/astrea-apotheke.ch\/wp-content\/uploads\/2023\/03\/2303_FabriceMueller_Darmbeschwerden_AdobeStock_226788693_\u00a9ipopba-scaled-2-600x319.jpg 600w, https:\/\/astrea-apotheke.ch\/wp-content\/uploads\/2023\/03\/2303_FabriceMueller_Darmbeschwerden_AdobeStock_226788693_\u00a9ipopba-scaled-2-768x409.jpg 768w, https:\/\/astrea-apotheke.ch\/wp-content\/uploads\/2023\/03\/2303_FabriceMueller_Darmbeschwerden_AdobeStock_226788693_\u00a9ipopba-scaled-2-800x426.jpg 800w, https:\/\/astrea-apotheke.ch\/wp-content\/uploads\/2023\/03\/2303_FabriceMueller_Darmbeschwerden_AdobeStock_226788693_\u00a9ipopba-scaled-2-1024x545.jpg 1024w, https:\/\/astrea-apotheke.ch\/wp-content\/uploads\/2023\/03\/2303_FabriceMueller_Darmbeschwerden_AdobeStock_226788693_\u00a9ipopba-scaled-2-1200x638.jpg 1200w, https:\/\/astrea-apotheke.ch\/wp-content\/uploads\/2023\/03\/2303_FabriceMueller_Darmbeschwerden_AdobeStock_226788693_\u00a9ipopba-scaled-2-1536x817.jpg 1536w, https:\/\/astrea-apotheke.ch\/wp-content\/uploads\/2023\/03\/2303_FabriceMueller_Darmbeschwerden_AdobeStock_226788693_\u00a9ipopba-scaled-2.jpg 2560w\" data-sizes=\"auto\" \/><\/figure><\/div><\/div>\r\n\r\n\r\n\r\n<h2 class=\"wp-block-heading\">Les sympt\u00f4mes de l\u2019intestin irritable sont-ils courants?<\/h2>\r\n\r\n\r\n\r\n<p>Prof. Andrew J. Macpherson: le syndrome de l\u2019intestin irritable ou SII est tr\u00e8s fr\u00e9quent. Le taux de pr\u00e9valence (nombre de cas dans la population) varie selon les pays mais se situe entre 10 et 16\u2009%. Il est plus \u00e9lev\u00e9 chez les plus jeunes que chez les plus \u00e2g\u00e9s, chez les femmes que chez les hommes.<\/p>\r\n\r\n\r\n\r\n<h2 class=\"wp-block-heading\">Quelles sont les caract\u00e9ristiques de ce probl\u00e8me de sant\u00e9?<\/h2>\r\n\r\n\r\n\r\n<p>Le diagnostic se fait selon des crit\u00e8res standardis\u00e9s (appel\u00e9s Rome IV). On parle de syndrome de l\u2019intestin irritable quand, sur les trois derniers mois, le\/la patient(e) a souffert au moins un jour par semaine de douleurs abdominales r\u00e9currentes, associ\u00e9es \u00e0 la d\u00e9f\u00e9cation, \u00e0 la fr\u00e9quence des selles et\/ou \u00e0 une modification de leur apparence.<\/p>\r\n\r\n\r\n\r\n<h2 class=\"wp-block-heading\">Cette maladie de l\u2019intestin est-elle facile \u00e0 diagnostiquer?<\/h2>\r\n\r\n\r\n\r\n<p>Pour autant que le\/la patient(e) r\u00e9ponde aux crit\u00e8res ci-dessus et que l\u2019examen clinique ne r\u00e9v\u00e8le pas d\u2019anomalies, les autres diagnostics possibles sont exclus \u00e0 l\u2019aide d\u2019analyses sanguines et d\u2019une coloscopie [examen endoscopique de l\u2019intestin] avec biopsie de la muqueuse. En Suisse, on r\u00e9alise aussi g\u00e9n\u00e9ralement une analyse de selles pour doser la calprotectine f\u00e9cale, qui est un bon indicateur pour exclure toute inflammation significative de l\u2019intestin. Tous ces tests doivent \u00eatre normaux pour confirmer le diagnostic d\u2019intestin irritable.<\/p>\r\n\r\n\r\n\r\n<h2 class=\"wp-block-heading\">Existe-t-il des maladies intestinales comparables avec des sympt\u00f4mes similaires?<\/h2>\r\n\r\n\r\n\r\n<p>Selon que le\/la patient(e) souffre principalement de diarrh\u00e9es ou de constipation, il existe diff\u00e9rents sous-groupes de SII.<br \/>Il peut aussi y avoir un m\u00e9lange de ces sympt\u00f4mes. Les crit\u00e8res de diagnostic sont assez rigoureux. Malgr\u00e9 cela, beaucoup de m\u00e9decins diagnostiquent un SII alors que d\u2019autres troubles existent \u2013 par exemple la constipation fonctionnelle (Rome IV C2), la diarrh\u00e9e fonctionnelle (Rome IV C3) et la distension\/le ballonnement fonctionnel (Rome IV C4). Dans ces cas, les douleurs abdominales ne sont g\u00e9n\u00e9ralement pas le sympt\u00f4me principal. Les sympt\u00f4mes de l\u2019intestin irritable peuvent bien s\u00fbr aussi \u00eatre confondus avec ceux du cancer du c\u00f4lon, d\u2019o\u00f9 toute l\u2019importance des examens.<\/p>\r\n\r\n\r\n\r\n<h2 class=\"wp-block-heading\">Que sait-on des causes de ce syndrome?<\/h2>\r\n\r\n\r\n\r\n<p>On consid\u00e8re g\u00e9n\u00e9ralement qu\u2019il s\u2019agit d\u2019une sensibilit\u00e9 particuli\u00e8re aux douleurs intestinales. Elle peut survenir apr\u00e8s une infection intestinale et il existe des facteurs de susceptibilit\u00e9 g\u00e9n\u00e9tiques. Chez les patients qui pr\u00e9sentent la forme \u00e0 pr\u00e9dominance de diarrh\u00e9e, il peut y avoir une sensibilit\u00e9 exacerb\u00e9e \u00e0 la s\u00e9rotonine ou une lib\u00e9ration de cette hormone tissulaire dans l\u2019intestin. Par ailleurs, certains aliments difficiles \u00e0 dig\u00e9rer ou les micro-organismes qui forment le microbiote (microbiome intestinal, voir encadr\u00e9) jouent possiblement un r\u00f4le.<\/p>\r\n\r\n\r\n\r\n<h2 class=\"wp-block-heading\">Que faut-il faire en cas de probl\u00e8mes intestinaux?<\/h2>\r\n\r\n\r\n\r\n<p>Les personnes qui souffrent de ces sympt\u00f4mes doivent consulter, car il est indispensable d\u2019exclure des maladies graves comme une tumeur de l\u2019intestin.<\/p>\r\n\r\n\r\n\r\n<h2 class=\"wp-block-heading\">Quels sont les traitements disponibles pour traiter l\u2019intestin irritable?<\/h2>\r\n\r\n\r\n\r\n<p>On peut mettre en place toute une s\u00e9rie de mesures, \u00e0 commencer par un changement de mode de vie et d\u2019alimentation. On peut \u00e9galement utiliser les antidouleurs, les antid\u00e9presseurs et les antispasmodiques. Les m\u00e9dicaments syst\u00e9miques (qui agissent via la circulation sanguine) comprennent les antagonistes des r\u00e9cepteurs 5-HT3 et les agonistes des r\u00e9cepteurs 5-HT4 de la s\u00e9rotonine. Nous recommandons aussi des compl\u00e9ments de fibres et \u2013 selon les personnes \u2013 la consultation d\u2019un(e) di\u00e9t\u00e9ticien(ne).<\/p>\r\n\r\n\r\n\r\n<h2 class=\"wp-block-heading\">Quelles sont les chances de succ\u00e8s des traitements?<\/h2>\r\n\r\n\r\n\r\n<p>Ce n\u2019est pas un probl\u00e8me de sant\u00e9 grave dans le sens o\u00f9 ses sympt\u00f4mes r\u00e9duiraient la dur\u00e9e de vie. Cependant, les sympt\u00f4mes sont souvent tr\u00e8s g\u00eanants pendant de tr\u00e8s longues ann\u00e9es et impactent n\u00e9gativement la qualit\u00e9 de vie.<\/p>\r\n\r\n\r\n\r\n<p><a href=\"https:\/\/bauchzentrum-bern.ch\" target=\"_blank\" rel=\"noreferrer noopener\">bauchzentrum-bern.ch<\/a><\/p>\r\n\r\n\r\n\r\n<div class=\"wp-block-columns is-layout-flex wp-container-core-columns-is-layout-a80d5108 wp-block-columns-is-layout-flex\" style=\"margin-top: 60px; margin-bottom: 50px;\">\r\n<div class=\"wp-block-column has-background is-layout-flow wp-block-column-is-layout-flow\" style=\"background-color: #f1f2f4; flex-basis: 800px; padding: var(--wp--preset--spacing--70);\">\r\n<h2 class=\"wp-block-heading\" style=\"margin-top: var(--wp--preset--spacing--20); margin-bottom: var(--wp--preset--spacing--50); margin-left: 0; font-size: 23px;\"><strong><strong>Le r\u00f4le du microbiome intestinal<\/strong><\/strong><\/h2>\r\n\r\n\r\n\r\n<p>L\u2019ensemble des micro-organismes et des bact\u00e9ries intestinales b\u00e9n\u00e9fiques pour la sant\u00e9 ainsi que leur g\u00e9nome (patrimoine g\u00e9n\u00e9tique) est appel\u00e9 microbiome intestinal. Chaque microbiome a son propre m\u00e9lange de bact\u00e9ries, champignons, virus et arch\u00e9es et diff\u00e8re donc d\u2019une personne \u00e0 l\u2019autre. Selon les \u00e9tudes cliniques r\u00e9centes, la composition individuelle d\u00e9pend en grande partie de notre alimentation. Celle-ci soutient notamment le microbiome intestinal \u00e0 l\u2019aide de \u00abbonnes\u00bb bact\u00e9ries comme les lactobacilles, principalement pr\u00e9sents dans les produits laitiers ou les compl\u00e9ments alimentaires. Une alimentation trop riche en viande rouge, par exemple, aura par contre un impact n\u00e9gatif sur le microbiome. Si quelque chose vient d\u00e9s\u00e9quilibrer le microbiome, des bact\u00e9ries nocives peuvent entra\u00eener des inflammations et des maladies digestives. Mais ce n\u2019est pas tout: si l\u2019on d\u00e9couvre trop tard un tel d\u00e9s\u00e9quilibre, il n\u2019est pas rare de voir appara\u00eetre d\u2019autres sympt\u00f4mes comme une sensation d\u2019abattement et d\u2019\u00e9puisement, une irritabilit\u00e9, des maux de t\u00eate et une d\u00e9pression. On pense aussi qu\u2019il pourrait favoriser des maladies comme le syndrome de l\u2019intestin irritable et les troubles du m\u00e9tabolisme. (fm)<\/p>\r\n<\/div>\r\n<\/div>\r\n\r\n\r\n","protected":false},"excerpt":{"rendered":"<p>Le syndrome de l\u2019intestin irritable fait partie des maladies intestinales  [&#8230;]<\/p>\n","protected":false},"author":16,"featured_media":22404,"comment_status":"closed","ping_status":"closed","sticky":false,"template":"","format":"standard","meta":{"_acf_changed":false,"footnotes":""},"categories":[775],"tags":[],"class_list":["post-22512","post","type-post","status-publish","format-standard","has-post-thumbnail","hentry","category-sante-des-organes"],"acf":[],"yoast_head":"<!-- This site is optimized with the Yoast SEO plugin v27.0 - https:\/\/yoast.com\/product\/yoast-seo-wordpress\/ -->\n<title>Les troubles intestinaux dans le collimateur - Astrea Aptheke<\/title>\n<meta name=\"robots\" content=\"index, follow, max-snippet:-1, max-image-preview:large, max-video-preview:-1\" \/>\n<link rel=\"canonical\" href=\"https:\/\/astrea-apotheke.ch\/fr\/les-troubles-intestinaux-dans-le-collimateur\/\" \/>\n<meta property=\"og:locale\" content=\"fr_FR\" \/>\n<meta property=\"og:type\" content=\"article\" \/>\n<meta property=\"og:title\" content=\"Les troubles intestinaux dans le collimateur - Astrea Aptheke\" \/>\n<meta property=\"og:description\" content=\"Le syndrome de l\u2019intestin irritable fait partie des maladies intestinales [...]\" \/>\n<meta property=\"og:url\" content=\"https:\/\/astrea-apotheke.ch\/fr\/les-troubles-intestinaux-dans-le-collimateur\/\" \/>\n<meta property=\"og:site_name\" content=\"Astrea Aptheke\" \/>\n<meta property=\"article:published_time\" content=\"2023-03-01T13:00:52+00:00\" \/>\n<meta property=\"article:modified_time\" content=\"2024-12-29T19:28:00+00:00\" \/>\n<meta property=\"og:image\" content=\"https:\/\/astrea-apotheke.ch\/wp-content\/uploads\/2023\/03\/2303_FabriceMueller_Darmbeschwerden_AdobeStock_226788693_\u00a9ipopba-scaled-2.jpg\" \/>\n\t<meta property=\"og:image:width\" content=\"2560\" \/>\n\t<meta property=\"og:image:height\" content=\"1362\" \/>\n\t<meta property=\"og:image:type\" content=\"image\/jpeg\" \/>\n<meta name=\"author\" content=\"Fabrice M\u00fcller\" \/>\n<meta name=\"twitter:card\" content=\"summary_large_image\" \/>\n<meta name=\"twitter:label1\" content=\"\u00c9crit par\" \/>\n\t<meta name=\"twitter:data1\" content=\"Fabrice M\u00fcller\" \/>\n\t<meta name=\"twitter:label2\" content=\"Dur\u00e9e de lecture estim\u00e9e\" \/>\n\t<meta name=\"twitter:data2\" content=\"5 minutes\" \/>\n<script type=\"application\/ld+json\" class=\"yoast-schema-graph\">{\"@context\":\"https:\/\/schema.org\",\"@graph\":[{\"@type\":\"Article\",\"@id\":\"https:\/\/astrea-apotheke.ch\/fr\/les-troubles-intestinaux-dans-le-collimateur\/#article\",\"isPartOf\":{\"@id\":\"https:\/\/astrea-apotheke.ch\/fr\/les-troubles-intestinaux-dans-le-collimateur\/\"},\"author\":{\"name\":\"Fabrice M\u00fcller\",\"@id\":\"https:\/\/astrea-apotheke.ch\/fr\/#\/schema\/person\/0de062bc599357951bda5ac86a60717d\"},\"headline\":\"Les troubles intestinaux dans le collimateur\",\"datePublished\":\"2023-03-01T13:00:52+00:00\",\"dateModified\":\"2024-12-29T19:28:00+00:00\",\"mainEntityOfPage\":{\"@id\":\"https:\/\/astrea-apotheke.ch\/fr\/les-troubles-intestinaux-dans-le-collimateur\/\"},\"wordCount\":953,\"publisher\":{\"@id\":\"https:\/\/astrea-apotheke.ch\/fr\/#organization\"},\"image\":{\"@id\":\"https:\/\/astrea-apotheke.ch\/fr\/les-troubles-intestinaux-dans-le-collimateur\/#primaryimage\"},\"thumbnailUrl\":\"https:\/\/astrea-apotheke.ch\/wp-content\/uploads\/2023\/03\/2303_FabriceMueller_Darmbeschwerden_AdobeStock_226788693_\u00a9ipopba-scaled-2.jpg\",\"articleSection\":[\"Sant\u00e9 des organes\"],\"inLanguage\":\"fr-FR\"},{\"@type\":\"WebPage\",\"@id\":\"https:\/\/astrea-apotheke.ch\/fr\/les-troubles-intestinaux-dans-le-collimateur\/\",\"url\":\"https:\/\/astrea-apotheke.ch\/fr\/les-troubles-intestinaux-dans-le-collimateur\/\",\"name\":\"Les troubles intestinaux dans le collimateur - Astrea Aptheke\",\"isPartOf\":{\"@id\":\"https:\/\/astrea-apotheke.ch\/fr\/#website\"},\"primaryImageOfPage\":{\"@id\":\"https:\/\/astrea-apotheke.ch\/fr\/les-troubles-intestinaux-dans-le-collimateur\/#primaryimage\"},\"image\":{\"@id\":\"https:\/\/astrea-apotheke.ch\/fr\/les-troubles-intestinaux-dans-le-collimateur\/#primaryimage\"},\"thumbnailUrl\":\"https:\/\/astrea-apotheke.ch\/wp-content\/uploads\/2023\/03\/2303_FabriceMueller_Darmbeschwerden_AdobeStock_226788693_\u00a9ipopba-scaled-2.jpg\",\"datePublished\":\"2023-03-01T13:00:52+00:00\",\"dateModified\":\"2024-12-29T19:28:00+00:00\",\"breadcrumb\":{\"@id\":\"https:\/\/astrea-apotheke.ch\/fr\/les-troubles-intestinaux-dans-le-collimateur\/#breadcrumb\"},\"inLanguage\":\"fr-FR\",\"potentialAction\":[{\"@type\":\"ReadAction\",\"target\":[\"https:\/\/astrea-apotheke.ch\/fr\/les-troubles-intestinaux-dans-le-collimateur\/\"]}]},{\"@type\":\"ImageObject\",\"inLanguage\":\"fr-FR\",\"@id\":\"https:\/\/astrea-apotheke.ch\/fr\/les-troubles-intestinaux-dans-le-collimateur\/#primaryimage\",\"url\":\"https:\/\/astrea-apotheke.ch\/wp-content\/uploads\/2023\/03\/2303_FabriceMueller_Darmbeschwerden_AdobeStock_226788693_\u00a9ipopba-scaled-2.jpg\",\"contentUrl\":\"https:\/\/astrea-apotheke.ch\/wp-content\/uploads\/2023\/03\/2303_FabriceMueller_Darmbeschwerden_AdobeStock_226788693_\u00a9ipopba-scaled-2.jpg\",\"width\":2560,\"height\":1362,\"caption\":\"\u00a9 ipopba | stock.adobe.com\"},{\"@type\":\"BreadcrumbList\",\"@id\":\"https:\/\/astrea-apotheke.ch\/fr\/les-troubles-intestinaux-dans-le-collimateur\/#breadcrumb\",\"itemListElement\":[{\"@type\":\"ListItem\",\"position\":1,\"name\":\"Startseite\",\"item\":\"https:\/\/astrea-apotheke.ch\/fr\/\"},{\"@type\":\"ListItem\",\"position\":2,\"name\":\"Les troubles intestinaux dans le collimateur\"}]},{\"@type\":\"WebSite\",\"@id\":\"https:\/\/astrea-apotheke.ch\/fr\/#website\",\"url\":\"https:\/\/astrea-apotheke.ch\/fr\/\",\"name\":\"astrea Bulletin\",\"description\":\"Gesundheitsmagazin\",\"publisher\":{\"@id\":\"https:\/\/astrea-apotheke.ch\/fr\/#organization\"},\"potentialAction\":[{\"@type\":\"SearchAction\",\"target\":{\"@type\":\"EntryPoint\",\"urlTemplate\":\"https:\/\/astrea-apotheke.ch\/fr\/?s={search_term_string}\"},\"query-input\":{\"@type\":\"PropertyValueSpecification\",\"valueRequired\":true,\"valueName\":\"search_term_string\"}}],\"inLanguage\":\"fr-FR\"},{\"@type\":\"Organization\",\"@id\":\"https:\/\/astrea-apotheke.ch\/fr\/#organization\",\"name\":\"astrea Bulletin\",\"url\":\"https:\/\/astrea-apotheke.ch\/fr\/\",\"logo\":{\"@type\":\"ImageObject\",\"inLanguage\":\"fr-FR\",\"@id\":\"https:\/\/astrea-apotheke.ch\/fr\/#\/schema\/logo\/image\/\",\"url\":\"http:\/\/apotheke.astrea-bulletin.ch\/wp-content\/uploads\/2024\/08\/Logo_Astrea-Bulletin_RGB.jpg\",\"contentUrl\":\"http:\/\/apotheke.astrea-bulletin.ch\/wp-content\/uploads\/2024\/08\/Logo_Astrea-Bulletin_RGB.jpg\",\"width\":1429,\"height\":560,\"caption\":\"astrea Bulletin\"},\"image\":{\"@id\":\"https:\/\/astrea-apotheke.ch\/fr\/#\/schema\/logo\/image\/\"}},{\"@type\":\"Person\",\"@id\":\"https:\/\/astrea-apotheke.ch\/fr\/#\/schema\/person\/0de062bc599357951bda5ac86a60717d\",\"name\":\"Fabrice M\u00fcller\",\"image\":{\"@type\":\"ImageObject\",\"inLanguage\":\"fr-FR\",\"@id\":\"https:\/\/astrea-apotheke.ch\/fr\/#\/schema\/person\/image\/\",\"url\":\"https:\/\/secure.gravatar.com\/avatar\/fb47194c784c9688002d70073b750b801f99f2500fc1909904880af3eb6cec84?s=96&d=mm&r=g\",\"contentUrl\":\"https:\/\/secure.gravatar.com\/avatar\/fb47194c784c9688002d70073b750b801f99f2500fc1909904880af3eb6cec84?s=96&d=mm&r=g\",\"caption\":\"Fabrice M\u00fcller\"},\"url\":\"https:\/\/astrea-apotheke.ch\/fr\/author\/fabrice-mueller\/\"}]}<\/script>\n<!-- \/ Yoast SEO plugin. -->","yoast_head_json":{"title":"Les troubles intestinaux dans le collimateur - Astrea Aptheke","robots":{"index":"index","follow":"follow","max-snippet":"max-snippet:-1","max-image-preview":"max-image-preview:large","max-video-preview":"max-video-preview:-1"},"canonical":"https:\/\/astrea-apotheke.ch\/fr\/les-troubles-intestinaux-dans-le-collimateur\/","og_locale":"fr_FR","og_type":"article","og_title":"Les troubles intestinaux dans le collimateur - Astrea Aptheke","og_description":"Le syndrome de l\u2019intestin irritable fait partie des maladies intestinales [...]","og_url":"https:\/\/astrea-apotheke.ch\/fr\/les-troubles-intestinaux-dans-le-collimateur\/","og_site_name":"Astrea Aptheke","article_published_time":"2023-03-01T13:00:52+00:00","article_modified_time":"2024-12-29T19:28:00+00:00","og_image":[{"width":2560,"height":1362,"url":"https:\/\/astrea-apotheke.ch\/wp-content\/uploads\/2023\/03\/2303_FabriceMueller_Darmbeschwerden_AdobeStock_226788693_\u00a9ipopba-scaled-2.jpg","type":"image\/jpeg"}],"author":"Fabrice M\u00fcller","twitter_card":"summary_large_image","twitter_misc":{"\u00c9crit par":"Fabrice M\u00fcller","Dur\u00e9e de lecture estim\u00e9e":"5 minutes"},"schema":{"@context":"https:\/\/schema.org","@graph":[{"@type":"Article","@id":"https:\/\/astrea-apotheke.ch\/fr\/les-troubles-intestinaux-dans-le-collimateur\/#article","isPartOf":{"@id":"https:\/\/astrea-apotheke.ch\/fr\/les-troubles-intestinaux-dans-le-collimateur\/"},"author":{"name":"Fabrice M\u00fcller","@id":"https:\/\/astrea-apotheke.ch\/fr\/#\/schema\/person\/0de062bc599357951bda5ac86a60717d"},"headline":"Les troubles intestinaux dans le collimateur","datePublished":"2023-03-01T13:00:52+00:00","dateModified":"2024-12-29T19:28:00+00:00","mainEntityOfPage":{"@id":"https:\/\/astrea-apotheke.ch\/fr\/les-troubles-intestinaux-dans-le-collimateur\/"},"wordCount":953,"publisher":{"@id":"https:\/\/astrea-apotheke.ch\/fr\/#organization"},"image":{"@id":"https:\/\/astrea-apotheke.ch\/fr\/les-troubles-intestinaux-dans-le-collimateur\/#primaryimage"},"thumbnailUrl":"https:\/\/astrea-apotheke.ch\/wp-content\/uploads\/2023\/03\/2303_FabriceMueller_Darmbeschwerden_AdobeStock_226788693_\u00a9ipopba-scaled-2.jpg","articleSection":["Sant\u00e9 des organes"],"inLanguage":"fr-FR"},{"@type":"WebPage","@id":"https:\/\/astrea-apotheke.ch\/fr\/les-troubles-intestinaux-dans-le-collimateur\/","url":"https:\/\/astrea-apotheke.ch\/fr\/les-troubles-intestinaux-dans-le-collimateur\/","name":"Les troubles intestinaux dans le collimateur - Astrea Aptheke","isPartOf":{"@id":"https:\/\/astrea-apotheke.ch\/fr\/#website"},"primaryImageOfPage":{"@id":"https:\/\/astrea-apotheke.ch\/fr\/les-troubles-intestinaux-dans-le-collimateur\/#primaryimage"},"image":{"@id":"https:\/\/astrea-apotheke.ch\/fr\/les-troubles-intestinaux-dans-le-collimateur\/#primaryimage"},"thumbnailUrl":"https:\/\/astrea-apotheke.ch\/wp-content\/uploads\/2023\/03\/2303_FabriceMueller_Darmbeschwerden_AdobeStock_226788693_\u00a9ipopba-scaled-2.jpg","datePublished":"2023-03-01T13:00:52+00:00","dateModified":"2024-12-29T19:28:00+00:00","breadcrumb":{"@id":"https:\/\/astrea-apotheke.ch\/fr\/les-troubles-intestinaux-dans-le-collimateur\/#breadcrumb"},"inLanguage":"fr-FR","potentialAction":[{"@type":"ReadAction","target":["https:\/\/astrea-apotheke.ch\/fr\/les-troubles-intestinaux-dans-le-collimateur\/"]}]},{"@type":"ImageObject","inLanguage":"fr-FR","@id":"https:\/\/astrea-apotheke.ch\/fr\/les-troubles-intestinaux-dans-le-collimateur\/#primaryimage","url":"https:\/\/astrea-apotheke.ch\/wp-content\/uploads\/2023\/03\/2303_FabriceMueller_Darmbeschwerden_AdobeStock_226788693_\u00a9ipopba-scaled-2.jpg","contentUrl":"https:\/\/astrea-apotheke.ch\/wp-content\/uploads\/2023\/03\/2303_FabriceMueller_Darmbeschwerden_AdobeStock_226788693_\u00a9ipopba-scaled-2.jpg","width":2560,"height":1362,"caption":"\u00a9 ipopba | stock.adobe.com"},{"@type":"BreadcrumbList","@id":"https:\/\/astrea-apotheke.ch\/fr\/les-troubles-intestinaux-dans-le-collimateur\/#breadcrumb","itemListElement":[{"@type":"ListItem","position":1,"name":"Startseite","item":"https:\/\/astrea-apotheke.ch\/fr\/"},{"@type":"ListItem","position":2,"name":"Les troubles intestinaux dans le collimateur"}]},{"@type":"WebSite","@id":"https:\/\/astrea-apotheke.ch\/fr\/#website","url":"https:\/\/astrea-apotheke.ch\/fr\/","name":"astrea Bulletin","description":"Gesundheitsmagazin","publisher":{"@id":"https:\/\/astrea-apotheke.ch\/fr\/#organization"},"potentialAction":[{"@type":"SearchAction","target":{"@type":"EntryPoint","urlTemplate":"https:\/\/astrea-apotheke.ch\/fr\/?s={search_term_string}"},"query-input":{"@type":"PropertyValueSpecification","valueRequired":true,"valueName":"search_term_string"}}],"inLanguage":"fr-FR"},{"@type":"Organization","@id":"https:\/\/astrea-apotheke.ch\/fr\/#organization","name":"astrea Bulletin","url":"https:\/\/astrea-apotheke.ch\/fr\/","logo":{"@type":"ImageObject","inLanguage":"fr-FR","@id":"https:\/\/astrea-apotheke.ch\/fr\/#\/schema\/logo\/image\/","url":"http:\/\/apotheke.astrea-bulletin.ch\/wp-content\/uploads\/2024\/08\/Logo_Astrea-Bulletin_RGB.jpg","contentUrl":"http:\/\/apotheke.astrea-bulletin.ch\/wp-content\/uploads\/2024\/08\/Logo_Astrea-Bulletin_RGB.jpg","width":1429,"height":560,"caption":"astrea Bulletin"},"image":{"@id":"https:\/\/astrea-apotheke.ch\/fr\/#\/schema\/logo\/image\/"}},{"@type":"Person","@id":"https:\/\/astrea-apotheke.ch\/fr\/#\/schema\/person\/0de062bc599357951bda5ac86a60717d","name":"Fabrice M\u00fcller","image":{"@type":"ImageObject","inLanguage":"fr-FR","@id":"https:\/\/astrea-apotheke.ch\/fr\/#\/schema\/person\/image\/","url":"https:\/\/secure.gravatar.com\/avatar\/fb47194c784c9688002d70073b750b801f99f2500fc1909904880af3eb6cec84?s=96&d=mm&r=g","contentUrl":"https:\/\/secure.gravatar.com\/avatar\/fb47194c784c9688002d70073b750b801f99f2500fc1909904880af3eb6cec84?s=96&d=mm&r=g","caption":"Fabrice M\u00fcller"},"url":"https:\/\/astrea-apotheke.ch\/fr\/author\/fabrice-mueller\/"}]}},"_links":{"self":[{"href":"https:\/\/astrea-apotheke.ch\/fr\/wp-json\/wp\/v2\/posts\/22512","targetHints":{"allow":["GET"]}}],"collection":[{"href":"https:\/\/astrea-apotheke.ch\/fr\/wp-json\/wp\/v2\/posts"}],"about":[{"href":"https:\/\/astrea-apotheke.ch\/fr\/wp-json\/wp\/v2\/types\/post"}],"author":[{"embeddable":true,"href":"https:\/\/astrea-apotheke.ch\/fr\/wp-json\/wp\/v2\/users\/16"}],"replies":[{"embeddable":true,"href":"https:\/\/astrea-apotheke.ch\/fr\/wp-json\/wp\/v2\/comments?post=22512"}],"version-history":[{"count":2,"href":"https:\/\/astrea-apotheke.ch\/fr\/wp-json\/wp\/v2\/posts\/22512\/revisions"}],"predecessor-version":[{"id":31351,"href":"https:\/\/astrea-apotheke.ch\/fr\/wp-json\/wp\/v2\/posts\/22512\/revisions\/31351"}],"wp:featuredmedia":[{"embeddable":true,"href":"https:\/\/astrea-apotheke.ch\/fr\/wp-json\/wp\/v2\/media\/22404"}],"wp:attachment":[{"href":"https:\/\/astrea-apotheke.ch\/fr\/wp-json\/wp\/v2\/media?parent=22512"}],"wp:term":[{"taxonomy":"category","embeddable":true,"href":"https:\/\/astrea-apotheke.ch\/fr\/wp-json\/wp\/v2\/categories?post=22512"},{"taxonomy":"post_tag","embeddable":true,"href":"https:\/\/astrea-apotheke.ch\/fr\/wp-json\/wp\/v2\/tags?post=22512"}],"curies":[{"name":"wp","href":"https:\/\/api.w.org\/{rel}","templated":true}]}}