{"id":22627,"date":"2023-04-01T10:12:38","date_gmt":"2023-04-01T08:12:38","guid":{"rendered":"https:\/\/new.astrea-apotheke.ch\/das-chaos-besiegen\/"},"modified":"2024-12-29T21:07:43","modified_gmt":"2024-12-29T19:07:43","slug":"vaincre-le-chaos","status":"publish","type":"post","link":"https:\/\/astrea-apotheke.ch\/fr\/vaincre-le-chaos\/","title":{"rendered":"Vaincre le chaos"},"content":{"rendered":"<h1 style=\"font-size:51px;font-style:normal;font-weight:400; margin-bottom:var(--wp--preset--spacing--50);\" class=\"wp-block-post-title has-roboto-slab-font-family\">Vaincre le chaos<\/h1>\r\n\r\n\r\n<p class=\"has-primary-color has-text-color has-roboto-font-family\" style=\"margin-bottom: var(--wp--preset--spacing--20); font-size: 23px; line-height: 1.5;\"><em>Ranger et mettre de l\u2019ordre, voil\u00e0 qui est essentiel pour mieux vivre chez soi et mieux travailler. Mais comment ramener de l\u2019ordre dans le chaos? Que peut nous apprendre le feng shui \u00e0 ce propos?<\/em><\/p>\r\n\r\n\r\n<div style=\"font-size:14px;text-transform:uppercase; margin-bottom:var(--wp--preset--spacing--60);\" class=\"wp-block-post-author\"><div class=\"wp-block-post-author__content\"><p class=\"wp-block-post-author__name\"><a href=\"https:\/\/astrea-apotheke.ch\/fr\/author\/fabrice-mueller\/\" target=\"_self\">Fabrice M\u00fcller<\/a><\/p><\/div><\/div>\r\n\r\n\r\n<div class=\"wp-block-group is-content-justification-left\" style=\"margin-top: var(--wp--preset--spacing--50); margin-bottom: var(--wp--preset--spacing--70);\"><div class=\"wp-block-group__inner-container is-layout-constrained wp-container-core-group-is-layout-b81d822d wp-block-group-is-layout-constrained\"><\/div><\/div>\r\n\r\n\r\n\r\n<p>\u00cates-vous une personne plut\u00f4t ordonn\u00e9e ou d\u00e9sordonn\u00e9e? Ou aimez-vous le chaos cr\u00e9atif de montagnes de dossier, de travaux non achev\u00e9s, de piles de linge sale et de livres que vous auriez d\u00fb apporter depuis longtemps chez le bouquiniste? \u00c7a ne vous d\u00e9range pas de ne retrouver certains documents, pour votre d\u00e9claration d\u2019imp\u00f4ts par exemple, qu\u2019apr\u00e8s une demi-journ\u00e9e de fouilles acharn\u00e9es dans tout l\u2019appartement? Si cela ne nous fait ni chaud ni froid, inutile de lire ce qui suit. Mais si ce genre d\u2019action commando vous donne des boutons et que vous avez envie d\u2019une maison plus ordonn\u00e9e et mieux organis\u00e9e, cet article est fait pour vous.<\/p>\r\n\r\n\r\n\r\n<h2 class=\"wp-block-heading\">\u00c9nergies n\u00e9gatives<\/h2>\r\n\r\n\r\n\r\n<p>Saviez-vous que le d\u00e9sordre et le bric-\u00e0-brac font partie des th\u00e8mes centraux du feng shui, l\u2019art chinois de l\u2019harmonie, et qu\u2019ils ont une influence manifeste sur la qualit\u00e9 de votre habitat et de votre travail? Car toute forme d\u2019encombrement entrave la circulation fluide de l\u2019\u00e9nergie dans une pi\u00e8ce. Vous pouvez vous en rendre facilement compte quand vous traversez une pi\u00e8ce en d\u00e9sordre et que vous devez pour cela \u00e9viter des caisses ou m\u00eame enjamber des objets pour arriver \u00e0 l\u2019autre bout. Le d\u00e9sordre est source de stagnation et\/ou de confusion pour les personnes qui habitent les lieux. Une pi\u00e8ce pleine de bazar d\u00e9gage une \u00e9nergie n\u00e9gative et la transmet \u00e0 ses occupants. Si, par exemple, il y a beaucoup de bric-\u00e0-brac dans une pi\u00e8ce<br \/>de l\u2019habitation qui, selon les principes du feng shui, fait partie de la zone Prosp\u00e9rit\u00e9, il y r\u00e9gnera une \u00e9nergie paresseuse et stagnante qui, selon toute vraisemblance, affectera aussi le bien-\u00eatre des habitants.<\/p>\r\n\r\n\r\n\r\n<h2 class=\"wp-block-heading\">Adieu le fouillis \u2013 place \u00e0 l\u2019ordre!<\/h2>\r\n\r\n\r\n\r\n<p>Mettre de l\u2019ordre dans l\u2019appartement ou la maison, c\u2019est s\u2019ouvrir de nouvelles perspectives et opportunit\u00e9s dans<br \/>la vie. L\u2019ordre cr\u00e9\u00e9 dans le monde ext\u00e9rieur ouvre aussi la porte \u00e0 des changements int\u00e9rieurs. Le rangement acquiert d\u00e8s lors une importance fondamentale. C\u2019est bel et bien l\u2019\u00e9tape la plus importante lorsqu\u2019il s\u2019agit d\u2019am\u00e9liorer la qualit\u00e9 d\u2019un espace de vie ou de travail \u00e0 l\u2019aide du feng shui. Ranger et nettoyer \u2013 voil\u00e0 en quoi consiste le feng shui. Mais qu\u2019est-ce que le d\u00e9sordre au juste? Ce sont simplement toutes ces choses dont on n\u2019a pas besoin ou que l\u2019on n\u2019aime pas vraiment, qui tra\u00eenent ou sont mal organis\u00e9es. C\u2019est la pagaille quand trop de choses sont accumul\u00e9es dans un petit espace, mais aussi quand on commence quelque chose sans le terminer. Un principe pr\u00e9cieux pour faire le tri sera donc: tu aimes cet objet ou tu en as besoin \u2013 sinon, tu t\u2019en d\u00e9barrasses.<\/p>\r\n\r\n\r\n\r\n<div class=\"wp-block-group is-style-default\" style=\"border-radius: 72px; margin-top: var(--wp--preset--spacing--30); margin-bottom: var(--wp--preset--spacing--80);\"><div class=\"wp-block-group__inner-container is-layout-flow wp-block-group-is-layout-flow\">\r\n<blockquote class=\"wp-block-quote is-style-default has-primary-color has-text-color is-layout-flow wp-block-quote-is-layout-flow\" style=\"font-size: 16px; font-style: normal; font-weight: 600;\">\r\n<p class=\"has-roboto-slab-font-family\"><em>Mettre de l\u2019ordre, c\u2019est s\u2019ouvrir <br \/>de nouvelles perspectives.<\/em><\/p>\r\n<\/blockquote>\r\n<\/div><\/div>\r\n\r\n\r\n\r\n<h2 class=\"wp-block-heading\">Allez-y petit \u00e0 petit<\/h2>\r\n\r\n\r\n\r\n<p>C\u2019est toujours le bon moment pour faire le tri. Faites simplement confiance \u00e0 votre instinct. Commencez par un projet pas trop ambitieux, par exemple un tiroir ou un placard, et passez ensuite progressivement aux espaces plus grands. Prenez chaque objet l\u2019un apr\u00e8s l\u2019autre et d\u00e9cidez dans l\u2019instant s\u2019il doit partir ou rester. Tout ce qui reste doit avoir sa place selon un syst\u00e8me bien organis\u00e9. D\u00e9terminez des zones pour des fonctions bien pr\u00e9cises. Cette partie de placard, par exemple, pour les documents comptables; cette autre pour les albums photo. Cette vitrine pour les verres et les vases; ce tiroir pour les petits objets. Si tout ne rentre pas dans le nouvel espace d\u00e9di\u00e9, il faut vous d\u00e9barrasser d\u2019une partie des choses. Sinon vous risquez de cr\u00e9er de nouveaux amoncellements de choses ailleurs \u2013 et le chaos reprendra de plus belle.<\/p>\r\n\r\n\r\n\r\n<h2 class=\"wp-block-heading\">Un impact sur les performances, le stress et le psychisme<\/h2>\r\n\r\n\r\n\r\n<p>Un espace bien ordonn\u00e9 n\u2019a pas seulement un effet esth\u00e9tique: il influence aussi notre bien-\u00eatre psychique. Des chercheurs en neurosciences de l\u2019universit\u00e9 de Princeton ont constat\u00e9 que le d\u00e9sordre r\u00e9gnant dans l\u2019environnement des participants \u00e9tait associ\u00e9 \u00e0 des r\u00e9sultats moins bons, une baisse des performances et un stress accru par rapport aux sujets qui r\u00e9alisaient les m\u00eames t\u00e2ches dans un espace rang\u00e9. Des chercheurs du Center on Everyday Lives and Families (CELF) de l\u2019universit\u00e9 de Californie \u00e0 Los Angeles (UCLA) ont \u00e9tabli que le d\u00e9sordre avait une grande influence sur l\u2019estime de soi et l\u2019humeur. Chez les femmes participant \u00e0 une \u00e9tude, ils ont mesur\u00e9 un taux de cortisol (l\u2019hormone du stress) directement li\u00e9 au nombre d\u2019objets m\u00e9nagers. Plus elles \u00e9taient entour\u00e9es d\u2019objets inutiles, plus elles se sentaient stress\u00e9es.<\/p>\r\n\r\n\r\n\r\n<div class=\"wp-block-columns is-layout-flex wp-container-core-columns-is-layout-a80d5108 wp-block-columns-is-layout-flex\" style=\"margin-top: 60px; margin-bottom: 50px;\">\r\n<div class=\"wp-block-column has-background is-layout-flow wp-block-column-is-layout-flow\" style=\"background-color: #f1f2f4; flex-basis: 800px; padding: var(--wp--preset--spacing--70);\">\r\n<h2 class=\"wp-block-heading\" style=\"margin-top: var(--wp--preset--spacing--20); margin-bottom: var(--wp--preset--spacing--50); margin-left: 0; font-size: 23px;\"><strong><strong>Ranger et ordonner selon les principes du feng shui<\/strong><\/strong><\/h2>\r\n\r\n\r\n\r\n<p>Ce n\u2019est qu\u2019apr\u00e8s la phase de tri que le\/la conseiller\/\u00e8re en feng shui entre en jeu pour aider \u00e0 r\u00e9partir structures et objets dans l\u2019espace de vie de mani\u00e8re \u00e0 influencer positivement la qualit\u00e9 de l\u2019habitat et la qualit\u00e9 de vie globale. Peut-\u00eatre que le bureau et tout ce qui se rapporte au travail serait mieux orient\u00e9 au nord, la zone Carri\u00e8re et parcours de vie, qu\u2019au sud-ouest, d\u00e9di\u00e9 aux relations et \u00e0 l\u2019amour. Bien s\u00fbr, d\u2019autres facteurs entrent aussi en ligne de compte, comme notre rapport personnel aux choses, mais le feng shui donne de pr\u00e9cieux points de rep\u00e8re sur tout ce qu\u2019il faut prendre en compte quand on organise l\u2019espace.<\/p>\r\n\r\n\r\n\r\n<p><strong>Conseil de lecture:<\/strong><br \/>Karen Kingston,<br \/>Simplifiez votre int\u00e9rieur gr\u00e2ce au Feng Shui<br \/>Octobre 2013<br \/>\u00c9ditions LEDUC<br \/>ISBN 978-2-848-99646-2<\/p>\r\n<\/div>\r\n<\/div>\r\n\r\n\r\n","protected":false},"excerpt":{"rendered":"<p>Ranger et mettre de l\u2019ordre, voil\u00e0 qui est essentiel pour  [&#8230;]<\/p>\n","protected":false},"author":16,"featured_media":20161,"comment_status":"closed","ping_status":"closed","sticky":false,"template":"","format":"standard","meta":{"_acf_changed":false,"footnotes":""},"categories":[798],"tags":[],"class_list":["post-22627","post","type-post","status-publish","format-standard","has-post-thumbnail","hentry","category-bien-etre-suite"],"acf":[],"yoast_head":"<!-- This site is optimized with the Yoast SEO plugin v27.0 - https:\/\/yoast.com\/product\/yoast-seo-wordpress\/ -->\n<title>Vaincre le chaos - Astrea Aptheke<\/title>\n<meta name=\"robots\" content=\"index, follow, max-snippet:-1, max-image-preview:large, max-video-preview:-1\" \/>\n<link rel=\"canonical\" href=\"https:\/\/astrea-apotheke.ch\/fr\/vaincre-le-chaos\/\" \/>\n<meta property=\"og:locale\" content=\"fr_FR\" \/>\n<meta property=\"og:type\" content=\"article\" \/>\n<meta property=\"og:title\" content=\"Vaincre le chaos - Astrea Aptheke\" \/>\n<meta property=\"og:description\" content=\"Ranger et mettre de l\u2019ordre, voil\u00e0 qui est essentiel pour [...]\" \/>\n<meta property=\"og:url\" content=\"https:\/\/astrea-apotheke.ch\/fr\/vaincre-le-chaos\/\" \/>\n<meta property=\"og:site_name\" content=\"Astrea Aptheke\" \/>\n<meta property=\"article:published_time\" content=\"2023-04-01T08:12:38+00:00\" \/>\n<meta property=\"article:modified_time\" content=\"2024-12-29T19:07:43+00:00\" \/>\n<meta name=\"author\" content=\"Fabrice M\u00fcller\" \/>\n<meta name=\"twitter:card\" content=\"summary_large_image\" \/>\n<meta name=\"twitter:label1\" content=\"\u00c9crit par\" \/>\n\t<meta name=\"twitter:data1\" content=\"Fabrice M\u00fcller\" \/>\n\t<meta name=\"twitter:label2\" content=\"Dur\u00e9e de lecture estim\u00e9e\" \/>\n\t<meta name=\"twitter:data2\" content=\"5 minutes\" \/>\n<script type=\"application\/ld+json\" class=\"yoast-schema-graph\">{\"@context\":\"https:\/\/schema.org\",\"@graph\":[{\"@type\":\"Article\",\"@id\":\"https:\/\/astrea-apotheke.ch\/fr\/vaincre-le-chaos\/#article\",\"isPartOf\":{\"@id\":\"https:\/\/astrea-apotheke.ch\/fr\/vaincre-le-chaos\/\"},\"author\":{\"name\":\"Fabrice M\u00fcller\",\"@id\":\"https:\/\/astrea-apotheke.ch\/fr\/#\/schema\/person\/0de062bc599357951bda5ac86a60717d\"},\"headline\":\"Vaincre le chaos\",\"datePublished\":\"2023-04-01T08:12:38+00:00\",\"dateModified\":\"2024-12-29T19:07:43+00:00\",\"mainEntityOfPage\":{\"@id\":\"https:\/\/astrea-apotheke.ch\/fr\/vaincre-le-chaos\/\"},\"wordCount\":1008,\"publisher\":{\"@id\":\"https:\/\/astrea-apotheke.ch\/fr\/#organization\"},\"image\":{\"@id\":\"https:\/\/astrea-apotheke.ch\/fr\/vaincre-le-chaos\/#primaryimage\"},\"thumbnailUrl\":\"\",\"articleSection\":[\"Bien-\u00eatre - suite\"],\"inLanguage\":\"fr-FR\"},{\"@type\":\"WebPage\",\"@id\":\"https:\/\/astrea-apotheke.ch\/fr\/vaincre-le-chaos\/\",\"url\":\"https:\/\/astrea-apotheke.ch\/fr\/vaincre-le-chaos\/\",\"name\":\"Vaincre le chaos - Astrea Aptheke\",\"isPartOf\":{\"@id\":\"https:\/\/astrea-apotheke.ch\/fr\/#website\"},\"primaryImageOfPage\":{\"@id\":\"https:\/\/astrea-apotheke.ch\/fr\/vaincre-le-chaos\/#primaryimage\"},\"image\":{\"@id\":\"https:\/\/astrea-apotheke.ch\/fr\/vaincre-le-chaos\/#primaryimage\"},\"thumbnailUrl\":\"\",\"datePublished\":\"2023-04-01T08:12:38+00:00\",\"dateModified\":\"2024-12-29T19:07:43+00:00\",\"breadcrumb\":{\"@id\":\"https:\/\/astrea-apotheke.ch\/fr\/vaincre-le-chaos\/#breadcrumb\"},\"inLanguage\":\"fr-FR\",\"potentialAction\":[{\"@type\":\"ReadAction\",\"target\":[\"https:\/\/astrea-apotheke.ch\/fr\/vaincre-le-chaos\/\"]}]},{\"@type\":\"ImageObject\",\"inLanguage\":\"fr-FR\",\"@id\":\"https:\/\/astrea-apotheke.ch\/fr\/vaincre-le-chaos\/#primaryimage\",\"url\":\"\",\"contentUrl\":\"\"},{\"@type\":\"BreadcrumbList\",\"@id\":\"https:\/\/astrea-apotheke.ch\/fr\/vaincre-le-chaos\/#breadcrumb\",\"itemListElement\":[{\"@type\":\"ListItem\",\"position\":1,\"name\":\"Startseite\",\"item\":\"https:\/\/astrea-apotheke.ch\/fr\/\"},{\"@type\":\"ListItem\",\"position\":2,\"name\":\"Vaincre le chaos\"}]},{\"@type\":\"WebSite\",\"@id\":\"https:\/\/astrea-apotheke.ch\/fr\/#website\",\"url\":\"https:\/\/astrea-apotheke.ch\/fr\/\",\"name\":\"astrea Bulletin\",\"description\":\"Gesundheitsmagazin\",\"publisher\":{\"@id\":\"https:\/\/astrea-apotheke.ch\/fr\/#organization\"},\"potentialAction\":[{\"@type\":\"SearchAction\",\"target\":{\"@type\":\"EntryPoint\",\"urlTemplate\":\"https:\/\/astrea-apotheke.ch\/fr\/?s={search_term_string}\"},\"query-input\":{\"@type\":\"PropertyValueSpecification\",\"valueRequired\":true,\"valueName\":\"search_term_string\"}}],\"inLanguage\":\"fr-FR\"},{\"@type\":\"Organization\",\"@id\":\"https:\/\/astrea-apotheke.ch\/fr\/#organization\",\"name\":\"astrea Bulletin\",\"url\":\"https:\/\/astrea-apotheke.ch\/fr\/\",\"logo\":{\"@type\":\"ImageObject\",\"inLanguage\":\"fr-FR\",\"@id\":\"https:\/\/astrea-apotheke.ch\/fr\/#\/schema\/logo\/image\/\",\"url\":\"http:\/\/apotheke.astrea-bulletin.ch\/wp-content\/uploads\/2024\/08\/Logo_Astrea-Bulletin_RGB.jpg\",\"contentUrl\":\"http:\/\/apotheke.astrea-bulletin.ch\/wp-content\/uploads\/2024\/08\/Logo_Astrea-Bulletin_RGB.jpg\",\"width\":1429,\"height\":560,\"caption\":\"astrea Bulletin\"},\"image\":{\"@id\":\"https:\/\/astrea-apotheke.ch\/fr\/#\/schema\/logo\/image\/\"}},{\"@type\":\"Person\",\"@id\":\"https:\/\/astrea-apotheke.ch\/fr\/#\/schema\/person\/0de062bc599357951bda5ac86a60717d\",\"name\":\"Fabrice M\u00fcller\",\"image\":{\"@type\":\"ImageObject\",\"inLanguage\":\"fr-FR\",\"@id\":\"https:\/\/astrea-apotheke.ch\/fr\/#\/schema\/person\/image\/\",\"url\":\"https:\/\/secure.gravatar.com\/avatar\/fb47194c784c9688002d70073b750b801f99f2500fc1909904880af3eb6cec84?s=96&d=mm&r=g\",\"contentUrl\":\"https:\/\/secure.gravatar.com\/avatar\/fb47194c784c9688002d70073b750b801f99f2500fc1909904880af3eb6cec84?s=96&d=mm&r=g\",\"caption\":\"Fabrice M\u00fcller\"},\"url\":\"https:\/\/astrea-apotheke.ch\/fr\/author\/fabrice-mueller\/\"}]}<\/script>\n<!-- \/ Yoast SEO plugin. -->","yoast_head_json":{"title":"Vaincre le chaos - Astrea Aptheke","robots":{"index":"index","follow":"follow","max-snippet":"max-snippet:-1","max-image-preview":"max-image-preview:large","max-video-preview":"max-video-preview:-1"},"canonical":"https:\/\/astrea-apotheke.ch\/fr\/vaincre-le-chaos\/","og_locale":"fr_FR","og_type":"article","og_title":"Vaincre le chaos - Astrea Aptheke","og_description":"Ranger et mettre de l\u2019ordre, voil\u00e0 qui est essentiel pour [...]","og_url":"https:\/\/astrea-apotheke.ch\/fr\/vaincre-le-chaos\/","og_site_name":"Astrea Aptheke","article_published_time":"2023-04-01T08:12:38+00:00","article_modified_time":"2024-12-29T19:07:43+00:00","author":"Fabrice M\u00fcller","twitter_card":"summary_large_image","twitter_misc":{"\u00c9crit par":"Fabrice M\u00fcller","Dur\u00e9e de lecture estim\u00e9e":"5 minutes"},"schema":{"@context":"https:\/\/schema.org","@graph":[{"@type":"Article","@id":"https:\/\/astrea-apotheke.ch\/fr\/vaincre-le-chaos\/#article","isPartOf":{"@id":"https:\/\/astrea-apotheke.ch\/fr\/vaincre-le-chaos\/"},"author":{"name":"Fabrice M\u00fcller","@id":"https:\/\/astrea-apotheke.ch\/fr\/#\/schema\/person\/0de062bc599357951bda5ac86a60717d"},"headline":"Vaincre le chaos","datePublished":"2023-04-01T08:12:38+00:00","dateModified":"2024-12-29T19:07:43+00:00","mainEntityOfPage":{"@id":"https:\/\/astrea-apotheke.ch\/fr\/vaincre-le-chaos\/"},"wordCount":1008,"publisher":{"@id":"https:\/\/astrea-apotheke.ch\/fr\/#organization"},"image":{"@id":"https:\/\/astrea-apotheke.ch\/fr\/vaincre-le-chaos\/#primaryimage"},"thumbnailUrl":"","articleSection":["Bien-\u00eatre - suite"],"inLanguage":"fr-FR"},{"@type":"WebPage","@id":"https:\/\/astrea-apotheke.ch\/fr\/vaincre-le-chaos\/","url":"https:\/\/astrea-apotheke.ch\/fr\/vaincre-le-chaos\/","name":"Vaincre le chaos - Astrea Aptheke","isPartOf":{"@id":"https:\/\/astrea-apotheke.ch\/fr\/#website"},"primaryImageOfPage":{"@id":"https:\/\/astrea-apotheke.ch\/fr\/vaincre-le-chaos\/#primaryimage"},"image":{"@id":"https:\/\/astrea-apotheke.ch\/fr\/vaincre-le-chaos\/#primaryimage"},"thumbnailUrl":"","datePublished":"2023-04-01T08:12:38+00:00","dateModified":"2024-12-29T19:07:43+00:00","breadcrumb":{"@id":"https:\/\/astrea-apotheke.ch\/fr\/vaincre-le-chaos\/#breadcrumb"},"inLanguage":"fr-FR","potentialAction":[{"@type":"ReadAction","target":["https:\/\/astrea-apotheke.ch\/fr\/vaincre-le-chaos\/"]}]},{"@type":"ImageObject","inLanguage":"fr-FR","@id":"https:\/\/astrea-apotheke.ch\/fr\/vaincre-le-chaos\/#primaryimage","url":"","contentUrl":""},{"@type":"BreadcrumbList","@id":"https:\/\/astrea-apotheke.ch\/fr\/vaincre-le-chaos\/#breadcrumb","itemListElement":[{"@type":"ListItem","position":1,"name":"Startseite","item":"https:\/\/astrea-apotheke.ch\/fr\/"},{"@type":"ListItem","position":2,"name":"Vaincre le chaos"}]},{"@type":"WebSite","@id":"https:\/\/astrea-apotheke.ch\/fr\/#website","url":"https:\/\/astrea-apotheke.ch\/fr\/","name":"astrea Bulletin","description":"Gesundheitsmagazin","publisher":{"@id":"https:\/\/astrea-apotheke.ch\/fr\/#organization"},"potentialAction":[{"@type":"SearchAction","target":{"@type":"EntryPoint","urlTemplate":"https:\/\/astrea-apotheke.ch\/fr\/?s={search_term_string}"},"query-input":{"@type":"PropertyValueSpecification","valueRequired":true,"valueName":"search_term_string"}}],"inLanguage":"fr-FR"},{"@type":"Organization","@id":"https:\/\/astrea-apotheke.ch\/fr\/#organization","name":"astrea Bulletin","url":"https:\/\/astrea-apotheke.ch\/fr\/","logo":{"@type":"ImageObject","inLanguage":"fr-FR","@id":"https:\/\/astrea-apotheke.ch\/fr\/#\/schema\/logo\/image\/","url":"http:\/\/apotheke.astrea-bulletin.ch\/wp-content\/uploads\/2024\/08\/Logo_Astrea-Bulletin_RGB.jpg","contentUrl":"http:\/\/apotheke.astrea-bulletin.ch\/wp-content\/uploads\/2024\/08\/Logo_Astrea-Bulletin_RGB.jpg","width":1429,"height":560,"caption":"astrea Bulletin"},"image":{"@id":"https:\/\/astrea-apotheke.ch\/fr\/#\/schema\/logo\/image\/"}},{"@type":"Person","@id":"https:\/\/astrea-apotheke.ch\/fr\/#\/schema\/person\/0de062bc599357951bda5ac86a60717d","name":"Fabrice M\u00fcller","image":{"@type":"ImageObject","inLanguage":"fr-FR","@id":"https:\/\/astrea-apotheke.ch\/fr\/#\/schema\/person\/image\/","url":"https:\/\/secure.gravatar.com\/avatar\/fb47194c784c9688002d70073b750b801f99f2500fc1909904880af3eb6cec84?s=96&d=mm&r=g","contentUrl":"https:\/\/secure.gravatar.com\/avatar\/fb47194c784c9688002d70073b750b801f99f2500fc1909904880af3eb6cec84?s=96&d=mm&r=g","caption":"Fabrice M\u00fcller"},"url":"https:\/\/astrea-apotheke.ch\/fr\/author\/fabrice-mueller\/"}]}},"_links":{"self":[{"href":"https:\/\/astrea-apotheke.ch\/fr\/wp-json\/wp\/v2\/posts\/22627","targetHints":{"allow":["GET"]}}],"collection":[{"href":"https:\/\/astrea-apotheke.ch\/fr\/wp-json\/wp\/v2\/posts"}],"about":[{"href":"https:\/\/astrea-apotheke.ch\/fr\/wp-json\/wp\/v2\/types\/post"}],"author":[{"embeddable":true,"href":"https:\/\/astrea-apotheke.ch\/fr\/wp-json\/wp\/v2\/users\/16"}],"replies":[{"embeddable":true,"href":"https:\/\/astrea-apotheke.ch\/fr\/wp-json\/wp\/v2\/comments?post=22627"}],"version-history":[{"count":2,"href":"https:\/\/astrea-apotheke.ch\/fr\/wp-json\/wp\/v2\/posts\/22627\/revisions"}],"predecessor-version":[{"id":31335,"href":"https:\/\/astrea-apotheke.ch\/fr\/wp-json\/wp\/v2\/posts\/22627\/revisions\/31335"}],"wp:featuredmedia":[{"embeddable":true,"href":"https:\/\/astrea-apotheke.ch\/fr\/wp-json\/"}],"wp:attachment":[{"href":"https:\/\/astrea-apotheke.ch\/fr\/wp-json\/wp\/v2\/media?parent=22627"}],"wp:term":[{"taxonomy":"category","embeddable":true,"href":"https:\/\/astrea-apotheke.ch\/fr\/wp-json\/wp\/v2\/categories?post=22627"},{"taxonomy":"post_tag","embeddable":true,"href":"https:\/\/astrea-apotheke.ch\/fr\/wp-json\/wp\/v2\/tags?post=22627"}],"curies":[{"name":"wp","href":"https:\/\/api.w.org\/{rel}","templated":true}]}}