{"id":22669,"date":"2023-01-01T16:23:13","date_gmt":"2023-01-01T14:23:13","guid":{"rendered":"https:\/\/new.astrea-apotheke.ch\/farbenblindheit-buntes-leben-grau-in-grau\/"},"modified":"2024-12-29T21:54:33","modified_gmt":"2024-12-29T19:54:33","slug":"farbenblindheit-buntes-leben-grau-in-grau","status":"publish","type":"post","link":"https:\/\/astrea-apotheke.ch\/fr\/farbenblindheit-buntes-leben-grau-in-grau\/","title":{"rendered":"Une vie chatoyante en nuances de gris"},"content":{"rendered":"<h1 style=\"font-size:51px;font-style:normal;font-weight:400; margin-bottom:var(--wp--preset--spacing--50);\" class=\"wp-block-post-title has-roboto-slab-font-family\">Une vie chatoyante en nuances de gris<\/h1>\r\n\r\n\r\n<p class=\"has-primary-color has-text-color has-roboto-font-family\" style=\"margin-bottom: var(--wp--preset--spacing--20); font-size: 23px; line-height: 1.5;\"><em>Le spectacle en tons pastels de l\u2019arc-en-ciel dans un ciel orageux ou l\u2019animation haute en couleurs du d\u00e9fil\u00e9 du carnaval: voil\u00e0 des impressions visuelles marquantes qui vont de soi pour la plupart d\u2019entre nous. Mais comment les daltoniens vivent-ils leur particularit\u00e9?<\/em><\/p>\r\n\r\n\r\n<div style=\"font-size:14px;text-transform:uppercase; margin-bottom:var(--wp--preset--spacing--60);\" class=\"wp-block-post-author\"><div class=\"wp-block-post-author__content\"><p class=\"wp-block-post-author__name\"><a href=\"https:\/\/astrea-apotheke.ch\/fr\/author\/christiane-schittny\/\" target=\"_self\">Christiane Schittny<\/a><\/p><\/div><\/div>\r\n\r\n\r\n<div class=\"wp-block-group is-content-justification-left\" style=\"margin-top: var(--wp--preset--spacing--50); margin-bottom: var(--wp--preset--spacing--70);\"><div class=\"wp-block-group__inner-container is-layout-constrained wp-container-core-group-is-layout-b81d822d wp-block-group-is-layout-constrained\"><\/div><\/div>\r\n\r\n\r\n\r\n<p>Pour commencer, il y a diff\u00e9rents types de daltonisme! Dans le langage courant, on utilise g\u00e9n\u00e9ralement ce terme \u00e0 tort pour l\u2019incapacit\u00e9 pas si rare \u00e0 distinguer le rouge et le vert. On estime que cette forme de d\u00e9ficience cong\u00e9nitale de perception des couleurs touche environ dix pour cent de la population. Dont environ nonante pour cent d\u2019hommes, pour des raisons g\u00e9n\u00e9tiques. Les personnes concern\u00e9es ont du mal \u00e0 diff\u00e9rencier le rouge et le vert, car ces deux couleurs sont per\u00e7ues comme diff\u00e9rentes nuances de brun. En dehors de ce handicap, leur vision est normale.<\/p>\r\n\r\n\r\n\r\n<h2 class=\"wp-block-heading\">Plus qu\u2019une d\u00e9ficience de perception des couleurs<\/h2>\r\n\r\n\r\n\r\n<p>Les choses sont diff\u00e9rentes dans le daltonisme total, qu\u2019on appelle aussi achromatopsie en jargon m\u00e9dical. Il s\u2019agit d\u2019une maladie tr\u00e8s rare qui ne touche qu\u2019une personne sur cinquante mille. Les personnes touch\u00e9es ne distinguent pas les couleurs mais seulement une multitude de nuances de gris entre le noir et le blanc. Cela s\u2019explique par l\u2019absence de c\u00f4nes ou la pr\u00e9sence de c\u00f4nes non fonctionnels sur la r\u00e9tine \u00e0 cause d\u2019une anomalie g\u00e9n\u00e9tique. Cependant, les c\u00f4nes ne sont pas seulement responsables de la vision des couleurs, mais aussi de la vision nette sous une lumi\u00e8re vive. Les personnes touch\u00e9es souffrent donc aussi d\u2019une importante restriction de l\u2019acuit\u00e9 visuelle, qui atteint seulement dix pour cent environ de l\u2019acuit\u00e9 visuelle normale.<\/p>\r\n\r\n\r\n\r\n<p>Les b\u00e2tonnets, responsables de la vision dans l\u2019obscurit\u00e9 et de la vision en noir et blanc, en revanche, fonctionnent normalement. Quand il fait jour, la lumi\u00e8re vive repr\u00e9sente une telle sollicitation excessive qu\u2019elle entra\u00eene une sensibilit\u00e9 extr\u00eame \u00e0 la lumi\u00e8re (photophobie). Plus la lumi\u00e8re est vive, plus les contours des objets paraissent flous. C\u2019est pourquoi on parle parfois aussi de \u00abc\u00e9cit\u00e9 diurne\u00bb. Le nystagmus, un r\u00e9flexe incontr\u00f4lable qui appara\u00eet par exemple quand l\u2019\u0153il essaie de fixer un point, est un autre signe caract\u00e9ristique.<\/p>\r\n\r\n\r\n\r\n<h2 class=\"wp-block-heading\">Vivre avec l\u2019achromatopsie<\/h2>\r\n\r\n\r\n\r\n<p>Cornelia Wyss vit \u00e0 Eschlikon avec ses trois adolescents. Elle est atteinte de daltonisme total depuis sa naissance. \u00abLa plupart des gens associe ce handicap avec une mauvaise vision des couleurs. Mais, c\u2019est bien le moindre de mes probl\u00e8mes\u00bb, dit-elle. Au quotidien, le fait d\u2019\u00eatre tr\u00e8s vite \u00e9blouie et sa mauvaise acuit\u00e9 visuelle sont plus difficiles \u00e0 vivre. Notamment quand elle croise des gens dans la rue et ne les reconna\u00eet pas. Comme elle ne dit pas toujours bonjour, on pense vite qu\u2019elle est malpolie. \u00abMalheureusement, c\u2019est encore souvent source de malentendus. Quand je marche comme \u00e7a dans la rue, je ne reconna\u00eetrais pas mes propres enfants s\u2019ils passaient \u00e0 c\u00f4t\u00e9 de moi sans rien dire!\u00bb<\/p>\r\n\r\n\r\n\r\n<div class=\"wp-block-group is-style-default\" style=\"border-radius: 72px; margin-top: var(--wp--preset--spacing--30); margin-bottom: var(--wp--preset--spacing--80);\"><div class=\"wp-block-group__inner-container is-layout-flow wp-block-group-is-layout-flow\">\r\n<blockquote class=\"wp-block-quote is-style-default has-primary-color has-text-color is-layout-flow wp-block-quote-is-layout-flow\" style=\"font-size: 16px; font-style: normal; font-weight: 600;\">\r\n<p>Les daltoniens souffrent d\u2019une importante restriction <br \/>de l\u2019acuit\u00e9 visuelle, qui atteint seulement dix pour cent <br \/>de l\u2019acuit\u00e9 visuelle normale.<\/p>\r\n<\/blockquote>\r\n<\/div><\/div>\r\n\r\n\r\n\r\n<h2 class=\"wp-block-heading\">Des aides au quotidien<\/h2>\r\n\r\n\r\n\r\n<p>L\u2019achromatopsie est une maladie cong\u00e9nitale de la r\u00e9tine. Jusqu\u2019ici, aucun traitement ni aucune op\u00e9ration ne permet de la gu\u00e9rir. Des recherches en th\u00e9rapie g\u00e9nique sont en cours. Mais elles ne profiteront probablement qu\u2019\u00e0 de futures g\u00e9n\u00e9rations. Les personnes touch\u00e9es n\u2019ont donc pas d\u2019autre choix que d\u2019essayer de s\u2019adapter au mieux \u00e0 la situation.<\/p>\r\n\r\n\r\n\r\n<p>Des lunettes \u00e0 filtre barrage, qui prot\u00e8gent aussi de la lumi\u00e8re lat\u00e9rale, permettent de mieux se d\u00e9brouiller pendant la journ\u00e9e. Elles r\u00e9duisent l\u2019\u00e9blouissement et am\u00e9liorent les contrastes, ce qui permet de voir un peu mieux. Pour am\u00e9liorer la vision, notamment pour lire, on peut compter sur des instruments grossissants comme les loupes ou les lunettes-loupes. Le smartphone est aussi devenu un bon alli\u00e9: il permet par exemple de prendre en photo les noms de rue et de zoomer dessus pour les d\u00e9chiffrer. Il existe m\u00eame des appareils \u00e9lectroniques de reconnaissance des couleurs. \u00abMais les couleurs, \u00e7a ne veut rien dire pour moi\u00bb, fait remarquer Cornelia Wyss, \u00abj\u2019ai juste appris que les p\u00e2tures sont vertes, le ciel bleu et les nuages blancs. Mais dans ma vie quotidienne, les couleurs n\u2019ont aucune importance, m\u00eame si je rate de temps en temps des promotions au magasin!\u00bb<\/p>\r\n\r\n\r\n\r\n<h2 class=\"wp-block-heading\">Ni triste ni terne<\/h2>\r\n\r\n\r\n\r\n<p>Bien s\u00fbr, il n\u2019est pas toujours facile pour une personne daltonienne de s\u2019y retrouver dans notre monde haut en couleurs. Ne serait-ce qu\u2019\u00e0 cause de toutes les r\u00e9f\u00e9rences aux couleurs que nous utilisons pour d\u00e9crire beaucoup de choses: le panneau \u00e0 c\u00f4t\u00e9 de la voiture rouge, le livre bleu sur l\u2019\u00e9tag\u00e8re ou l\u2019enfant avec un manteau jaune sont des informations bien inutiles pour les personnes qui vivent avec une achromatopsie. La vision floue est en outre source de beaucoup d\u2019incertitudes: est-ce une personne l\u00e0-bas, ou juste un buisson? Quel est le num\u00e9ro du bus qui arrive au coin de la rue? Qu\u2019est-ce qui est \u00e9crit sur le tableau d\u2019affichage?<\/p>\r\n\r\n\r\n\r\n<p>\u00abMais \u00e7a ne veut pas dire que le monde qui m\u2019entoure n\u2019est pas beau. Moi aussi, je peux appr\u00e9cier la beaut\u00e9 d\u2019un arbre ou d\u2019une prairie en fleurs, ou d\u2019un coucher de soleil\u00bb, affirme Cornelia Wyss. \u00abCe que j\u2019appr\u00e9cie alors, ce sont les contrastes marqu\u00e9s!\u00bb Elle aime donc sortir, m\u00eame quand il y a du soleil. Elle appr\u00e9cie sa chaleur. Ni son environnement, ni sa vie ne lui semblent tristes et ternes.<\/p>\r\n\r\n\r\n\r\n<p><strong>Informations suppl\u00e9mentaires:<\/strong><\/p>\r\n\r\n\r\n\r\n<ul class=\"wp-block-list\">\r\n<li>Cornelia Wyss a r\u00e9uni soigneusement de nombreuses informations au sujet de l\u2019achromatopsie sur son site Internet tr\u00e8s personnel (en allemand). Vous y trouverez aussi un forum pour les personnes touch\u00e9es et leurs proches: www.farbenblinde.ch<\/li>\r\n\r\n\r\n\r\n<li>Le site du groupe d\u2019entraide germanophone pour les personnes atteintes d\u2019achromatopsie apporte de nombreuses informations m\u00e9dicales document\u00e9es et d\u00e9taill\u00e9es: <a href=\"https:\/\/www.achromatopsie.de\">www.achromatopsie.de<\/a><\/li>\r\n<\/ul>\r\n\r\n\r\n\r\n<div class=\"wp-block-columns is-layout-flex wp-container-core-columns-is-layout-a80d5108 wp-block-columns-is-layout-flex\" style=\"margin-top: 60px; margin-bottom: 50px;\">\r\n<div class=\"wp-block-column has-background is-layout-flow wp-block-column-is-layout-flow\" style=\"background-color: #f1f2f4; flex-basis: 800px; padding: var(--wp--preset--spacing--70);\">\r\n<h2 class=\"wp-block-heading\" style=\"margin-top: var(--wp--preset--spacing--20); margin-bottom: var(--wp--preset--spacing--50); margin-left: 0; font-size: 23px;\">Les \u00e9tapes d\u2019une vie avec l\u2019achromatopsie<\/h2>\r\n\r\n\r\n\r\n<p style=\"margin-bottom: 0; font-size: 18px; line-height: 1.5;\">Cornelia Wyss retrace quelques-uns des \u00e9v\u00e8nements et souvenirs qui ont marqu\u00e9 son enfance et sa jeunesse:<\/p>\r\n\r\n\r\n\r\n<ul class=\"wp-block-list\">\r\n<li>D\u00e8s l\u2019\u00e2ge de huit semaines, mes parents ont remarqu\u00e9 que quelque chose clochait avec mes yeux: ils bougeaient sans cesse et je les plissais quand il y avait beaucoup de lumi\u00e8re.<\/li>\r\n\r\n\r\n\r\n<li>Ils m\u2019ont emmen\u00e9e voir plusieurs m\u00e9decins mais aucun n\u2019a trouv\u00e9 ce que j\u2019avais. Ce n\u2019est que bien plus tard que le diagnostic a \u00e9t\u00e9 pos\u00e9.<\/li>\r\n\r\n\r\n\r\n<li>\u00c0 l\u2019\u00e9cole, \u00e7a m\u2019a valu pas mal de probl\u00e8mes, que ce soit \u00e0 cause du manque d\u2019aide des enseignants ou des moqueries de mes camarades.<\/li>\r\n\r\n\r\n\r\n<li>Quand j\u2019\u00e9tais petite, je pensais toujours que j\u2019avais trois probl\u00e8mes: ma mauvaise acuit\u00e9 visuelle, mon incapacit\u00e9 \u00e0 distinguer les couleurs et ma photophobie. Je n\u2019avais pas conscience que tous ces probl\u00e8mes \u00e9taient li\u00e9s.<\/li>\r\n\r\n\r\n\r\n<li>Choisir un m\u00e9tier a \u00e9t\u00e9 tr\u00e8s difficile. Beaucoup des m\u00e9tiers qui m\u2019attiraient n\u2019\u00e9taient pas envisageable avec une d\u00e9ficience visuelle. Personne ne m\u2019a propos\u00e9 d\u2019alternatives.<\/li>\r\n\r\n\r\n\r\n<li>\u00c0 16 ans, j\u2019ai pass\u00e9 un an dans une habitation prot\u00e9g\u00e9e avec d\u2019autres adolescents d\u00e9ficients visuels, en Suisse orientale. Enfin, je n\u2019\u00e9tais plus la plus faible, on ne se moquait plus de moi, on se pr\u00e9occupait de mes besoins et j\u2019ai beaucoup gagn\u00e9 en confiance en moi.<\/li>\r\n\r\n\r\n\r\n<li>\u00c0 19 ans, j\u2019ai d\u00e9couvert par hasard le livre \u00abL\u2019\u00eele en noir et blanc\u00bb d\u2019Oliver Sacks. Je l\u2019ai lu d\u2019une traite. C\u2019\u00e9tait tr\u00e8s fort: enfin je r\u00e9alisais qu\u2019il y avait d\u2019autres personnes comme moi. C\u2019\u00e9tait un sentiment indescriptible, presque comme quand on rentre chez soi apr\u00e8s un long voyage\u2026<\/li>\r\n\r\n\r\n\r\n<li>J\u2019ai opt\u00e9 pour un apprentissage de deux ans pour devenir employ\u00e9e de m\u00e9nage collectif dans une maison de repos pour personnes \u00e2g\u00e9es aveugles. J\u2019ai alors pu me rendre compte que j\u2019\u00e9tais dou\u00e9e pour interagir avec les autres. J\u2019ai donc fait une deuxi\u00e8me formation dans l\u2019aide aux personnes handicap\u00e9es.<\/li>\r\n\r\n\r\n\r\n<li>En 2000, j\u2019ai termin\u00e9 avec succ\u00e8s cette formation \u00e0 l\u2019\u00c9cole sp\u00e9cialis\u00e9e dans les m\u00e9tiers socio-p\u00e9dagogiques de Bremgarten.<\/li>\r\n<\/ul>\r\n<\/div>\r\n<\/div>\r\n\r\n\r\n","protected":false},"excerpt":{"rendered":"<p>Le spectacle en tons pastels de l\u2019arc-en-ciel dans un ciel  [&#8230;]<\/p>\n","protected":false},"author":9,"featured_media":20946,"comment_status":"closed","ping_status":"closed","sticky":false,"template":"","format":"standard","meta":{"_acf_changed":false,"footnotes":""},"categories":[770],"tags":[],"class_list":["post-22669","post","type-post","status-publish","format-standard","has-post-thumbnail","hentry","category-yeux-nez-oreilles"],"acf":[],"yoast_head":"<!-- This site is optimized with the Yoast SEO plugin v27.0 - https:\/\/yoast.com\/product\/yoast-seo-wordpress\/ -->\n<title>Achromatopsie: Farbenblindheit und Alltagserfahrungen<\/title>\n<meta name=\"description\" content=\"Entdecken Sie die Welt der Achromatopsie, einer Form von Farbenblindheit, durch pers\u00f6nliche Erfahrungen und technische Fakten. Lernen Sie die Unterschiede zwischen gew\u00f6hnlicher Farbenblindheit und wahrer Farbenblindheit kennen, und erfahren Sie mehr \u00fcber die Herausforderungen und Hilfsmittel im Alltag von Menschen mit Achromatopsie.\" \/>\n<meta name=\"robots\" content=\"index, follow, max-snippet:-1, max-image-preview:large, max-video-preview:-1\" \/>\n<link rel=\"canonical\" href=\"https:\/\/astrea-apotheke.ch\/fr\/farbenblindheit-buntes-leben-grau-in-grau\/\" \/>\n<meta property=\"og:locale\" content=\"fr_FR\" \/>\n<meta property=\"og:type\" content=\"article\" \/>\n<meta property=\"og:title\" content=\"Achromatopsie: Farbenblindheit und Alltagserfahrungen\" \/>\n<meta property=\"og:description\" content=\"Entdecken Sie die Welt der Achromatopsie, einer Form von Farbenblindheit, durch pers\u00f6nliche Erfahrungen und technische Fakten. Lernen Sie die Unterschiede zwischen gew\u00f6hnlicher Farbenblindheit und wahrer Farbenblindheit kennen, und erfahren Sie mehr \u00fcber die Herausforderungen und Hilfsmittel im Alltag von Menschen mit Achromatopsie.\" \/>\n<meta property=\"og:url\" content=\"https:\/\/astrea-apotheke.ch\/fr\/farbenblindheit-buntes-leben-grau-in-grau\/\" \/>\n<meta property=\"og:site_name\" content=\"Astrea Aptheke\" \/>\n<meta property=\"article:published_time\" content=\"2023-01-01T14:23:13+00:00\" \/>\n<meta property=\"article:modified_time\" content=\"2024-12-29T19:54:33+00:00\" \/>\n<meta name=\"author\" content=\"Christiane Schittny\" \/>\n<meta name=\"twitter:card\" content=\"summary_large_image\" \/>\n<meta name=\"twitter:label1\" content=\"\u00c9crit par\" \/>\n\t<meta name=\"twitter:data1\" content=\"Christiane Schittny\" \/>\n\t<meta name=\"twitter:label2\" content=\"Dur\u00e9e de lecture estim\u00e9e\" \/>\n\t<meta name=\"twitter:data2\" content=\"7 minutes\" \/>\n<script type=\"application\/ld+json\" class=\"yoast-schema-graph\">{\"@context\":\"https:\/\/schema.org\",\"@graph\":[{\"@type\":\"Article\",\"@id\":\"https:\/\/astrea-apotheke.ch\/fr\/farbenblindheit-buntes-leben-grau-in-grau\/#article\",\"isPartOf\":{\"@id\":\"https:\/\/astrea-apotheke.ch\/fr\/farbenblindheit-buntes-leben-grau-in-grau\/\"},\"author\":{\"name\":\"Christiane Schittny\",\"@id\":\"https:\/\/astrea-apotheke.ch\/fr\/#\/schema\/person\/cd5ab8efe66db7e5bd62df7524a5c008\"},\"headline\":\"Une vie chatoyante en nuances de gris\",\"datePublished\":\"2023-01-01T14:23:13+00:00\",\"dateModified\":\"2024-12-29T19:54:33+00:00\",\"mainEntityOfPage\":{\"@id\":\"https:\/\/astrea-apotheke.ch\/fr\/farbenblindheit-buntes-leben-grau-in-grau\/\"},\"wordCount\":1443,\"publisher\":{\"@id\":\"https:\/\/astrea-apotheke.ch\/fr\/#organization\"},\"image\":{\"@id\":\"https:\/\/astrea-apotheke.ch\/fr\/farbenblindheit-buntes-leben-grau-in-grau\/#primaryimage\"},\"thumbnailUrl\":\"\",\"articleSection\":[\"Yeux, nez, oreilles\"],\"inLanguage\":\"fr-FR\"},{\"@type\":\"WebPage\",\"@id\":\"https:\/\/astrea-apotheke.ch\/fr\/farbenblindheit-buntes-leben-grau-in-grau\/\",\"url\":\"https:\/\/astrea-apotheke.ch\/fr\/farbenblindheit-buntes-leben-grau-in-grau\/\",\"name\":\"Achromatopsie: Farbenblindheit und Alltagserfahrungen\",\"isPartOf\":{\"@id\":\"https:\/\/astrea-apotheke.ch\/fr\/#website\"},\"primaryImageOfPage\":{\"@id\":\"https:\/\/astrea-apotheke.ch\/fr\/farbenblindheit-buntes-leben-grau-in-grau\/#primaryimage\"},\"image\":{\"@id\":\"https:\/\/astrea-apotheke.ch\/fr\/farbenblindheit-buntes-leben-grau-in-grau\/#primaryimage\"},\"thumbnailUrl\":\"\",\"datePublished\":\"2023-01-01T14:23:13+00:00\",\"dateModified\":\"2024-12-29T19:54:33+00:00\",\"description\":\"Entdecken Sie die Welt der Achromatopsie, einer Form von Farbenblindheit, durch pers\u00f6nliche Erfahrungen und technische Fakten. Lernen Sie die Unterschiede zwischen gew\u00f6hnlicher Farbenblindheit und wahrer Farbenblindheit kennen, und erfahren Sie mehr \u00fcber die Herausforderungen und Hilfsmittel im Alltag von Menschen mit Achromatopsie.\",\"breadcrumb\":{\"@id\":\"https:\/\/astrea-apotheke.ch\/fr\/farbenblindheit-buntes-leben-grau-in-grau\/#breadcrumb\"},\"inLanguage\":\"fr-FR\",\"potentialAction\":[{\"@type\":\"ReadAction\",\"target\":[\"https:\/\/astrea-apotheke.ch\/fr\/farbenblindheit-buntes-leben-grau-in-grau\/\"]}]},{\"@type\":\"ImageObject\",\"inLanguage\":\"fr-FR\",\"@id\":\"https:\/\/astrea-apotheke.ch\/fr\/farbenblindheit-buntes-leben-grau-in-grau\/#primaryimage\",\"url\":\"\",\"contentUrl\":\"\"},{\"@type\":\"BreadcrumbList\",\"@id\":\"https:\/\/astrea-apotheke.ch\/fr\/farbenblindheit-buntes-leben-grau-in-grau\/#breadcrumb\",\"itemListElement\":[{\"@type\":\"ListItem\",\"position\":1,\"name\":\"Startseite\",\"item\":\"https:\/\/astrea-apotheke.ch\/fr\/\"},{\"@type\":\"ListItem\",\"position\":2,\"name\":\"Une vie chatoyante en nuances de gris\"}]},{\"@type\":\"WebSite\",\"@id\":\"https:\/\/astrea-apotheke.ch\/fr\/#website\",\"url\":\"https:\/\/astrea-apotheke.ch\/fr\/\",\"name\":\"astrea Bulletin\",\"description\":\"Gesundheitsmagazin\",\"publisher\":{\"@id\":\"https:\/\/astrea-apotheke.ch\/fr\/#organization\"},\"potentialAction\":[{\"@type\":\"SearchAction\",\"target\":{\"@type\":\"EntryPoint\",\"urlTemplate\":\"https:\/\/astrea-apotheke.ch\/fr\/?s={search_term_string}\"},\"query-input\":{\"@type\":\"PropertyValueSpecification\",\"valueRequired\":true,\"valueName\":\"search_term_string\"}}],\"inLanguage\":\"fr-FR\"},{\"@type\":\"Organization\",\"@id\":\"https:\/\/astrea-apotheke.ch\/fr\/#organization\",\"name\":\"astrea Bulletin\",\"url\":\"https:\/\/astrea-apotheke.ch\/fr\/\",\"logo\":{\"@type\":\"ImageObject\",\"inLanguage\":\"fr-FR\",\"@id\":\"https:\/\/astrea-apotheke.ch\/fr\/#\/schema\/logo\/image\/\",\"url\":\"http:\/\/apotheke.astrea-bulletin.ch\/wp-content\/uploads\/2024\/08\/Logo_Astrea-Bulletin_RGB.jpg\",\"contentUrl\":\"http:\/\/apotheke.astrea-bulletin.ch\/wp-content\/uploads\/2024\/08\/Logo_Astrea-Bulletin_RGB.jpg\",\"width\":1429,\"height\":560,\"caption\":\"astrea Bulletin\"},\"image\":{\"@id\":\"https:\/\/astrea-apotheke.ch\/fr\/#\/schema\/logo\/image\/\"}},{\"@type\":\"Person\",\"@id\":\"https:\/\/astrea-apotheke.ch\/fr\/#\/schema\/person\/cd5ab8efe66db7e5bd62df7524a5c008\",\"name\":\"Christiane Schittny\",\"image\":{\"@type\":\"ImageObject\",\"inLanguage\":\"fr-FR\",\"@id\":\"https:\/\/astrea-apotheke.ch\/fr\/#\/schema\/person\/image\/\",\"url\":\"https:\/\/secure.gravatar.com\/avatar\/441ed32aea1733471c7219614c31cd8a9a8146effa244e5edc5a003b3c519971?s=96&d=mm&r=g\",\"contentUrl\":\"https:\/\/secure.gravatar.com\/avatar\/441ed32aea1733471c7219614c31cd8a9a8146effa244e5edc5a003b3c519971?s=96&d=mm&r=g\",\"caption\":\"Christiane Schittny\"},\"url\":\"https:\/\/astrea-apotheke.ch\/fr\/author\/christiane-schittny\/\"}]}<\/script>\n<!-- \/ Yoast SEO plugin. -->","yoast_head_json":{"title":"Achromatopsie: Farbenblindheit und Alltagserfahrungen","description":"Entdecken Sie die Welt der Achromatopsie, einer Form von Farbenblindheit, durch pers\u00f6nliche Erfahrungen und technische Fakten. Lernen Sie die Unterschiede zwischen gew\u00f6hnlicher Farbenblindheit und wahrer Farbenblindheit kennen, und erfahren Sie mehr \u00fcber die Herausforderungen und Hilfsmittel im Alltag von Menschen mit Achromatopsie.","robots":{"index":"index","follow":"follow","max-snippet":"max-snippet:-1","max-image-preview":"max-image-preview:large","max-video-preview":"max-video-preview:-1"},"canonical":"https:\/\/astrea-apotheke.ch\/fr\/farbenblindheit-buntes-leben-grau-in-grau\/","og_locale":"fr_FR","og_type":"article","og_title":"Achromatopsie: Farbenblindheit und Alltagserfahrungen","og_description":"Entdecken Sie die Welt der Achromatopsie, einer Form von Farbenblindheit, durch pers\u00f6nliche Erfahrungen und technische Fakten. Lernen Sie die Unterschiede zwischen gew\u00f6hnlicher Farbenblindheit und wahrer Farbenblindheit kennen, und erfahren Sie mehr \u00fcber die Herausforderungen und Hilfsmittel im Alltag von Menschen mit Achromatopsie.","og_url":"https:\/\/astrea-apotheke.ch\/fr\/farbenblindheit-buntes-leben-grau-in-grau\/","og_site_name":"Astrea Aptheke","article_published_time":"2023-01-01T14:23:13+00:00","article_modified_time":"2024-12-29T19:54:33+00:00","author":"Christiane Schittny","twitter_card":"summary_large_image","twitter_misc":{"\u00c9crit par":"Christiane Schittny","Dur\u00e9e de lecture estim\u00e9e":"7 minutes"},"schema":{"@context":"https:\/\/schema.org","@graph":[{"@type":"Article","@id":"https:\/\/astrea-apotheke.ch\/fr\/farbenblindheit-buntes-leben-grau-in-grau\/#article","isPartOf":{"@id":"https:\/\/astrea-apotheke.ch\/fr\/farbenblindheit-buntes-leben-grau-in-grau\/"},"author":{"name":"Christiane Schittny","@id":"https:\/\/astrea-apotheke.ch\/fr\/#\/schema\/person\/cd5ab8efe66db7e5bd62df7524a5c008"},"headline":"Une vie chatoyante en nuances de gris","datePublished":"2023-01-01T14:23:13+00:00","dateModified":"2024-12-29T19:54:33+00:00","mainEntityOfPage":{"@id":"https:\/\/astrea-apotheke.ch\/fr\/farbenblindheit-buntes-leben-grau-in-grau\/"},"wordCount":1443,"publisher":{"@id":"https:\/\/astrea-apotheke.ch\/fr\/#organization"},"image":{"@id":"https:\/\/astrea-apotheke.ch\/fr\/farbenblindheit-buntes-leben-grau-in-grau\/#primaryimage"},"thumbnailUrl":"","articleSection":["Yeux, nez, oreilles"],"inLanguage":"fr-FR"},{"@type":"WebPage","@id":"https:\/\/astrea-apotheke.ch\/fr\/farbenblindheit-buntes-leben-grau-in-grau\/","url":"https:\/\/astrea-apotheke.ch\/fr\/farbenblindheit-buntes-leben-grau-in-grau\/","name":"Achromatopsie: Farbenblindheit und Alltagserfahrungen","isPartOf":{"@id":"https:\/\/astrea-apotheke.ch\/fr\/#website"},"primaryImageOfPage":{"@id":"https:\/\/astrea-apotheke.ch\/fr\/farbenblindheit-buntes-leben-grau-in-grau\/#primaryimage"},"image":{"@id":"https:\/\/astrea-apotheke.ch\/fr\/farbenblindheit-buntes-leben-grau-in-grau\/#primaryimage"},"thumbnailUrl":"","datePublished":"2023-01-01T14:23:13+00:00","dateModified":"2024-12-29T19:54:33+00:00","description":"Entdecken Sie die Welt der Achromatopsie, einer Form von Farbenblindheit, durch pers\u00f6nliche Erfahrungen und technische Fakten. Lernen Sie die Unterschiede zwischen gew\u00f6hnlicher Farbenblindheit und wahrer Farbenblindheit kennen, und erfahren Sie mehr \u00fcber die Herausforderungen und Hilfsmittel im Alltag von Menschen mit Achromatopsie.","breadcrumb":{"@id":"https:\/\/astrea-apotheke.ch\/fr\/farbenblindheit-buntes-leben-grau-in-grau\/#breadcrumb"},"inLanguage":"fr-FR","potentialAction":[{"@type":"ReadAction","target":["https:\/\/astrea-apotheke.ch\/fr\/farbenblindheit-buntes-leben-grau-in-grau\/"]}]},{"@type":"ImageObject","inLanguage":"fr-FR","@id":"https:\/\/astrea-apotheke.ch\/fr\/farbenblindheit-buntes-leben-grau-in-grau\/#primaryimage","url":"","contentUrl":""},{"@type":"BreadcrumbList","@id":"https:\/\/astrea-apotheke.ch\/fr\/farbenblindheit-buntes-leben-grau-in-grau\/#breadcrumb","itemListElement":[{"@type":"ListItem","position":1,"name":"Startseite","item":"https:\/\/astrea-apotheke.ch\/fr\/"},{"@type":"ListItem","position":2,"name":"Une vie chatoyante en nuances de gris"}]},{"@type":"WebSite","@id":"https:\/\/astrea-apotheke.ch\/fr\/#website","url":"https:\/\/astrea-apotheke.ch\/fr\/","name":"astrea Bulletin","description":"Gesundheitsmagazin","publisher":{"@id":"https:\/\/astrea-apotheke.ch\/fr\/#organization"},"potentialAction":[{"@type":"SearchAction","target":{"@type":"EntryPoint","urlTemplate":"https:\/\/astrea-apotheke.ch\/fr\/?s={search_term_string}"},"query-input":{"@type":"PropertyValueSpecification","valueRequired":true,"valueName":"search_term_string"}}],"inLanguage":"fr-FR"},{"@type":"Organization","@id":"https:\/\/astrea-apotheke.ch\/fr\/#organization","name":"astrea Bulletin","url":"https:\/\/astrea-apotheke.ch\/fr\/","logo":{"@type":"ImageObject","inLanguage":"fr-FR","@id":"https:\/\/astrea-apotheke.ch\/fr\/#\/schema\/logo\/image\/","url":"http:\/\/apotheke.astrea-bulletin.ch\/wp-content\/uploads\/2024\/08\/Logo_Astrea-Bulletin_RGB.jpg","contentUrl":"http:\/\/apotheke.astrea-bulletin.ch\/wp-content\/uploads\/2024\/08\/Logo_Astrea-Bulletin_RGB.jpg","width":1429,"height":560,"caption":"astrea Bulletin"},"image":{"@id":"https:\/\/astrea-apotheke.ch\/fr\/#\/schema\/logo\/image\/"}},{"@type":"Person","@id":"https:\/\/astrea-apotheke.ch\/fr\/#\/schema\/person\/cd5ab8efe66db7e5bd62df7524a5c008","name":"Christiane Schittny","image":{"@type":"ImageObject","inLanguage":"fr-FR","@id":"https:\/\/astrea-apotheke.ch\/fr\/#\/schema\/person\/image\/","url":"https:\/\/secure.gravatar.com\/avatar\/441ed32aea1733471c7219614c31cd8a9a8146effa244e5edc5a003b3c519971?s=96&d=mm&r=g","contentUrl":"https:\/\/secure.gravatar.com\/avatar\/441ed32aea1733471c7219614c31cd8a9a8146effa244e5edc5a003b3c519971?s=96&d=mm&r=g","caption":"Christiane Schittny"},"url":"https:\/\/astrea-apotheke.ch\/fr\/author\/christiane-schittny\/"}]}},"_links":{"self":[{"href":"https:\/\/astrea-apotheke.ch\/fr\/wp-json\/wp\/v2\/posts\/22669","targetHints":{"allow":["GET"]}}],"collection":[{"href":"https:\/\/astrea-apotheke.ch\/fr\/wp-json\/wp\/v2\/posts"}],"about":[{"href":"https:\/\/astrea-apotheke.ch\/fr\/wp-json\/wp\/v2\/types\/post"}],"author":[{"embeddable":true,"href":"https:\/\/astrea-apotheke.ch\/fr\/wp-json\/wp\/v2\/users\/9"}],"replies":[{"embeddable":true,"href":"https:\/\/astrea-apotheke.ch\/fr\/wp-json\/wp\/v2\/comments?post=22669"}],"version-history":[{"count":2,"href":"https:\/\/astrea-apotheke.ch\/fr\/wp-json\/wp\/v2\/posts\/22669\/revisions"}],"predecessor-version":[{"id":31374,"href":"https:\/\/astrea-apotheke.ch\/fr\/wp-json\/wp\/v2\/posts\/22669\/revisions\/31374"}],"wp:featuredmedia":[{"embeddable":true,"href":"https:\/\/astrea-apotheke.ch\/fr\/wp-json\/"}],"wp:attachment":[{"href":"https:\/\/astrea-apotheke.ch\/fr\/wp-json\/wp\/v2\/media?parent=22669"}],"wp:term":[{"taxonomy":"category","embeddable":true,"href":"https:\/\/astrea-apotheke.ch\/fr\/wp-json\/wp\/v2\/categories?post=22669"},{"taxonomy":"post_tag","embeddable":true,"href":"https:\/\/astrea-apotheke.ch\/fr\/wp-json\/wp\/v2\/tags?post=22669"}],"curies":[{"name":"wp","href":"https:\/\/api.w.org\/{rel}","templated":true}]}}