{"id":24917,"date":"2023-09-25T07:39:24","date_gmt":"2023-09-25T05:39:24","guid":{"rendered":"https:\/\/new.astrea-apotheke.ch\/?p=24917"},"modified":"2024-12-29T18:22:12","modified_gmt":"2024-12-29T16:22:12","slug":"primes-de-caisse-maladie-connaissez-vous-le-modele-avantageux-des-pharmacies","status":"publish","type":"post","link":"https:\/\/astrea-apotheke.ch\/fr\/primes-de-caisse-maladie-connaissez-vous-le-modele-avantageux-des-pharmacies\/","title":{"rendered":"Primes de caisse-maladie: connaissez-vous le mod\u00e8le avantageux des pharmacies?"},"content":{"rendered":"<h1 style=\"font-size:51px;font-style:normal;font-weight:400; margin-bottom:var(--wp--preset--spacing--50);\" class=\"wp-block-post-title has-roboto-slab-font-family\">Primes de caisse-maladie: connaissez-vous le mod\u00e8le avantageux des pharmacies?<\/h1>\r\n\r\n\r\n<p class=\"has-primary-color has-text-color has-roboto-font-family\" style=\"margin-bottom: var(--wp--preset--spacing--20); font-size: 23px; line-height: 1.5;\"><em>L\u2019automne marque la p\u00e9riode de comparaison des primes d\u2019assurance-maladie. Cette ann\u00e9e, les primes conna\u00eetront une nouvelle augmentation et deviendront une charge financi\u00e8re pour de nombreux m\u00e9nages suisses. Il s\u2019agit d\u00e8s lors de pouvoir compter sur des alternatives avantageuses \u00e0 l\u2019assurance de base standard, comme le mod\u00e8le des pharmacies, que nous vous pr\u00e9sentons ci-apr\u00e8s.<\/em><\/p>\r\n\r\n\r\n\r\n<p style=\"font-size: 14px; text-transform: uppercase;\"><strong>TextE: Martina Tschan, Soci\u00e9t\u00e9 Suisse des Pharmaciens pharmaSuisse<\/strong><\/p>\r\n\r\n\r\n\r\n<div class=\"wp-block-group is-content-justification-left\" style=\"margin-top: var(--wp--preset--spacing--50); margin-bottom: var(--wp--preset--spacing--70);\"><div class=\"wp-block-group__inner-container is-layout-constrained wp-container-core-group-is-layout-b81d822d wp-block-group-is-layout-constrained\"><figure style=\"aspect-ratio:16\/9;width:800px;\" class=\"wp-block-post-featured-image\"><img decoding=\"async\" width=\"2000\" height=\"1659\" src=\"https:\/\/astrea-apotheke.ch\/wp-content\/uploads\/2023\/09\/Krankenkassenpraemien_pharmasuisse-1.jpg\" class=\"attachment-post-thumbnail size-post-thumbnail lazyload wp-post-image\" alt=\"Wir stellen das g\u00fcnstige Apothekenmodell vor\" style=\"width:100%;height:100%;object-fit:cover;\" srcset=\"data:image\/svg+xml,%3Csvg%20xmlns%3D%27http%3A%2F%2Fwww.w3.org%2F2000%2Fsvg%27%20width%3D%272000%27%20height%3D%271659%27%20viewBox%3D%270%200%202000%201659%27%3E%3Crect%20width%3D%272000%27%20height%3D%271659%27%20fill-opacity%3D%220%22%2F%3E%3C%2Fsvg%3E\" data-orig-src=\"https:\/\/astrea-apotheke.ch\/wp-content\/uploads\/2023\/09\/Krankenkassenpraemien_pharmasuisse-1.jpg\" data-srcset=\"https:\/\/astrea-apotheke.ch\/wp-content\/uploads\/2023\/09\/Krankenkassenpraemien_pharmasuisse-1-200x166.jpg 200w, https:\/\/astrea-apotheke.ch\/wp-content\/uploads\/2023\/09\/Krankenkassenpraemien_pharmasuisse-1-300x249.jpg 300w, https:\/\/astrea-apotheke.ch\/wp-content\/uploads\/2023\/09\/Krankenkassenpraemien_pharmasuisse-1-400x332.jpg 400w, https:\/\/astrea-apotheke.ch\/wp-content\/uploads\/2023\/09\/Krankenkassenpraemien_pharmasuisse-1-600x498.jpg 600w, https:\/\/astrea-apotheke.ch\/wp-content\/uploads\/2023\/09\/Krankenkassenpraemien_pharmasuisse-1-768x637.jpg 768w, https:\/\/astrea-apotheke.ch\/wp-content\/uploads\/2023\/09\/Krankenkassenpraemien_pharmasuisse-1-800x664.jpg 800w, https:\/\/astrea-apotheke.ch\/wp-content\/uploads\/2023\/09\/Krankenkassenpraemien_pharmasuisse-1-1024x849.jpg 1024w, https:\/\/astrea-apotheke.ch\/wp-content\/uploads\/2023\/09\/Krankenkassenpraemien_pharmasuisse-1-1200x995.jpg 1200w, https:\/\/astrea-apotheke.ch\/wp-content\/uploads\/2023\/09\/Krankenkassenpraemien_pharmasuisse-1-1536x1274.jpg 1536w, https:\/\/astrea-apotheke.ch\/wp-content\/uploads\/2023\/09\/Krankenkassenpraemien_pharmasuisse-1.jpg 2000w\" data-sizes=\"auto\" \/><\/figure><\/div><\/div>\r\n\r\n\r\n\r\n<p>Commen\u00e7ons par les bonnes nouvelles: quel que soit le prestataire ou le mod\u00e8le pour lequel vous optez, l\u2019assurance de base offre les m\u00eames prestations et les caisses-maladies doivent accepter sans r\u00e9server toute personne soumise \u00e0 l\u2019obligation de s\u2019assurer. La diff\u00e9rence r\u00e9side dans le mod\u00e8le d\u2019assurance que vous choisissez ou, autrement dit, dans le choix du premier interlocuteur en cas de probl\u00e9matique m\u00e9dicale. Hormis le libre choix du montant de la franchise, c\u2019est dans le mod\u00e8le d\u2019assurance que le potentiel d\u2019\u00e9conomies pour les assur\u00e9s est le plus important. En optant pour le mod\u00e8le des pharmacies, vous b\u00e9n\u00e9ficiez d\u2019un rabais attrayant sur les primes, ainsi que d\u2019autres avantages.<\/p>\r\n\r\n\r\n\r\n<h2 class=\"wp-block-heading\">Fonctionnement du mod\u00e8le des pharmacies<\/h2>\r\n\r\n\r\n\r\n<p>En cas de question d\u2019ordre m\u00e9dical, vous vous adressez toujours en premier lieu \u00e0 une pharmacie partenaire de votre compagnie d\u2019assurance-maladie. En tant que membre d\u2019une profession m\u00e9dicale, le pharmacien ou la pharmacienne effectue une premi\u00e8re clarification, vous conseille et vous propose un traitement. S\u2019il ne peut r\u00e9soudre votre probl\u00e8me m\u00e9dical, le pharmacien vous oriente vers un sp\u00e9cialiste ou vous vous adressez directement \u00e0 un m\u00e9decin du r\u00e9pertoire de votre caisse-maladie. En cas d\u2019urgence, de consultation chez le gyn\u00e9cologue, l\u2019ophtalmologue ou le p\u00e9diatre, vous ne devez pas vous adresser d\u2019abord \u00e0 une pharmacie, vous pouvez contacter directement le m\u00e9decin. Il en va de m\u00eame pour les traitements faisant suite \u00e0 une consultation ou en cas de traitements re\u00e7us durant un s\u00e9jour temporaire \u00e0 l\u2019\u00e9tranger.<\/p>\r\n\r\n\r\n\r\n<p>Vous envisagez de changer d\u2019assurance-maladie ou de mod\u00e8le d\u2019assurance? Ne manquez pas l\u2019\u00e9ch\u00e9ance. Les assurances-maladies ont jusqu\u2019\u00e0 fin octobre pour annoncer les primes 2024 \u00e0 leurs assur\u00e9s. Ensuite, vous avez \u00e0 votre tour jusqu\u2019\u00e0 fin novembre pour changer d\u2019assurance de base ou de mod\u00e8le d\u2019assurance.<\/p>\r\n\r\n\r\n\r\n<p>Renseignez-vous aupr\u00e8s des assurances-maladie sur le mod\u00e8le des pharmacies. Il est parfois propos\u00e9 sous forme de mod\u00e8le dit hybride ou mixte. Cela signifie qu\u2019il y a alors deux \u00e0 trois premiers interlocuteurs diff\u00e9rents: pharmacie, m\u00e9decin de famille, centre de sant\u00e9 ou service de t\u00e9l\u00e9m\u00e9decine. En fonction du mod\u00e8le, vous avez la possibilit\u00e9 en tant qu\u2019assur\u00e9(e) de choisir votre premier interlocuteur parmi les possibilit\u00e9s ou devez opter pour l\u2019un d\u2019entre eux tout au long de la dur\u00e9e de votre contrat. Souvent, ces prestataires travaillent en collaboration. Par exemple, le premier avis a lieu dans une pharmacie. Si un avis m\u00e9dical est n\u00e9cessaire, il est possible de consulter un m\u00e9decin par t\u00e9l\u00e9phone ou par l\u2019interm\u00e9diaire de l\u2019application d\u2019un fournisseur de t\u00e9l\u00e9m\u00e9decine. Les modalit\u00e9s d\u00e9taill\u00e9es varient d\u2019une assurance \u00e0 l\u2019autre. Nous vous recommandons d\u00e8s lors de lire attentivement les dispositions du contrat sur les co\u00fbts pris en charge ainsi que le r\u00e8glement des exceptions dans les conditions g\u00e9n\u00e9rales de l\u2019assurance.<\/p>\r\n\r\n\r\n\r\n<div class=\"wp-block-group is-style-default\" style=\"border-radius: 72px; margin-top: var(--wp--preset--spacing--30); margin-bottom: var(--wp--preset--spacing--80);\"><div class=\"wp-block-group__inner-container is-layout-constrained wp-container-core-group-is-layout-ef75c296 wp-block-group-is-layout-constrained\">\r\n<blockquote class=\"wp-block-quote is-style-default has-primary-color has-text-color is-layout-flow wp-block-quote-is-layout-flow\" style=\"font-size: 16px; font-style: normal; font-weight: 600;\">\r\n<p class=\"has-roboto-slab-font-family has-normal-font-size\" style=\"margin-top: var(--wp--preset--spacing--20); margin-right: var(--wp--preset--spacing--80); margin-bottom: 0; line-height: 1.5;\"><strong>Sur le site de Comparis et de la f\u00e9d\u00e9ration romande des consomateurs frc, <\/strong><br \/><strong>vous trouverez de pr\u00e9cieuses informations sur les mod\u00e8les alternatifs d\u2019assurance <\/strong><br \/><strong>de base et pourrez calculer directement votre prime au moyen du calculateur de primes.<\/strong><\/p>\r\n<\/blockquote>\r\n<\/div><\/div>\r\n\r\n\r\n\r\n<h2 class=\"wp-block-heading\">Faites confiance \u00e0 l\u2019expertise des pharmacies<\/h2>\r\n\r\n\r\n\r\n<p>Les pharmacies sont le premier point de contact facile d\u2019acc\u00e8s pour toute question relative \u00e0 la sant\u00e9 et, en leur qualit\u00e9 de prestataires de soins m\u00e9dicaux de base, elles sont parfaitement int\u00e9gr\u00e9es au syst\u00e8me de sant\u00e9 publique. En tant que membres d\u2019une profession m\u00e9dicale reconnue, les pharmaciennes et les pharmaciens sont bien plus que de simples d\u00e9taillants sp\u00e9cialis\u00e9s. Gr\u00e2ce \u00e0 leurs \u00e9tudes universitaires, \u00e0 la formation postgrade de pharmacien\u00b7ne sp\u00e9cialiste en pharmacie d\u2019officine et \u00e0 l\u2019obligation de formation continue tout au long de leur carri\u00e8re, ils sont habilit\u00e9s \u00e0 tenir une pharmacie en tant que \u00abcentre de sant\u00e9\u00bb. Les pharmaciens et leurs \u00e9quipes s\u2019\u00e9tablissent de plus en plus comme prestataires de sant\u00e9; la population leur accorde une grande confiance. C\u2019est ce que met en \u00e9vidence une \u00e9tude repr\u00e9sentative r\u00e9alis\u00e9e en 2022. 92\u2009% des personnes interrog\u00e9es qualifient l\u2019offre en pharmacie de bonne et les pharmacies figurent parmi les premi\u00e8res r\u00e9f\u00e9rences de la population en cas de probl\u00e8mes de sant\u00e9 mineurs, en deuxi\u00e8me place apr\u00e8s les m\u00e9decins. Les \u00e9quipes officinales prouvent chaque jour qu\u2019elles sont les premi\u00e8res intervenantes sant\u00e9 de la population pour les soins de premier recours, et pas uniquement pour les personnes assur\u00e9es selon le mod\u00e8le des pharmacies. Les pharmaciens et leurs \u00e9quipes jouent un r\u00f4le important aupr\u00e8s de toute la population: ils effectuent un premier triage en cas de troubles aigus et de petites blessures et sont actifs dans la pr\u00e9vention et le soutien aux personnes atteintes de maladies chroniques.<\/p>\r\n\r\n\r\n\r\n<h2 class=\"wp-block-heading\">Ensemble, \u00e9conomisons sur les co\u00fbts de la sant\u00e9!<\/h2>\r\n\r\n\r\n\r\n<p>En optant pour le mod\u00e8le des pharmacies, vous choisissez consciemment une variante d\u2019assurance avantageuse et pratique. Vous participez ainsi \u00e0 la ma\u00eetrise globale des co\u00fbts de la sant\u00e9 et au d\u00e9sengorgement des cabinets m\u00e9dicaux et des urgences. Aujourd\u2019hui encore, de nombreuses personnes renoncent \u00e0 choisir un mod\u00e8le alternatif par peur de b\u00e9n\u00e9ficier de prestations de moins bonne qualit\u00e9 ou d\u2019\u00eatre limit\u00e9es dans leur libert\u00e9. Les prestations sont d\u00e9finies par la loi et identiques pour chaque mod\u00e8le. De m\u00eame, la libert\u00e9 et la flexibilit\u00e9 demeurent consid\u00e9rables, m\u00eame dans les mod\u00e8les alternatifs.<br \/>En outre, les pharmacies s\u2019engagent depuis longtemps d\u00e9j\u00e0 pour remettre des g\u00e9n\u00e9riques \u00e0 la place des pr\u00e9parations originales co\u00fbteuses \u00e0 chaque fois que c\u2019est possible, et participent ainsi d\u00e9j\u00e0 grandement aux \u00e9conomies. Vous pouvez y contribuer en demandant syst\u00e9matiquement une alternative moins co\u00fbteuse \u2013 mais pas moins efficace \u2013 lorsque l\u2019on vous prescrit un m\u00e9dicament. Le potentiel d\u2019\u00e9conomies est important.<\/p>\r\n\r\n\r\n\r\n<p>En Suisse, bon nombre de personnes ignorent qu\u2019elles peuvent aussi b\u00e9n\u00e9ficier de certaines prestations de sant\u00e9 en pharmacie \u00e0 moindre co\u00fbt et ainsi s\u2019\u00e9pargner une consultation m\u00e9dicale, contraignante pour elles et co\u00fbteuse pour la collectivit\u00e9. En pharmacie, il est notamment possible d\u2019obtenir des m\u00e9dicaments d\u00e9livr\u00e9s sur ordonnance sans consultation m\u00e9dicale pr\u00e9alable, ou encore de se faire vacciner. Faites le test: demandez \u00e0 votre pharmacie ce qu\u2019elle propose comme prestations, qu\u2019il s\u2019agisse de pr\u00e9vention, de troubles aigus ou de maladies chroniques et de longue dur\u00e9e. Vous serez \u00e9tonn\u00e9(e) de d\u00e9couvrir tout ce que les pharmacies ont \u00e0 offrir avec une grande facilit\u00e9 d\u2019acc\u00e8s.<\/p>\r\n\r\n\r\n\r\n<p>Qu\u2019en est-il des co\u00fbts? Lors d\u2019une consultation en pharmacie, vous payez le tarif de la consultation (g\u00e9n\u00e9ralement \u00e9chelonn\u00e9 en fonction du niveau de prise en charge requis), l\u2019\u00e9ventuel test diagnostique ainsi que le traitement m\u00e9dicamenteux directement en pharmacie. Avec certaines assurances, les frais peuvent \u00eatre factur\u00e9s \u00e0 l\u2019assurance-maladie dans le cadre de mod\u00e8les de r\u00e9seau de soins int\u00e9gr\u00e9s. Renseignez-vous \u00e0 ce sujet aupr\u00e8s des caisses-maladie. \u00c9tant donn\u00e9 que de nombreuses prestations des pharmaciens ne sont pas encore prises en charge par l\u2019assurance obligatoire des soins (AOS), le potentiel des \u00e9quipes officinales n\u2019est toujours pas pleinement exploit\u00e9. Mettre \u00e0 profit ces comp\u00e9tences pourrait contribuer consid\u00e9rablement \u00e0 ma\u00eetriser l\u2019augmentation des primes et \u00e0 d\u00e9sengorger les cabinets m\u00e9dicaux et les services d\u2019urgences des h\u00f4pitaux. L\u2019\u00e9tude susmentionn\u00e9e donne aussi des chiffres sans \u00e9quivoque sur ce sujet: 62\u2009% des personnes sond\u00e9es indiquent qu\u2019elles auraient davantage recours aux prestations des pharmacies si elles \u00e9taient prises en charge par l\u2019assurance obligatoire des soins (AOS). S\u2019agissant des prestations de pr\u00e9vention, notamment de la vaccination, les sond\u00e9s seraient encore plus nombreux (72\u2009%) \u00e0 privil\u00e9gier la pharmacie si les co\u00fbts \u00e9taient pris en charge par l\u2019AOS. Chaque individu, mais aussi les prestataires de soins m\u00e9dicaux de base, les caisses d\u2019assurance- maladie ainsi que les responsables politiques ont le devoir de contribuer \u00e0 la r\u00e9duction des co\u00fbts de sant\u00e9 individuels et collectifs.<\/p>\r\n\r\n\r\n\r\n<p><strong>Vous trouverez de plus amples informations sous:<\/strong><br \/>Comparateur de primes d\u2019assurance-maladie: <a href=\"https:\/\/fr.comparis.ch\/krankenkassen\/grundversicherungen\/krankenkassenmodelle%20https:\/\/www.frc.ch\/dossiers\/dossier-primes\/\" target=\"_blank\" rel=\"noreferrer noopener\">comparis.ch<\/a><br \/><strong>Soci\u00e9t\u00e9 Suisse des Pharmaciens<\/strong>, Faits et chiffres 2023<br \/><a href=\"http:\/\/www.pharmaSuisse.org\/faits-et-chiffres-2023\">www.pharmaSuisse.org\/faits-et-chiffres-2023<\/a>, p. 20<\/p>\r\n\r\n\r\n\r\n<div class=\"wp-block-columns is-layout-flex wp-container-core-columns-is-layout-a80d5108 wp-block-columns-is-layout-flex\" style=\"margin-top: 60px; margin-bottom: 50px;\">\r\n<div class=\"wp-block-column has-background is-layout-flow wp-block-column-is-layout-flow\" style=\"background-color: #f1f2f4; flex-basis: 800px; padding: var(--wp--preset--spacing--70);\">\r\n<h2 class=\"wp-block-heading\" style=\"margin-top: var(--wp--preset--spacing--20); margin-bottom: var(--wp--preset--spacing--50); margin-left: 0; font-size: 23px;\">Vos avantages:<\/h2>\r\n\r\n\r\n\r\n<ul class=\"wp-block-list\">\r\n<li>Vous obtenez rapidement un premier avis m\u00e9dical, sans rendez- vous<\/li>\r\n\r\n\r\n\r\n<li>Bonne disponibilit\u00e9 g\u00e9ographique, horaires d\u2019ouverture conviviaux des pharmacies<\/li>\r\n\r\n\r\n\r\n<li>Malgr\u00e9 un premier interlocuteur d\u00e9fini, vous b\u00e9n\u00e9ficiez d\u2019une grande flexibilit\u00e9 et d\u2019une libert\u00e9 importante<\/li>\r\n\r\n\r\n\r\n<li>Conseil, suivi et traitement personnalis\u00e9<\/li>\r\n\r\n\r\n\r\n<li>Jusqu\u2019\u00e0 20\u2009% de remise sur les primes<\/li>\r\n<\/ul>\r\n<\/div>\r\n<\/div>\r\n\r\n\r\n","protected":false},"excerpt":{"rendered":"<p>L\u2019automne marque la p\u00e9riode de comparaison des primes d\u2019assurance-maladie. Cette  [&#8230;]<\/p>\n","protected":false},"author":17,"featured_media":24693,"comment_status":"closed","ping_status":"closed","sticky":false,"template":"","format":"standard","meta":{"_acf_changed":false,"footnotes":""},"categories":[793],"tags":[],"class_list":["post-24917","post","type-post","status-publish","format-standard","has-post-thumbnail","hentry","category-connaissances-suite"],"acf":[],"yoast_head":"<!-- This site is optimized with the Yoast SEO plugin v27.0 - https:\/\/yoast.com\/product\/yoast-seo-wordpress\/ -->\n<title>Primes de caisse-maladie: connaissez-vous le mod\u00e8le avantageux des pharmacies? - Astrea Aptheke<\/title>\n<meta name=\"robots\" content=\"index, follow, max-snippet:-1, max-image-preview:large, max-video-preview:-1\" \/>\n<link rel=\"canonical\" href=\"https:\/\/astrea-apotheke.ch\/fr\/primes-de-caisse-maladie-connaissez-vous-le-modele-avantageux-des-pharmacies\/\" \/>\n<meta property=\"og:locale\" content=\"fr_FR\" \/>\n<meta property=\"og:type\" content=\"article\" \/>\n<meta property=\"og:title\" content=\"Primes de caisse-maladie: connaissez-vous le mod\u00e8le avantageux des pharmacies? - Astrea Aptheke\" \/>\n<meta property=\"og:description\" content=\"L\u2019automne marque la p\u00e9riode de comparaison des primes d\u2019assurance-maladie. Cette [...]\" \/>\n<meta property=\"og:url\" content=\"https:\/\/astrea-apotheke.ch\/fr\/primes-de-caisse-maladie-connaissez-vous-le-modele-avantageux-des-pharmacies\/\" \/>\n<meta property=\"og:site_name\" content=\"Astrea Aptheke\" \/>\n<meta property=\"article:published_time\" content=\"2023-09-25T05:39:24+00:00\" \/>\n<meta property=\"article:modified_time\" content=\"2024-12-29T16:22:12+00:00\" \/>\n<meta property=\"og:image\" content=\"https:\/\/astrea-apotheke.ch\/wp-content\/uploads\/2023\/09\/Krankenkassenpraemien_pharmasuisse-1.jpg\" \/>\n\t<meta property=\"og:image:width\" content=\"2000\" \/>\n\t<meta property=\"og:image:height\" content=\"1659\" \/>\n\t<meta property=\"og:image:type\" content=\"image\/jpeg\" \/>\n<meta name=\"author\" content=\"Martin Frei\" \/>\n<meta name=\"twitter:card\" content=\"summary_large_image\" \/>\n<meta name=\"twitter:label1\" content=\"\u00c9crit par\" \/>\n\t<meta name=\"twitter:data1\" content=\"Martin Frei\" \/>\n\t<meta name=\"twitter:label2\" content=\"Dur\u00e9e de lecture estim\u00e9e\" \/>\n\t<meta name=\"twitter:data2\" content=\"8 minutes\" \/>\n<script type=\"application\/ld+json\" class=\"yoast-schema-graph\">{\"@context\":\"https:\/\/schema.org\",\"@graph\":[{\"@type\":\"Article\",\"@id\":\"https:\/\/astrea-apotheke.ch\/fr\/primes-de-caisse-maladie-connaissez-vous-le-modele-avantageux-des-pharmacies\/#article\",\"isPartOf\":{\"@id\":\"https:\/\/astrea-apotheke.ch\/fr\/primes-de-caisse-maladie-connaissez-vous-le-modele-avantageux-des-pharmacies\/\"},\"author\":{\"name\":\"Martin Frei\",\"@id\":\"https:\/\/astrea-apotheke.ch\/fr\/#\/schema\/person\/39aa8ce0f2b67781fde33ac2b6973621\"},\"headline\":\"Primes de caisse-maladie: connaissez-vous le mod\u00e8le avantageux des pharmacies?\",\"datePublished\":\"2023-09-25T05:39:24+00:00\",\"dateModified\":\"2024-12-29T16:22:12+00:00\",\"mainEntityOfPage\":{\"@id\":\"https:\/\/astrea-apotheke.ch\/fr\/primes-de-caisse-maladie-connaissez-vous-le-modele-avantageux-des-pharmacies\/\"},\"wordCount\":1562,\"publisher\":{\"@id\":\"https:\/\/astrea-apotheke.ch\/fr\/#organization\"},\"image\":{\"@id\":\"https:\/\/astrea-apotheke.ch\/fr\/primes-de-caisse-maladie-connaissez-vous-le-modele-avantageux-des-pharmacies\/#primaryimage\"},\"thumbnailUrl\":\"https:\/\/astrea-apotheke.ch\/wp-content\/uploads\/2023\/09\/Krankenkassenpraemien_pharmasuisse-1.jpg\",\"articleSection\":[\"Connaissances - suite\"],\"inLanguage\":\"fr-FR\"},{\"@type\":\"WebPage\",\"@id\":\"https:\/\/astrea-apotheke.ch\/fr\/primes-de-caisse-maladie-connaissez-vous-le-modele-avantageux-des-pharmacies\/\",\"url\":\"https:\/\/astrea-apotheke.ch\/fr\/primes-de-caisse-maladie-connaissez-vous-le-modele-avantageux-des-pharmacies\/\",\"name\":\"Primes de caisse-maladie: connaissez-vous le mod\u00e8le avantageux des pharmacies? - Astrea Aptheke\",\"isPartOf\":{\"@id\":\"https:\/\/astrea-apotheke.ch\/fr\/#website\"},\"primaryImageOfPage\":{\"@id\":\"https:\/\/astrea-apotheke.ch\/fr\/primes-de-caisse-maladie-connaissez-vous-le-modele-avantageux-des-pharmacies\/#primaryimage\"},\"image\":{\"@id\":\"https:\/\/astrea-apotheke.ch\/fr\/primes-de-caisse-maladie-connaissez-vous-le-modele-avantageux-des-pharmacies\/#primaryimage\"},\"thumbnailUrl\":\"https:\/\/astrea-apotheke.ch\/wp-content\/uploads\/2023\/09\/Krankenkassenpraemien_pharmasuisse-1.jpg\",\"datePublished\":\"2023-09-25T05:39:24+00:00\",\"dateModified\":\"2024-12-29T16:22:12+00:00\",\"breadcrumb\":{\"@id\":\"https:\/\/astrea-apotheke.ch\/fr\/primes-de-caisse-maladie-connaissez-vous-le-modele-avantageux-des-pharmacies\/#breadcrumb\"},\"inLanguage\":\"fr-FR\",\"potentialAction\":[{\"@type\":\"ReadAction\",\"target\":[\"https:\/\/astrea-apotheke.ch\/fr\/primes-de-caisse-maladie-connaissez-vous-le-modele-avantageux-des-pharmacies\/\"]}]},{\"@type\":\"ImageObject\",\"inLanguage\":\"fr-FR\",\"@id\":\"https:\/\/astrea-apotheke.ch\/fr\/primes-de-caisse-maladie-connaissez-vous-le-modele-avantageux-des-pharmacies\/#primaryimage\",\"url\":\"https:\/\/astrea-apotheke.ch\/wp-content\/uploads\/2023\/09\/Krankenkassenpraemien_pharmasuisse-1.jpg\",\"contentUrl\":\"https:\/\/astrea-apotheke.ch\/wp-content\/uploads\/2023\/09\/Krankenkassenpraemien_pharmasuisse-1.jpg\",\"width\":2000,\"height\":1659,\"caption\":\"\u00a9 PharmaSuisse\"},{\"@type\":\"BreadcrumbList\",\"@id\":\"https:\/\/astrea-apotheke.ch\/fr\/primes-de-caisse-maladie-connaissez-vous-le-modele-avantageux-des-pharmacies\/#breadcrumb\",\"itemListElement\":[{\"@type\":\"ListItem\",\"position\":1,\"name\":\"Startseite\",\"item\":\"https:\/\/astrea-apotheke.ch\/fr\/\"},{\"@type\":\"ListItem\",\"position\":2,\"name\":\"Primes de caisse-maladie: connaissez-vous le mod\u00e8le avantageux des pharmacies?\"}]},{\"@type\":\"WebSite\",\"@id\":\"https:\/\/astrea-apotheke.ch\/fr\/#website\",\"url\":\"https:\/\/astrea-apotheke.ch\/fr\/\",\"name\":\"astrea Bulletin\",\"description\":\"Gesundheitsmagazin\",\"publisher\":{\"@id\":\"https:\/\/astrea-apotheke.ch\/fr\/#organization\"},\"potentialAction\":[{\"@type\":\"SearchAction\",\"target\":{\"@type\":\"EntryPoint\",\"urlTemplate\":\"https:\/\/astrea-apotheke.ch\/fr\/?s={search_term_string}\"},\"query-input\":{\"@type\":\"PropertyValueSpecification\",\"valueRequired\":true,\"valueName\":\"search_term_string\"}}],\"inLanguage\":\"fr-FR\"},{\"@type\":\"Organization\",\"@id\":\"https:\/\/astrea-apotheke.ch\/fr\/#organization\",\"name\":\"astrea Bulletin\",\"url\":\"https:\/\/astrea-apotheke.ch\/fr\/\",\"logo\":{\"@type\":\"ImageObject\",\"inLanguage\":\"fr-FR\",\"@id\":\"https:\/\/astrea-apotheke.ch\/fr\/#\/schema\/logo\/image\/\",\"url\":\"http:\/\/apotheke.astrea-bulletin.ch\/wp-content\/uploads\/2024\/08\/Logo_Astrea-Bulletin_RGB.jpg\",\"contentUrl\":\"http:\/\/apotheke.astrea-bulletin.ch\/wp-content\/uploads\/2024\/08\/Logo_Astrea-Bulletin_RGB.jpg\",\"width\":1429,\"height\":560,\"caption\":\"astrea Bulletin\"},\"image\":{\"@id\":\"https:\/\/astrea-apotheke.ch\/fr\/#\/schema\/logo\/image\/\"}},{\"@type\":\"Person\",\"@id\":\"https:\/\/astrea-apotheke.ch\/fr\/#\/schema\/person\/39aa8ce0f2b67781fde33ac2b6973621\",\"name\":\"Martin Frei\",\"image\":{\"@type\":\"ImageObject\",\"inLanguage\":\"fr-FR\",\"@id\":\"https:\/\/astrea-apotheke.ch\/fr\/#\/schema\/person\/image\/\",\"url\":\"https:\/\/secure.gravatar.com\/avatar\/00c4b57406de201a7a169b77cf04081c7fab3cdcbeb2f85fc40f91bbccb78741?s=96&d=mm&r=g\",\"contentUrl\":\"https:\/\/secure.gravatar.com\/avatar\/00c4b57406de201a7a169b77cf04081c7fab3cdcbeb2f85fc40f91bbccb78741?s=96&d=mm&r=g\",\"caption\":\"Martin Frei\"},\"url\":\"https:\/\/astrea-apotheke.ch\/fr\/author\/martin-frei\/\"}]}<\/script>\n<!-- \/ Yoast SEO plugin. -->","yoast_head_json":{"title":"Primes de caisse-maladie: connaissez-vous le mod\u00e8le avantageux des pharmacies? - Astrea Aptheke","robots":{"index":"index","follow":"follow","max-snippet":"max-snippet:-1","max-image-preview":"max-image-preview:large","max-video-preview":"max-video-preview:-1"},"canonical":"https:\/\/astrea-apotheke.ch\/fr\/primes-de-caisse-maladie-connaissez-vous-le-modele-avantageux-des-pharmacies\/","og_locale":"fr_FR","og_type":"article","og_title":"Primes de caisse-maladie: connaissez-vous le mod\u00e8le avantageux des pharmacies? - Astrea Aptheke","og_description":"L\u2019automne marque la p\u00e9riode de comparaison des primes d\u2019assurance-maladie. Cette [...]","og_url":"https:\/\/astrea-apotheke.ch\/fr\/primes-de-caisse-maladie-connaissez-vous-le-modele-avantageux-des-pharmacies\/","og_site_name":"Astrea Aptheke","article_published_time":"2023-09-25T05:39:24+00:00","article_modified_time":"2024-12-29T16:22:12+00:00","og_image":[{"width":2000,"height":1659,"url":"https:\/\/astrea-apotheke.ch\/wp-content\/uploads\/2023\/09\/Krankenkassenpraemien_pharmasuisse-1.jpg","type":"image\/jpeg"}],"author":"Martin Frei","twitter_card":"summary_large_image","twitter_misc":{"\u00c9crit par":"Martin Frei","Dur\u00e9e de lecture estim\u00e9e":"8 minutes"},"schema":{"@context":"https:\/\/schema.org","@graph":[{"@type":"Article","@id":"https:\/\/astrea-apotheke.ch\/fr\/primes-de-caisse-maladie-connaissez-vous-le-modele-avantageux-des-pharmacies\/#article","isPartOf":{"@id":"https:\/\/astrea-apotheke.ch\/fr\/primes-de-caisse-maladie-connaissez-vous-le-modele-avantageux-des-pharmacies\/"},"author":{"name":"Martin Frei","@id":"https:\/\/astrea-apotheke.ch\/fr\/#\/schema\/person\/39aa8ce0f2b67781fde33ac2b6973621"},"headline":"Primes de caisse-maladie: connaissez-vous le mod\u00e8le avantageux des pharmacies?","datePublished":"2023-09-25T05:39:24+00:00","dateModified":"2024-12-29T16:22:12+00:00","mainEntityOfPage":{"@id":"https:\/\/astrea-apotheke.ch\/fr\/primes-de-caisse-maladie-connaissez-vous-le-modele-avantageux-des-pharmacies\/"},"wordCount":1562,"publisher":{"@id":"https:\/\/astrea-apotheke.ch\/fr\/#organization"},"image":{"@id":"https:\/\/astrea-apotheke.ch\/fr\/primes-de-caisse-maladie-connaissez-vous-le-modele-avantageux-des-pharmacies\/#primaryimage"},"thumbnailUrl":"https:\/\/astrea-apotheke.ch\/wp-content\/uploads\/2023\/09\/Krankenkassenpraemien_pharmasuisse-1.jpg","articleSection":["Connaissances - suite"],"inLanguage":"fr-FR"},{"@type":"WebPage","@id":"https:\/\/astrea-apotheke.ch\/fr\/primes-de-caisse-maladie-connaissez-vous-le-modele-avantageux-des-pharmacies\/","url":"https:\/\/astrea-apotheke.ch\/fr\/primes-de-caisse-maladie-connaissez-vous-le-modele-avantageux-des-pharmacies\/","name":"Primes de caisse-maladie: connaissez-vous le mod\u00e8le avantageux des pharmacies? - Astrea Aptheke","isPartOf":{"@id":"https:\/\/astrea-apotheke.ch\/fr\/#website"},"primaryImageOfPage":{"@id":"https:\/\/astrea-apotheke.ch\/fr\/primes-de-caisse-maladie-connaissez-vous-le-modele-avantageux-des-pharmacies\/#primaryimage"},"image":{"@id":"https:\/\/astrea-apotheke.ch\/fr\/primes-de-caisse-maladie-connaissez-vous-le-modele-avantageux-des-pharmacies\/#primaryimage"},"thumbnailUrl":"https:\/\/astrea-apotheke.ch\/wp-content\/uploads\/2023\/09\/Krankenkassenpraemien_pharmasuisse-1.jpg","datePublished":"2023-09-25T05:39:24+00:00","dateModified":"2024-12-29T16:22:12+00:00","breadcrumb":{"@id":"https:\/\/astrea-apotheke.ch\/fr\/primes-de-caisse-maladie-connaissez-vous-le-modele-avantageux-des-pharmacies\/#breadcrumb"},"inLanguage":"fr-FR","potentialAction":[{"@type":"ReadAction","target":["https:\/\/astrea-apotheke.ch\/fr\/primes-de-caisse-maladie-connaissez-vous-le-modele-avantageux-des-pharmacies\/"]}]},{"@type":"ImageObject","inLanguage":"fr-FR","@id":"https:\/\/astrea-apotheke.ch\/fr\/primes-de-caisse-maladie-connaissez-vous-le-modele-avantageux-des-pharmacies\/#primaryimage","url":"https:\/\/astrea-apotheke.ch\/wp-content\/uploads\/2023\/09\/Krankenkassenpraemien_pharmasuisse-1.jpg","contentUrl":"https:\/\/astrea-apotheke.ch\/wp-content\/uploads\/2023\/09\/Krankenkassenpraemien_pharmasuisse-1.jpg","width":2000,"height":1659,"caption":"\u00a9 PharmaSuisse"},{"@type":"BreadcrumbList","@id":"https:\/\/astrea-apotheke.ch\/fr\/primes-de-caisse-maladie-connaissez-vous-le-modele-avantageux-des-pharmacies\/#breadcrumb","itemListElement":[{"@type":"ListItem","position":1,"name":"Startseite","item":"https:\/\/astrea-apotheke.ch\/fr\/"},{"@type":"ListItem","position":2,"name":"Primes de caisse-maladie: connaissez-vous le mod\u00e8le avantageux des pharmacies?"}]},{"@type":"WebSite","@id":"https:\/\/astrea-apotheke.ch\/fr\/#website","url":"https:\/\/astrea-apotheke.ch\/fr\/","name":"astrea Bulletin","description":"Gesundheitsmagazin","publisher":{"@id":"https:\/\/astrea-apotheke.ch\/fr\/#organization"},"potentialAction":[{"@type":"SearchAction","target":{"@type":"EntryPoint","urlTemplate":"https:\/\/astrea-apotheke.ch\/fr\/?s={search_term_string}"},"query-input":{"@type":"PropertyValueSpecification","valueRequired":true,"valueName":"search_term_string"}}],"inLanguage":"fr-FR"},{"@type":"Organization","@id":"https:\/\/astrea-apotheke.ch\/fr\/#organization","name":"astrea Bulletin","url":"https:\/\/astrea-apotheke.ch\/fr\/","logo":{"@type":"ImageObject","inLanguage":"fr-FR","@id":"https:\/\/astrea-apotheke.ch\/fr\/#\/schema\/logo\/image\/","url":"http:\/\/apotheke.astrea-bulletin.ch\/wp-content\/uploads\/2024\/08\/Logo_Astrea-Bulletin_RGB.jpg","contentUrl":"http:\/\/apotheke.astrea-bulletin.ch\/wp-content\/uploads\/2024\/08\/Logo_Astrea-Bulletin_RGB.jpg","width":1429,"height":560,"caption":"astrea Bulletin"},"image":{"@id":"https:\/\/astrea-apotheke.ch\/fr\/#\/schema\/logo\/image\/"}},{"@type":"Person","@id":"https:\/\/astrea-apotheke.ch\/fr\/#\/schema\/person\/39aa8ce0f2b67781fde33ac2b6973621","name":"Martin Frei","image":{"@type":"ImageObject","inLanguage":"fr-FR","@id":"https:\/\/astrea-apotheke.ch\/fr\/#\/schema\/person\/image\/","url":"https:\/\/secure.gravatar.com\/avatar\/00c4b57406de201a7a169b77cf04081c7fab3cdcbeb2f85fc40f91bbccb78741?s=96&d=mm&r=g","contentUrl":"https:\/\/secure.gravatar.com\/avatar\/00c4b57406de201a7a169b77cf04081c7fab3cdcbeb2f85fc40f91bbccb78741?s=96&d=mm&r=g","caption":"Martin Frei"},"url":"https:\/\/astrea-apotheke.ch\/fr\/author\/martin-frei\/"}]}},"_links":{"self":[{"href":"https:\/\/astrea-apotheke.ch\/fr\/wp-json\/wp\/v2\/posts\/24917","targetHints":{"allow":["GET"]}}],"collection":[{"href":"https:\/\/astrea-apotheke.ch\/fr\/wp-json\/wp\/v2\/posts"}],"about":[{"href":"https:\/\/astrea-apotheke.ch\/fr\/wp-json\/wp\/v2\/types\/post"}],"author":[{"embeddable":true,"href":"https:\/\/astrea-apotheke.ch\/fr\/wp-json\/wp\/v2\/users\/17"}],"replies":[{"embeddable":true,"href":"https:\/\/astrea-apotheke.ch\/fr\/wp-json\/wp\/v2\/comments?post=24917"}],"version-history":[{"count":2,"href":"https:\/\/astrea-apotheke.ch\/fr\/wp-json\/wp\/v2\/posts\/24917\/revisions"}],"predecessor-version":[{"id":31257,"href":"https:\/\/astrea-apotheke.ch\/fr\/wp-json\/wp\/v2\/posts\/24917\/revisions\/31257"}],"wp:featuredmedia":[{"embeddable":true,"href":"https:\/\/astrea-apotheke.ch\/fr\/wp-json\/wp\/v2\/media\/24693"}],"wp:attachment":[{"href":"https:\/\/astrea-apotheke.ch\/fr\/wp-json\/wp\/v2\/media?parent=24917"}],"wp:term":[{"taxonomy":"category","embeddable":true,"href":"https:\/\/astrea-apotheke.ch\/fr\/wp-json\/wp\/v2\/categories?post=24917"},{"taxonomy":"post_tag","embeddable":true,"href":"https:\/\/astrea-apotheke.ch\/fr\/wp-json\/wp\/v2\/tags?post=24917"}],"curies":[{"name":"wp","href":"https:\/\/api.w.org\/{rel}","templated":true}]}}