{"id":25033,"date":"2023-09-20T16:26:42","date_gmt":"2023-09-20T14:26:42","guid":{"rendered":"https:\/\/new.astrea-apotheke.ch\/quand-la-peau-vieillit\/"},"modified":"2024-12-29T19:20:49","modified_gmt":"2024-12-29T17:20:49","slug":"quand-la-peau-vieillit","status":"publish","type":"post","link":"https:\/\/astrea-apotheke.ch\/fr\/quand-la-peau-vieillit\/","title":{"rendered":"Quand la peau vieillit"},"content":{"rendered":"<h1 style=\"font-size:51px;font-style:normal;font-weight:400; margin-bottom:var(--wp--preset--spacing--50);\" class=\"wp-block-post-title has-roboto-slab-font-family\">Quand la peau vieillit<\/h1>\r\n\r\n\r\n<p class=\"has-primary-color has-text-color has-roboto-font-family\" style=\"margin-bottom: var(--wp--preset--spacing--20); font-size: 23px; line-height: 1.5;\"><em>Des soins optimaux et l\u2019\u00e9vitement des facteurs susceptibles de l\u2019ab\u00eemer peuvent ralentir son vieillissement. M\u00eame si certaines modifications visibles li\u00e9es \u00e0 l\u2019\u00e2ge peuvent \u00abjuste\u00bb occasionner une g\u00eane esth\u00e9tique, elles m\u00e9ritent un avis m\u00e9dical.<\/em><\/p>\r\n\r\n\r\n<div style=\"font-size:14px;text-transform:uppercase; margin-bottom:var(--wp--preset--spacing--60);\" class=\"wp-block-post-author\"><div class=\"wp-block-post-author__content\"><p class=\"wp-block-post-author__byline\"><strong>Text:<\/strong><\/p><p class=\"wp-block-post-author__name\"><a href=\"https:\/\/astrea-apotheke.ch\/fr\/author\/juerg-lendemann\/\" target=\"_self\">J\u00fcrg Lendenmann<\/a><\/p><p class=\"wp-block-post-author__bio\"><\/p><\/div><\/div>\r\n\r\n\r\n<div class=\"wp-block-group is-content-justification-left\" style=\"margin-top: var(--wp--preset--spacing--50); margin-bottom: var(--wp--preset--spacing--70);\"><div class=\"wp-block-group__inner-container is-layout-constrained wp-container-core-group-is-layout-b81d822d wp-block-group-is-layout-constrained\"><\/div><\/div>\r\n\r\n\r\n\r\n<p>Les premiers signes de vieillissement peuvent appara\u00eetre d\u00e8s 20 \u00e0 30\u202fans. La peau se modifie avec le temps. Elle devient plus s\u00e8che et squameuse, car les glandes s\u00e9bac\u00e9es produisent moins de s\u00e9bum et l\u2019\u00e9piderme stocke moins bien les lipides. Elle s\u2019affine \u00e9galement, laissant les vaisseaux plus visibles, et devient plus sensible aux infections.<\/p>\r\n\r\n\r\n\r\n<p>\u00c0 cause d\u2019un d\u00e9ficit en \u00e9lastine (une prot\u00e9ine importante pour la peau), elle perd en \u00e9lasticit\u00e9 et produit aussi moins de collag\u00e8ne, une autre prot\u00e9ine qui la soutient. La concentration en acide hyaluronique, une substance capable de retenir l\u2019eau, diminue \u00e9galement et le film hydrolipidique perd en efficacit\u00e9. La peau devient moins r\u00e9sistante. Au final, elle se rel\u00e2che, se dess\u00e8che et se ride.<\/p>\r\n\r\n\r\n\r\n<div class=\"wp-block-group is-style-default\" style=\"border-radius: 72px; margin-top: var(--wp--preset--spacing--30); margin-bottom: var(--wp--preset--spacing--80);\"><div class=\"wp-block-group__inner-container is-layout-constrained wp-container-core-group-is-layout-ef75c296 wp-block-group-is-layout-constrained\">\r\n<blockquote class=\"wp-block-quote is-style-default has-primary-color has-text-color is-layout-flow wp-block-quote-is-layout-flow\" style=\"font-size: 16px; font-style: normal; font-weight: 600;\">\r\n<p>\u00abAvec les ann\u00e9es, la peau se ride,<br \/>mais seul l\u2019abandon de l\u2019enthousiasme<br \/>froisse l\u2019\u00e2me.\u00bb<\/p>\r\n<cite>Albert Schweizer<\/cite><\/blockquote>\r\n<\/div><\/div>\r\n\r\n\r\n\r\n<p>La rapidit\u00e9 \u00e0 laquelle la peau vieillit est en partie d\u00e9termin\u00e9e par l\u2019h\u00e9r\u00e9dit\u00e9 et les g\u00e8nes. Mais il est possible de ralentir ces processus par des soins appropri\u00e9s et en \u00e9vitant les facteurs environnementaux d\u00e9favorables (voir l\u2019encadr\u00e9).<\/p>\r\n\r\n\r\n\r\n<p>Les modifications apparentes de la peau les plus fr\u00e9quentes sont:<\/p>\r\n\r\n\r\n\r\n<h2 class=\"wp-block-heading\">Le fibrome<\/h2>\r\n\r\n\r\n\r\n<p>C\u2019est ainsi qu\u2019on appelle une tumeur b\u00e9nigne du tissu conjonctif qui forme une petite protub\u00e9rance. Les fibromes simples jug\u00e9s g\u00eanants peuvent \u00eatre \u00e9limin\u00e9s sans complications par un m\u00e9decin \u00e0 l\u2019aide de diff\u00e9rentes m\u00e9thodes.<\/p>\r\n\r\n\r\n\r\n<h2 class=\"wp-block-heading\">La couperose<\/h2>\r\n\r\n\r\n\r\n<p>Quand de petits vaisseaux rouges deviennent visibles sur le visage, les joues et autour du nez, c\u2019est parce qu\u2019ils sont dilat\u00e9s. La couperose disgracieuse peut \u00eatre trait\u00e9e par lampe flash \u00e0 lumi\u00e8re intense puls\u00e9e (IPL) ou par laser.<\/p>\r\n\r\n\r\n\r\n<h2 class=\"wp-block-heading\">Les troubles de la k\u00e9ratinisation<\/h2>\r\n\r\n\r\n\r\n<p>Quand les couches de peau morte ne s\u2019\u00e9liminent plus normalement, des troubles de la k\u00e9ratinisation peuvent appara\u00eetre, plus particuli\u00e8rement sur le visage des hommes. Des lotions et des cr\u00e8mes riches en facteurs hydratants comme l\u2019ur\u00e9e peuvent att\u00e9nuer le probl\u00e8me.<\/p>\r\n\r\n\r\n\r\n<h2 class=\"wp-block-heading\">Les taches de vieillesse<\/h2>\r\n\r\n\r\n\r\n<p>Le plus souvent, les taches de vieillesse apparaissent sur les zones qui ont \u00e9t\u00e9 fr\u00e9quemment expos\u00e9es au soleil, notamment sur les mains et le visage. Si on les trouve g\u00eanantes, elles peuvent \u00eatre \u00e9limin\u00e9es par lampe flash (IPL), laser ou azote liquide (cryoth\u00e9rapie). Il existe aussi des pr\u00e9parations \u00e9claircissantes disponibles en pharmacie; n\u2019h\u00e9sitez pas \u00e0 demander conseil!<\/p>\r\n\r\n\r\n\r\n<h2 class=\"wp-block-heading\">Les verrues s\u00e9niles<\/h2>\r\n\r\n\r\n\r\n<p>Pour exclure un \u00e9ventuel cancer de la peau, les verrues s\u00e9niles (k\u00e9ratose s\u00e9borrh\u00e9ique) exigent un avis m\u00e9dical. Ces excroissances cutan\u00e9es brun clair \u00e0 brun fonc\u00e9 ne sont pas de vraies verrues, car elles ne sont pas dues \u00e0 un virus. Les verrues s\u00e9niles peuvent provoquer une g\u00eane esth\u00e9tique mais aussi se desquamer, d\u00e9manger et parfois saigner. Si n\u00e9cessaire, elles peuvent \u00eatre enlev\u00e9es sous anesth\u00e9sie locale \u00e0 l\u2019aide d\u2019un scalpel.<\/p>\r\n\r\n\r\n\r\n<h2 class=\"wp-block-heading\">La k\u00e9ratose actinique<\/h2>\r\n\r\n\r\n\r\n<p>Cette l\u00e9sion pr\u00e9curseur d\u2019une tumeur non pigmentaire appara\u00eet surtout sur le visage. Souvent d\u2019abord seulement palpable sous forme de nodule dur de la couleur de la peau, elle peut se d\u00e9velopper et former de la corne. Ces modifications de la peau doivent \u00eatre examin\u00e9es et trait\u00e9es le plus vite possible par un(e) dermatologue. En g\u00e9n\u00e9ral, le traitement passe par la th\u00e9rapie photodynamique, mais d\u2019autres m\u00e9thodes comme la cryoth\u00e9rapie peuvent \u00eatre envisag\u00e9es. Des contr\u00f4les de suivi r\u00e9guliers sont ensuite importants pour d\u00e9pister et traiter \u00e0 temps une \u00e9ventuelle tumeur maligne. Il est aussi indispensable de bien se prot\u00e9ger du soleil.<\/p>\r\n\r\n\r\n\r\n<h2 class=\"wp-block-heading\">Les infections cutan\u00e9es<\/h2>\r\n\r\n\r\n\r\n<p>Avec l\u2019\u00e2ge, les infections provoqu\u00e9es par des bact\u00e9ries, des virus ou des champignons sont plus fr\u00e9quentes. C\u2019est le cas par exemple de l\u2019\u00e9rysip\u00e8le d\u00fb \u00e0 des streptocoques, ou du zona provoqu\u00e9 par un herp\u00e8svirus. Les mycoses de la bouche ou des ongles se multiplient \u00e9galement.<\/p>\r\n\r\n\r\n\r\n<p>La rosac\u00e9e est une affection cutan\u00e9e dont la cause est mal d\u00e9finie. Elle r\u00e9pond bien aux traitements antibiotiques, ce qui semble indiquer une origine bact\u00e9rienne. La rosac\u00e9e se caract\u00e9rise par une hyperactivit\u00e9 des vaisseaux au niveau du visage \u2013 au d\u00e9but, le plus souvent autour du nez. On dispose de diff\u00e9rents traitements pour la soigner.<\/p>\r\n\r\n\r\n\r\n<div class=\"wp-block-columns is-layout-flex wp-container-core-columns-is-layout-a80d5108 wp-block-columns-is-layout-flex\" style=\"margin-top: 60px; margin-bottom: 50px;\">\r\n<div class=\"wp-block-column has-background is-layout-flow wp-block-column-is-layout-flow\" style=\"background-color: #f1f2f4; flex-basis: 800px; padding: var(--wp--preset--spacing--70);\">\r\n<h2 class=\"wp-block-heading\" style=\"margin-top: var(--wp--preset--spacing--20); margin-bottom: var(--wp--preset--spacing--50); margin-left: 0; font-size: 23px;\">Les soins de la peau vieillissante<\/h2>\r\n\r\n\r\n\r\n<ul class=\"wp-block-list\">\r\n<li>Buvez suffisamment.<\/li>\r\n\r\n\r\n\r\n<li>Limitez les bains tr\u00e8s chauds et douchez-vous \u00e0 l\u2019eau la plus froide possible; cela dess\u00e8che moins la peau.<\/li>\r\n\r\n\r\n\r\n<li>Pr\u00e9f\u00e9rez un syndet \u2013 qui n\u2019attaque pas le film hydrolipidique \u2013 ou une lotion douce aux savons.<\/li>\r\n\r\n\r\n\r\n<li>S\u00e9chez-vous soigneusement. \u00c9vitez les produits de soin contenant des tensioactifs, qui privent la peau de lipides; les produits qui contiennent de l\u2019alcool d\u00e9graissent aussi la peau et l\u2019irritent.<\/li>\r\n\r\n\r\n\r\n<li>Soignez votre peau avec des produits hydratants \u00e0 base d\u2019ur\u00e9e et apportez-lui suffisamment de lipides. Pour la peau du visage, misez sur des lotions huile dans l\u2019eau le matin et eau dans l\u2019huile le soir. Les produits relipidants sont souvent \u00e0 base d\u2019huile de jojoba, d\u2019avocat ou d\u2019amande.<\/li>\r\n\r\n\r\n\r\n<li>Les soins de peau au collag\u00e8ne retiennent l\u2019eau dans la peau et lui donnent plus de volume, d\u2019\u00e9lasticit\u00e9 et de fermet\u00e9.<\/li>\r\n\r\n\r\n\r\n<li>\u00c9vitez les facteurs qui agressent la peau comme les UVA et les UVB (protection solaire!) et la consommation de tabac et d\u2019alcool; une alimentation peu \u00e9quilibr\u00e9e, la chaleur et le froid, le stress et le manque de sommeil peuvent aussi nuire \u00e0 la texture de la peau.<\/li>\r\n\r\n\r\n\r\n<li>Veillez \u00e0 avoir une alimentation saine riche en l\u00e9gumes, en fruits et en fibres. Outre diff\u00e9rentes vitamines, les acides gras om\u00e9ga-3 jouent aussi un r\u00f4le important. Limitez la consommation de sucre.<\/li>\r\n<\/ul>\r\n<\/div>\r\n<\/div>\r\n\r\n\r\n","protected":false},"excerpt":{"rendered":"<p>Des soins optimaux et l\u2019\u00e9vitement des facteurs susceptibles de l\u2019ab\u00eemer  [&#8230;]<\/p>\n","protected":false},"author":20,"featured_media":25030,"comment_status":"closed","ping_status":"closed","sticky":false,"template":"","format":"standard","meta":{"_acf_changed":false,"footnotes":""},"categories":[777,775],"tags":[],"class_list":["post-25033","post","type-post","status-publish","format-standard","has-post-thumbnail","hentry","category-age","category-sante-des-organes"],"acf":[],"yoast_head":"<!-- This site is optimized with the Yoast SEO plugin v27.0 - https:\/\/yoast.com\/product\/yoast-seo-wordpress\/ -->\n<title>Quand la peau vieillit - Astrea Aptheke<\/title>\n<meta name=\"robots\" content=\"index, follow, max-snippet:-1, max-image-preview:large, max-video-preview:-1\" \/>\n<link rel=\"canonical\" href=\"https:\/\/astrea-apotheke.ch\/fr\/quand-la-peau-vieillit\/\" \/>\n<meta property=\"og:locale\" content=\"fr_FR\" \/>\n<meta property=\"og:type\" content=\"article\" \/>\n<meta property=\"og:title\" content=\"Quand la peau vieillit - Astrea Aptheke\" \/>\n<meta property=\"og:description\" content=\"Des soins optimaux et l\u2019\u00e9vitement des facteurs susceptibles de l\u2019ab\u00eemer [...]\" \/>\n<meta property=\"og:url\" content=\"https:\/\/astrea-apotheke.ch\/fr\/quand-la-peau-vieillit\/\" \/>\n<meta property=\"og:site_name\" content=\"Astrea Aptheke\" \/>\n<meta property=\"article:published_time\" content=\"2023-09-20T14:26:42+00:00\" \/>\n<meta property=\"article:modified_time\" content=\"2024-12-29T17:20:49+00:00\" \/>\n<meta name=\"author\" content=\"J\u00fcrg Lendenmann\" \/>\n<meta name=\"twitter:card\" content=\"summary_large_image\" \/>\n<meta name=\"twitter:label1\" content=\"\u00c9crit par\" \/>\n\t<meta name=\"twitter:data1\" content=\"J\u00fcrg Lendenmann\" \/>\n\t<meta name=\"twitter:label2\" content=\"Dur\u00e9e de lecture estim\u00e9e\" \/>\n\t<meta name=\"twitter:data2\" content=\"5 minutes\" \/>\n<script type=\"application\/ld+json\" class=\"yoast-schema-graph\">{\"@context\":\"https:\/\/schema.org\",\"@graph\":[{\"@type\":\"Article\",\"@id\":\"https:\/\/astrea-apotheke.ch\/fr\/quand-la-peau-vieillit\/#article\",\"isPartOf\":{\"@id\":\"https:\/\/astrea-apotheke.ch\/fr\/quand-la-peau-vieillit\/\"},\"author\":{\"name\":\"J\u00fcrg Lendenmann\",\"@id\":\"https:\/\/astrea-apotheke.ch\/fr\/#\/schema\/person\/ce803b8abbd8e46b197a1320a460b8d6\"},\"headline\":\"Quand la peau vieillit\",\"datePublished\":\"2023-09-20T14:26:42+00:00\",\"dateModified\":\"2024-12-29T17:20:49+00:00\",\"mainEntityOfPage\":{\"@id\":\"https:\/\/astrea-apotheke.ch\/fr\/quand-la-peau-vieillit\/\"},\"wordCount\":1026,\"publisher\":{\"@id\":\"https:\/\/astrea-apotheke.ch\/fr\/#organization\"},\"image\":{\"@id\":\"https:\/\/astrea-apotheke.ch\/fr\/quand-la-peau-vieillit\/#primaryimage\"},\"thumbnailUrl\":\"\",\"articleSection\":[\"\u00c2ge\",\"Sant\u00e9 des organes\"],\"inLanguage\":\"fr-FR\"},{\"@type\":\"WebPage\",\"@id\":\"https:\/\/astrea-apotheke.ch\/fr\/quand-la-peau-vieillit\/\",\"url\":\"https:\/\/astrea-apotheke.ch\/fr\/quand-la-peau-vieillit\/\",\"name\":\"Quand la peau vieillit - Astrea Aptheke\",\"isPartOf\":{\"@id\":\"https:\/\/astrea-apotheke.ch\/fr\/#website\"},\"primaryImageOfPage\":{\"@id\":\"https:\/\/astrea-apotheke.ch\/fr\/quand-la-peau-vieillit\/#primaryimage\"},\"image\":{\"@id\":\"https:\/\/astrea-apotheke.ch\/fr\/quand-la-peau-vieillit\/#primaryimage\"},\"thumbnailUrl\":\"\",\"datePublished\":\"2023-09-20T14:26:42+00:00\",\"dateModified\":\"2024-12-29T17:20:49+00:00\",\"breadcrumb\":{\"@id\":\"https:\/\/astrea-apotheke.ch\/fr\/quand-la-peau-vieillit\/#breadcrumb\"},\"inLanguage\":\"fr-FR\",\"potentialAction\":[{\"@type\":\"ReadAction\",\"target\":[\"https:\/\/astrea-apotheke.ch\/fr\/quand-la-peau-vieillit\/\"]}]},{\"@type\":\"ImageObject\",\"inLanguage\":\"fr-FR\",\"@id\":\"https:\/\/astrea-apotheke.ch\/fr\/quand-la-peau-vieillit\/#primaryimage\",\"url\":\"\",\"contentUrl\":\"\"},{\"@type\":\"BreadcrumbList\",\"@id\":\"https:\/\/astrea-apotheke.ch\/fr\/quand-la-peau-vieillit\/#breadcrumb\",\"itemListElement\":[{\"@type\":\"ListItem\",\"position\":1,\"name\":\"Startseite\",\"item\":\"https:\/\/astrea-apotheke.ch\/fr\/\"},{\"@type\":\"ListItem\",\"position\":2,\"name\":\"Quand la peau vieillit\"}]},{\"@type\":\"WebSite\",\"@id\":\"https:\/\/astrea-apotheke.ch\/fr\/#website\",\"url\":\"https:\/\/astrea-apotheke.ch\/fr\/\",\"name\":\"astrea Bulletin\",\"description\":\"Gesundheitsmagazin\",\"publisher\":{\"@id\":\"https:\/\/astrea-apotheke.ch\/fr\/#organization\"},\"potentialAction\":[{\"@type\":\"SearchAction\",\"target\":{\"@type\":\"EntryPoint\",\"urlTemplate\":\"https:\/\/astrea-apotheke.ch\/fr\/?s={search_term_string}\"},\"query-input\":{\"@type\":\"PropertyValueSpecification\",\"valueRequired\":true,\"valueName\":\"search_term_string\"}}],\"inLanguage\":\"fr-FR\"},{\"@type\":\"Organization\",\"@id\":\"https:\/\/astrea-apotheke.ch\/fr\/#organization\",\"name\":\"astrea Bulletin\",\"url\":\"https:\/\/astrea-apotheke.ch\/fr\/\",\"logo\":{\"@type\":\"ImageObject\",\"inLanguage\":\"fr-FR\",\"@id\":\"https:\/\/astrea-apotheke.ch\/fr\/#\/schema\/logo\/image\/\",\"url\":\"http:\/\/apotheke.astrea-bulletin.ch\/wp-content\/uploads\/2024\/08\/Logo_Astrea-Bulletin_RGB.jpg\",\"contentUrl\":\"http:\/\/apotheke.astrea-bulletin.ch\/wp-content\/uploads\/2024\/08\/Logo_Astrea-Bulletin_RGB.jpg\",\"width\":1429,\"height\":560,\"caption\":\"astrea Bulletin\"},\"image\":{\"@id\":\"https:\/\/astrea-apotheke.ch\/fr\/#\/schema\/logo\/image\/\"}},{\"@type\":\"Person\",\"@id\":\"https:\/\/astrea-apotheke.ch\/fr\/#\/schema\/person\/ce803b8abbd8e46b197a1320a460b8d6\",\"name\":\"J\u00fcrg Lendenmann\",\"image\":{\"@type\":\"ImageObject\",\"inLanguage\":\"fr-FR\",\"@id\":\"https:\/\/astrea-apotheke.ch\/fr\/#\/schema\/person\/image\/\",\"url\":\"https:\/\/secure.gravatar.com\/avatar\/a86d8eb75c259a13eed14bd5bf4454f493ceb520d8bda0a907a7636fd29d6e80?s=96&d=mm&r=g\",\"contentUrl\":\"https:\/\/secure.gravatar.com\/avatar\/a86d8eb75c259a13eed14bd5bf4454f493ceb520d8bda0a907a7636fd29d6e80?s=96&d=mm&r=g\",\"caption\":\"J\u00fcrg Lendenmann\"},\"url\":\"https:\/\/astrea-apotheke.ch\/fr\/author\/juerg-lendemann\/\"}]}<\/script>\n<!-- \/ Yoast SEO plugin. -->","yoast_head_json":{"title":"Quand la peau vieillit - Astrea Aptheke","robots":{"index":"index","follow":"follow","max-snippet":"max-snippet:-1","max-image-preview":"max-image-preview:large","max-video-preview":"max-video-preview:-1"},"canonical":"https:\/\/astrea-apotheke.ch\/fr\/quand-la-peau-vieillit\/","og_locale":"fr_FR","og_type":"article","og_title":"Quand la peau vieillit - Astrea Aptheke","og_description":"Des soins optimaux et l\u2019\u00e9vitement des facteurs susceptibles de l\u2019ab\u00eemer [...]","og_url":"https:\/\/astrea-apotheke.ch\/fr\/quand-la-peau-vieillit\/","og_site_name":"Astrea Aptheke","article_published_time":"2023-09-20T14:26:42+00:00","article_modified_time":"2024-12-29T17:20:49+00:00","author":"J\u00fcrg Lendenmann","twitter_card":"summary_large_image","twitter_misc":{"\u00c9crit par":"J\u00fcrg Lendenmann","Dur\u00e9e de lecture estim\u00e9e":"5 minutes"},"schema":{"@context":"https:\/\/schema.org","@graph":[{"@type":"Article","@id":"https:\/\/astrea-apotheke.ch\/fr\/quand-la-peau-vieillit\/#article","isPartOf":{"@id":"https:\/\/astrea-apotheke.ch\/fr\/quand-la-peau-vieillit\/"},"author":{"name":"J\u00fcrg Lendenmann","@id":"https:\/\/astrea-apotheke.ch\/fr\/#\/schema\/person\/ce803b8abbd8e46b197a1320a460b8d6"},"headline":"Quand la peau vieillit","datePublished":"2023-09-20T14:26:42+00:00","dateModified":"2024-12-29T17:20:49+00:00","mainEntityOfPage":{"@id":"https:\/\/astrea-apotheke.ch\/fr\/quand-la-peau-vieillit\/"},"wordCount":1026,"publisher":{"@id":"https:\/\/astrea-apotheke.ch\/fr\/#organization"},"image":{"@id":"https:\/\/astrea-apotheke.ch\/fr\/quand-la-peau-vieillit\/#primaryimage"},"thumbnailUrl":"","articleSection":["\u00c2ge","Sant\u00e9 des organes"],"inLanguage":"fr-FR"},{"@type":"WebPage","@id":"https:\/\/astrea-apotheke.ch\/fr\/quand-la-peau-vieillit\/","url":"https:\/\/astrea-apotheke.ch\/fr\/quand-la-peau-vieillit\/","name":"Quand la peau vieillit - Astrea Aptheke","isPartOf":{"@id":"https:\/\/astrea-apotheke.ch\/fr\/#website"},"primaryImageOfPage":{"@id":"https:\/\/astrea-apotheke.ch\/fr\/quand-la-peau-vieillit\/#primaryimage"},"image":{"@id":"https:\/\/astrea-apotheke.ch\/fr\/quand-la-peau-vieillit\/#primaryimage"},"thumbnailUrl":"","datePublished":"2023-09-20T14:26:42+00:00","dateModified":"2024-12-29T17:20:49+00:00","breadcrumb":{"@id":"https:\/\/astrea-apotheke.ch\/fr\/quand-la-peau-vieillit\/#breadcrumb"},"inLanguage":"fr-FR","potentialAction":[{"@type":"ReadAction","target":["https:\/\/astrea-apotheke.ch\/fr\/quand-la-peau-vieillit\/"]}]},{"@type":"ImageObject","inLanguage":"fr-FR","@id":"https:\/\/astrea-apotheke.ch\/fr\/quand-la-peau-vieillit\/#primaryimage","url":"","contentUrl":""},{"@type":"BreadcrumbList","@id":"https:\/\/astrea-apotheke.ch\/fr\/quand-la-peau-vieillit\/#breadcrumb","itemListElement":[{"@type":"ListItem","position":1,"name":"Startseite","item":"https:\/\/astrea-apotheke.ch\/fr\/"},{"@type":"ListItem","position":2,"name":"Quand la peau vieillit"}]},{"@type":"WebSite","@id":"https:\/\/astrea-apotheke.ch\/fr\/#website","url":"https:\/\/astrea-apotheke.ch\/fr\/","name":"astrea Bulletin","description":"Gesundheitsmagazin","publisher":{"@id":"https:\/\/astrea-apotheke.ch\/fr\/#organization"},"potentialAction":[{"@type":"SearchAction","target":{"@type":"EntryPoint","urlTemplate":"https:\/\/astrea-apotheke.ch\/fr\/?s={search_term_string}"},"query-input":{"@type":"PropertyValueSpecification","valueRequired":true,"valueName":"search_term_string"}}],"inLanguage":"fr-FR"},{"@type":"Organization","@id":"https:\/\/astrea-apotheke.ch\/fr\/#organization","name":"astrea Bulletin","url":"https:\/\/astrea-apotheke.ch\/fr\/","logo":{"@type":"ImageObject","inLanguage":"fr-FR","@id":"https:\/\/astrea-apotheke.ch\/fr\/#\/schema\/logo\/image\/","url":"http:\/\/apotheke.astrea-bulletin.ch\/wp-content\/uploads\/2024\/08\/Logo_Astrea-Bulletin_RGB.jpg","contentUrl":"http:\/\/apotheke.astrea-bulletin.ch\/wp-content\/uploads\/2024\/08\/Logo_Astrea-Bulletin_RGB.jpg","width":1429,"height":560,"caption":"astrea Bulletin"},"image":{"@id":"https:\/\/astrea-apotheke.ch\/fr\/#\/schema\/logo\/image\/"}},{"@type":"Person","@id":"https:\/\/astrea-apotheke.ch\/fr\/#\/schema\/person\/ce803b8abbd8e46b197a1320a460b8d6","name":"J\u00fcrg Lendenmann","image":{"@type":"ImageObject","inLanguage":"fr-FR","@id":"https:\/\/astrea-apotheke.ch\/fr\/#\/schema\/person\/image\/","url":"https:\/\/secure.gravatar.com\/avatar\/a86d8eb75c259a13eed14bd5bf4454f493ceb520d8bda0a907a7636fd29d6e80?s=96&d=mm&r=g","contentUrl":"https:\/\/secure.gravatar.com\/avatar\/a86d8eb75c259a13eed14bd5bf4454f493ceb520d8bda0a907a7636fd29d6e80?s=96&d=mm&r=g","caption":"J\u00fcrg Lendenmann"},"url":"https:\/\/astrea-apotheke.ch\/fr\/author\/juerg-lendemann\/"}]}},"_links":{"self":[{"href":"https:\/\/astrea-apotheke.ch\/fr\/wp-json\/wp\/v2\/posts\/25033","targetHints":{"allow":["GET"]}}],"collection":[{"href":"https:\/\/astrea-apotheke.ch\/fr\/wp-json\/wp\/v2\/posts"}],"about":[{"href":"https:\/\/astrea-apotheke.ch\/fr\/wp-json\/wp\/v2\/types\/post"}],"author":[{"embeddable":true,"href":"https:\/\/astrea-apotheke.ch\/fr\/wp-json\/wp\/v2\/users\/20"}],"replies":[{"embeddable":true,"href":"https:\/\/astrea-apotheke.ch\/fr\/wp-json\/wp\/v2\/comments?post=25033"}],"version-history":[{"count":2,"href":"https:\/\/astrea-apotheke.ch\/fr\/wp-json\/wp\/v2\/posts\/25033\/revisions"}],"predecessor-version":[{"id":31272,"href":"https:\/\/astrea-apotheke.ch\/fr\/wp-json\/wp\/v2\/posts\/25033\/revisions\/31272"}],"wp:featuredmedia":[{"embeddable":true,"href":"https:\/\/astrea-apotheke.ch\/fr\/wp-json\/"}],"wp:attachment":[{"href":"https:\/\/astrea-apotheke.ch\/fr\/wp-json\/wp\/v2\/media?parent=25033"}],"wp:term":[{"taxonomy":"category","embeddable":true,"href":"https:\/\/astrea-apotheke.ch\/fr\/wp-json\/wp\/v2\/categories?post=25033"},{"taxonomy":"post_tag","embeddable":true,"href":"https:\/\/astrea-apotheke.ch\/fr\/wp-json\/wp\/v2\/tags?post=25033"}],"curies":[{"name":"wp","href":"https:\/\/api.w.org\/{rel}","templated":true}]}}