{"id":25076,"date":"2022-11-30T13:20:27","date_gmt":"2022-11-30T11:20:27","guid":{"rendered":"https:\/\/new.astrea-apotheke.ch\/stylae-pour-les-faates\/"},"modified":"2024-12-29T22:18:28","modified_gmt":"2024-12-29T20:18:28","slug":"stylee-pour-les-fetes","status":"publish","type":"post","link":"https:\/\/astrea-apotheke.ch\/fr\/stylee-pour-les-fetes\/","title":{"rendered":"Styl\u00e9(e) pour les f\u00eates"},"content":{"rendered":"<h1 style=\"font-size:51px;font-style:normal;font-weight:400; margin-bottom:var(--wp--preset--spacing--50);\" class=\"wp-block-post-title has-roboto-slab-font-family\">Styl\u00e9(e) pour les f\u00eates<\/h1>\r\n\r\n\r\n<p class=\"has-primary-color has-text-color has-roboto-font-family\" style=\"margin-bottom: var(--wp--preset--spacing--20); font-size: 23px; line-height: 1.5;\"><em>Pour la f\u00eate de No\u00ebl ou la Saint-Sylvestre, vous pouvez passer sans scrupules un peu plus de temps devant le miroir que d\u2019habitude. R\u00e9fl\u00e9chissez suffisamment \u00e0 l\u2019avance \u00e0 votre coiffure et \u00e0 votre maquillage.<\/em><\/p>\r\n\r\n\r\n<div style=\"font-size:14px;text-transform:uppercase; margin-bottom:var(--wp--preset--spacing--60);\" class=\"wp-block-post-author\"><div class=\"wp-block-post-author__content\"><p class=\"wp-block-post-author__byline\"><strong>Text:<\/strong><\/p><p class=\"wp-block-post-author__name\"><a href=\"https:\/\/astrea-apotheke.ch\/fr\/author\/andrea-soeldi\/\" target=\"_self\">Andrea S\u00f6ldi<\/a><\/p><p class=\"wp-block-post-author__bio\"><\/p><\/div><\/div>\r\n\r\n\r\n<div class=\"wp-block-group is-content-justification-left\" style=\"margin-top: var(--wp--preset--spacing--50); margin-bottom: var(--wp--preset--spacing--70);\"><div class=\"wp-block-group__inner-container is-layout-constrained wp-container-core-group-is-layout-b81d822d wp-block-group-is-layout-constrained\"><\/div><\/div>\r\n\r\n\r\n\r\n<p>Quand le vent souffle dehors, nous cachons nos cheveux sous un bonnet bien chaud. En automne et en hiver, les conditions climatiques mettent la peau et les cheveux \u00e0 rude \u00e9preuve: dehors, il fait froid et humide alors qu\u2019\u00e0 l\u2019int\u00e9rieur, l\u2019air est souvent tr\u00e8s sec. Raison de plus pour se faire plaisir pour les f\u00eates de fin d\u2019ann\u00e9e: une coiffure qui sort de l\u2019ordinaire, une nouvelle parure pour les cheveux ou un maquillage \u00e9tudi\u00e9 apporteront un peu de glamour lors de ces journ\u00e9es sombres et courtes.<\/p>\r\n\r\n\r\n\r\n<p>Si vous avez les cheveux lisses, vous aurez peut-\u00eatre envie de changer et de surprendre votre entourage avec des ondulations pour No\u00ebl ou le r\u00e9veillon du Nouvel an. Rien de plus facile avec quelques bandes d\u2019aluminium: enroulez dessus une \u00e0 une les m\u00e8ches de cheveux humides de la pointe jusqu\u2019\u00e0 la racine puis laissez-les s\u00e9cher. Vous pouvez aussi vous faire assez facilement une coiffure raffin\u00e9e avec quelques pinces \u00e0 cheveux plus ou moins grandes. Les tresses r\u00e9alis\u00e9es avec art sont \u00e9galement de nouveau tr\u00e8s tendance. Vous trouverez en outre dans le commerce un large choix de n\u0153uds, bandeaux, perles, serre-t\u00eates, barrettes et autres accessoires pour cheveux.<\/p>\r\n\r\n\r\n\r\n<h2 class=\"wp-block-heading\">Donner du volume ou apprivoiser ses boucles<\/h2>\r\n\r\n\r\n\r\n<p>Avant la coiffure proprement dite, vos cheveux ont naturellement besoin de soins attentionn\u00e9s. Choisissez pour cela un shampoing adapt\u00e9 \u00e0 votre type de cheveux. Si votre cuir chevelu regraisse vite et si vous avez plut\u00f4t les cheveux fins, tournez-vous vers des produits \u00e0 base de varech v\u00e9siculeux ou d\u2019extrait de c\u00e9drat ou d\u2019ortie, qui r\u00e9duisent la s\u00e9cr\u00e9tion de s\u00e9bum. Pour les cheveux fins et mous, les shampoings volumateurs apportent du gonflant. Il existe d\u00e9sormais une large gamme de produits de ce type \u00e0 base d\u2019extrait de mauve, d\u2019agrumes, de baies de goji, de bi\u00e8re ou de rhassoul. Mais attention, comme l\u2019a montr\u00e9 un test r\u00e9cent de K-Tipp, beaucoup de ces produits irritent le cuir chevelu ou peuvent provoquer des allergies. On y a en plus trouv\u00e9 des ingr\u00e9dients nocifs pour les organismes aquatiques. Les shampoings avec des parfums doux ou sans parfum, notamment ceux qui portent un label \u00abcosm\u00e9tique naturel\u00bb, sont plus respectueux de l\u2019environnement et du cuir chevelu. Pour une meilleure tenue, finissez par une bonne cire pour cheveux.<\/p>\r\n\r\n\r\n\r\n<div class=\"wp-block-group is-style-default\" style=\"border-radius: 72px; margin-top: var(--wp--preset--spacing--30); margin-bottom: var(--wp--preset--spacing--80);\"><div class=\"wp-block-group__inner-container is-layout-constrained wp-container-core-group-is-layout-ef75c296 wp-block-group-is-layout-constrained\">\r\n<blockquote class=\"wp-block-quote is-style-default has-primary-color has-text-color is-layout-flow wp-block-quote-is-layout-flow\" style=\"font-size: 16px; font-style: normal; font-weight: 600;\">\r\n<p>Une coiffure qui sort de l\u2019ordinaire,<br \/>une nouvelle parure pour les cheveux<br \/>ou un maquillage \u00e9tudi\u00e9 apporteront<br \/>un peu de glamour lors de ces journ\u00e9es sombres et courtes.<\/p>\r\n<\/blockquote>\r\n<\/div><\/div>\r\n\r\n\r\n\r\n<p>Si la nature vous a dot\u00e9(e) d\u2019une chevelure abondante ou de boucles folles, vous aurez plut\u00f4t besoin d\u2019un shampoing hydratant. Misez aussi sur un soin apr\u00e8s-shampoing pour nourrir les cheveux et faciliter le d\u00e9m\u00ealage. Apr\u00e8s le shampoing, enroulez un turban sur votre t\u00eate ou laissez vos cheveux s\u00e9cher \u00e0 l\u2019air libre. Oubliez par contre l\u2019air chaud du s\u00e8che-cheveux. Si vos cheveux sont secs et ab\u00eem\u00e9s, un traitement \u00e0 l\u2019huile de coco est tout indiqu\u00e9: massez-en une cuill\u00e8re \u00e0 soupe sur vos cheveux et laissez agir quelques minutes ou toute la nuit, puis rincez-les.<\/p>\r\n\r\n\r\n\r\n<h2 class=\"wp-block-heading\">Soins bien-\u00eatre pour le visage<\/h2>\r\n\r\n\r\n\r\n<p>La peau de notre visage m\u00e9rite elle aussi toute notre attention pendant cette p\u00e9riode. Les masques ont un effet bienfaisant et rafra\u00eechissant. Ils hydratent, nettoient les pores et revitalisent la peau. Profitez du temps d\u2019action du produit pour vous offrir quelques minutes de d\u00e9tente. Les gommages, de leur c\u00f4t\u00e9, contribuent \u00e0 affiner le grain de peau et \u00e0 la purifier. Certains ont une action m\u00e9canique \u2013 en d\u00e9collant les cellules \u00e0 l\u2019aide de minuscules petits grains r\u00eaches \u2013 et d\u2019autres une action chimique gr\u00e2ce \u00e0 leurs acides doux. Le choix de la m\u00e9thode doit \u00eatre adapt\u00e9 au type de peau. Le personnel de la pharmacie est l\u00e0 pour vous conseiller.<\/p>\r\n\r\n\r\n\r\n<h2 class=\"wp-block-heading\">N\u2019ayez pas peur des couleurs<\/h2>\r\n\r\n\r\n\r\n<p>Avant d\u2019ouvrir votre coffret de maquillage, pr\u00e9parez la peau de votre visage. Apr\u00e8s l\u2019avoir nettoy\u00e9e, appliquez une cr\u00e8me de jour soignante et effacez les \u00e9ventuels petits d\u00e9fauts \u00e0 l\u2019aide d\u2019un \u00abprimer\u00bb (base de maquillage). Un correcteur vous permettra de masquer boutons et rougeurs. Vous pouvez ensuite couvrir l\u00e9g\u00e8rement votre peau avec un fond de teint \u00e0 r\u00e9partir en douceur avec un gros pinceau. L\u2019important est de choisir une couleur adapt\u00e9e \u00e0 votre carnation naturelle. Une poudre \u00e9vitera que les zones plus grasses ne brillent. Un fard \u00e0 joues discret ou un highlighter (illuminateur) permettra de souligner certaines parties du visage. Puis viennent seulement l\u2019eyeliner, le mascara, l\u2019ombre \u00e0 paupi\u00e8res et le rouge \u00e0 l\u00e8vres. Avant d\u2019aller au lit, il est essentiel de nettoyer soigneusement la peau du visage avec un produit doux qui \u00e9limine le maquillage, l\u2019exc\u00e8s de s\u00e9bum et la salet\u00e9. Une cr\u00e8me de nuit nourrissante soutiendra la r\u00e9g\u00e9n\u00e9ration cutan\u00e9e pendant le sommeil.<\/p>\r\n\r\n\r\n\r\n<div class=\"wp-block-columns is-layout-flex wp-container-core-columns-is-layout-a80d5108 wp-block-columns-is-layout-flex\" style=\"margin-top: 60px; margin-bottom: 50px;\">\r\n<div class=\"wp-block-column has-background is-layout-flow wp-block-column-is-layout-flow\" style=\"background-color: #f1f2f4; flex-basis: 800px; padding: var(--wp--preset--spacing--70);\">\r\n<h2 class=\"wp-block-heading\" style=\"margin-top: var(--wp--preset--spacing--20); margin-bottom: var(--wp--preset--spacing--50); margin-left: 0; font-size: 23px;\">Pour un regard plein de myst\u00e8re<\/h2>\r\n\r\n\r\n\r\n<p>Vous pouvez vous permettre une coiffure et un maquillage un peu plus extravagants pour franchir<br \/>le cap de la nouvelle ann\u00e9e. Peut-\u00eatre oserez-vous un rouge \u00e0 l\u00e8vres \u00e9clatant? Un vernis sp\u00e9cial ou une ombre \u00e0 paupi\u00e8res aux reflets dor\u00e9s ou argent\u00e9s?<\/p>\r\n\r\n\r\n\r\n<p>C\u2019est le moment ou jamais pour les \u00absmokey eyes\u00bb, un maquillage qui consiste \u00e0 souligner les yeux avec une couleur sombre qui contraste avec le blanc de l\u2019\u0153il et l\u2019iris. Plus on s\u2019\u00e9loigne de l\u2019\u0153il, plus on utilise des couleurs claires. Chaque ton est l\u00e9g\u00e8rement estomp\u00e9 pour un effet fondu. Le bord de la paupi\u00e8re peut \u00eatre soulign\u00e9 avec de l\u2019eyeliner ou du kh\u00f4l, qu\u2019on compl\u00e8tera avec une bonne touche de mascara. Avant l\u2019ombre \u00e0 paupi\u00e8res, n\u2019oubliez pas d\u2019appliquer une fine couche de base pour les yeux qui permettra \u00e0 votre maquillage de tenir plus longtemps.<\/p>\r\n\r\n\r\n\r\n<p>Veillez toutefois toujours \u00e0 choisir des produits de grande qualit\u00e9 et bien tol\u00e9r\u00e9s par la peau.<\/p>\r\n<\/div>\r\n<\/div>\r\n\r\n\r\n","protected":false},"excerpt":{"rendered":"<p>Pour la f\u00eate de No\u00ebl ou la Saint-Sylvestre, vous pouvez  [&#8230;]<\/p>\n","protected":false},"author":8,"featured_media":25072,"comment_status":"closed","ping_status":"closed","sticky":false,"template":"","format":"standard","meta":{"_acf_changed":false,"footnotes":""},"categories":[796],"tags":[],"class_list":["post-25076","post","type-post","status-publish","format-standard","has-post-thumbnail","hentry","category-soins-du-visage-et-du-corps"],"acf":[],"yoast_head":"<!-- This site is optimized with the Yoast SEO plugin v27.0 - https:\/\/yoast.com\/product\/yoast-seo-wordpress\/ -->\n<title>Styl\u00e9(e) pour les f\u00eates - Astrea Aptheke<\/title>\n<meta name=\"robots\" content=\"index, follow, max-snippet:-1, max-image-preview:large, max-video-preview:-1\" \/>\n<link rel=\"canonical\" href=\"https:\/\/astrea-apotheke.ch\/fr\/stylee-pour-les-fetes\/\" \/>\n<meta property=\"og:locale\" content=\"fr_FR\" \/>\n<meta property=\"og:type\" content=\"article\" \/>\n<meta property=\"og:title\" content=\"Styl\u00e9(e) pour les f\u00eates - Astrea Aptheke\" \/>\n<meta property=\"og:description\" content=\"Pour la f\u00eate de No\u00ebl ou la Saint-Sylvestre, vous pouvez [...]\" \/>\n<meta property=\"og:url\" content=\"https:\/\/astrea-apotheke.ch\/fr\/stylee-pour-les-fetes\/\" \/>\n<meta property=\"og:site_name\" content=\"Astrea Aptheke\" \/>\n<meta property=\"article:published_time\" content=\"2022-11-30T11:20:27+00:00\" \/>\n<meta property=\"article:modified_time\" content=\"2024-12-29T20:18:28+00:00\" \/>\n<meta name=\"author\" content=\"Andrea S\u00f6ldi\" \/>\n<meta name=\"twitter:card\" content=\"summary_large_image\" \/>\n<meta name=\"twitter:label1\" content=\"\u00c9crit par\" \/>\n\t<meta name=\"twitter:data1\" content=\"Andrea S\u00f6ldi\" \/>\n\t<meta name=\"twitter:label2\" content=\"Dur\u00e9e de lecture estim\u00e9e\" \/>\n\t<meta name=\"twitter:data2\" content=\"6 minutes\" \/>\n<script type=\"application\/ld+json\" class=\"yoast-schema-graph\">{\"@context\":\"https:\/\/schema.org\",\"@graph\":[{\"@type\":\"Article\",\"@id\":\"https:\/\/astrea-apotheke.ch\/fr\/stylee-pour-les-fetes\/#article\",\"isPartOf\":{\"@id\":\"https:\/\/astrea-apotheke.ch\/fr\/stylee-pour-les-fetes\/\"},\"author\":{\"name\":\"Andrea S\u00f6ldi\",\"@id\":\"https:\/\/astrea-apotheke.ch\/fr\/#\/schema\/person\/b0ed43f24e97aa61699b06e4bf847d60\"},\"headline\":\"Styl\u00e9(e) pour les f\u00eates\",\"datePublished\":\"2022-11-30T11:20:27+00:00\",\"dateModified\":\"2024-12-29T20:18:28+00:00\",\"mainEntityOfPage\":{\"@id\":\"https:\/\/astrea-apotheke.ch\/fr\/stylee-pour-les-fetes\/\"},\"wordCount\":1063,\"publisher\":{\"@id\":\"https:\/\/astrea-apotheke.ch\/fr\/#organization\"},\"image\":{\"@id\":\"https:\/\/astrea-apotheke.ch\/fr\/stylee-pour-les-fetes\/#primaryimage\"},\"thumbnailUrl\":\"\",\"articleSection\":[\"Soins du visage et du corps\"],\"inLanguage\":\"fr-FR\"},{\"@type\":\"WebPage\",\"@id\":\"https:\/\/astrea-apotheke.ch\/fr\/stylee-pour-les-fetes\/\",\"url\":\"https:\/\/astrea-apotheke.ch\/fr\/stylee-pour-les-fetes\/\",\"name\":\"Styl\u00e9(e) pour les f\u00eates - Astrea Aptheke\",\"isPartOf\":{\"@id\":\"https:\/\/astrea-apotheke.ch\/fr\/#website\"},\"primaryImageOfPage\":{\"@id\":\"https:\/\/astrea-apotheke.ch\/fr\/stylee-pour-les-fetes\/#primaryimage\"},\"image\":{\"@id\":\"https:\/\/astrea-apotheke.ch\/fr\/stylee-pour-les-fetes\/#primaryimage\"},\"thumbnailUrl\":\"\",\"datePublished\":\"2022-11-30T11:20:27+00:00\",\"dateModified\":\"2024-12-29T20:18:28+00:00\",\"breadcrumb\":{\"@id\":\"https:\/\/astrea-apotheke.ch\/fr\/stylee-pour-les-fetes\/#breadcrumb\"},\"inLanguage\":\"fr-FR\",\"potentialAction\":[{\"@type\":\"ReadAction\",\"target\":[\"https:\/\/astrea-apotheke.ch\/fr\/stylee-pour-les-fetes\/\"]}]},{\"@type\":\"ImageObject\",\"inLanguage\":\"fr-FR\",\"@id\":\"https:\/\/astrea-apotheke.ch\/fr\/stylee-pour-les-fetes\/#primaryimage\",\"url\":\"\",\"contentUrl\":\"\"},{\"@type\":\"BreadcrumbList\",\"@id\":\"https:\/\/astrea-apotheke.ch\/fr\/stylee-pour-les-fetes\/#breadcrumb\",\"itemListElement\":[{\"@type\":\"ListItem\",\"position\":1,\"name\":\"Startseite\",\"item\":\"https:\/\/astrea-apotheke.ch\/fr\/\"},{\"@type\":\"ListItem\",\"position\":2,\"name\":\"Styl\u00e9(e) pour les f\u00eates\"}]},{\"@type\":\"WebSite\",\"@id\":\"https:\/\/astrea-apotheke.ch\/fr\/#website\",\"url\":\"https:\/\/astrea-apotheke.ch\/fr\/\",\"name\":\"astrea Bulletin\",\"description\":\"Gesundheitsmagazin\",\"publisher\":{\"@id\":\"https:\/\/astrea-apotheke.ch\/fr\/#organization\"},\"potentialAction\":[{\"@type\":\"SearchAction\",\"target\":{\"@type\":\"EntryPoint\",\"urlTemplate\":\"https:\/\/astrea-apotheke.ch\/fr\/?s={search_term_string}\"},\"query-input\":{\"@type\":\"PropertyValueSpecification\",\"valueRequired\":true,\"valueName\":\"search_term_string\"}}],\"inLanguage\":\"fr-FR\"},{\"@type\":\"Organization\",\"@id\":\"https:\/\/astrea-apotheke.ch\/fr\/#organization\",\"name\":\"astrea Bulletin\",\"url\":\"https:\/\/astrea-apotheke.ch\/fr\/\",\"logo\":{\"@type\":\"ImageObject\",\"inLanguage\":\"fr-FR\",\"@id\":\"https:\/\/astrea-apotheke.ch\/fr\/#\/schema\/logo\/image\/\",\"url\":\"http:\/\/apotheke.astrea-bulletin.ch\/wp-content\/uploads\/2024\/08\/Logo_Astrea-Bulletin_RGB.jpg\",\"contentUrl\":\"http:\/\/apotheke.astrea-bulletin.ch\/wp-content\/uploads\/2024\/08\/Logo_Astrea-Bulletin_RGB.jpg\",\"width\":1429,\"height\":560,\"caption\":\"astrea Bulletin\"},\"image\":{\"@id\":\"https:\/\/astrea-apotheke.ch\/fr\/#\/schema\/logo\/image\/\"}},{\"@type\":\"Person\",\"@id\":\"https:\/\/astrea-apotheke.ch\/fr\/#\/schema\/person\/b0ed43f24e97aa61699b06e4bf847d60\",\"name\":\"Andrea S\u00f6ldi\",\"image\":{\"@type\":\"ImageObject\",\"inLanguage\":\"fr-FR\",\"@id\":\"https:\/\/astrea-apotheke.ch\/fr\/#\/schema\/person\/image\/\",\"url\":\"https:\/\/secure.gravatar.com\/avatar\/84b9920fc5e6034980652fbfee68d6706a4e67d42394c06677f3ea7102abafb6?s=96&d=mm&r=g\",\"contentUrl\":\"https:\/\/secure.gravatar.com\/avatar\/84b9920fc5e6034980652fbfee68d6706a4e67d42394c06677f3ea7102abafb6?s=96&d=mm&r=g\",\"caption\":\"Andrea S\u00f6ldi\"},\"url\":\"https:\/\/astrea-apotheke.ch\/fr\/author\/andrea-soeldi\/\"}]}<\/script>\n<!-- \/ Yoast SEO plugin. -->","yoast_head_json":{"title":"Styl\u00e9(e) pour les f\u00eates - Astrea Aptheke","robots":{"index":"index","follow":"follow","max-snippet":"max-snippet:-1","max-image-preview":"max-image-preview:large","max-video-preview":"max-video-preview:-1"},"canonical":"https:\/\/astrea-apotheke.ch\/fr\/stylee-pour-les-fetes\/","og_locale":"fr_FR","og_type":"article","og_title":"Styl\u00e9(e) pour les f\u00eates - Astrea Aptheke","og_description":"Pour la f\u00eate de No\u00ebl ou la Saint-Sylvestre, vous pouvez [...]","og_url":"https:\/\/astrea-apotheke.ch\/fr\/stylee-pour-les-fetes\/","og_site_name":"Astrea Aptheke","article_published_time":"2022-11-30T11:20:27+00:00","article_modified_time":"2024-12-29T20:18:28+00:00","author":"Andrea S\u00f6ldi","twitter_card":"summary_large_image","twitter_misc":{"\u00c9crit par":"Andrea S\u00f6ldi","Dur\u00e9e de lecture estim\u00e9e":"6 minutes"},"schema":{"@context":"https:\/\/schema.org","@graph":[{"@type":"Article","@id":"https:\/\/astrea-apotheke.ch\/fr\/stylee-pour-les-fetes\/#article","isPartOf":{"@id":"https:\/\/astrea-apotheke.ch\/fr\/stylee-pour-les-fetes\/"},"author":{"name":"Andrea S\u00f6ldi","@id":"https:\/\/astrea-apotheke.ch\/fr\/#\/schema\/person\/b0ed43f24e97aa61699b06e4bf847d60"},"headline":"Styl\u00e9(e) pour les f\u00eates","datePublished":"2022-11-30T11:20:27+00:00","dateModified":"2024-12-29T20:18:28+00:00","mainEntityOfPage":{"@id":"https:\/\/astrea-apotheke.ch\/fr\/stylee-pour-les-fetes\/"},"wordCount":1063,"publisher":{"@id":"https:\/\/astrea-apotheke.ch\/fr\/#organization"},"image":{"@id":"https:\/\/astrea-apotheke.ch\/fr\/stylee-pour-les-fetes\/#primaryimage"},"thumbnailUrl":"","articleSection":["Soins du visage et du corps"],"inLanguage":"fr-FR"},{"@type":"WebPage","@id":"https:\/\/astrea-apotheke.ch\/fr\/stylee-pour-les-fetes\/","url":"https:\/\/astrea-apotheke.ch\/fr\/stylee-pour-les-fetes\/","name":"Styl\u00e9(e) pour les f\u00eates - Astrea Aptheke","isPartOf":{"@id":"https:\/\/astrea-apotheke.ch\/fr\/#website"},"primaryImageOfPage":{"@id":"https:\/\/astrea-apotheke.ch\/fr\/stylee-pour-les-fetes\/#primaryimage"},"image":{"@id":"https:\/\/astrea-apotheke.ch\/fr\/stylee-pour-les-fetes\/#primaryimage"},"thumbnailUrl":"","datePublished":"2022-11-30T11:20:27+00:00","dateModified":"2024-12-29T20:18:28+00:00","breadcrumb":{"@id":"https:\/\/astrea-apotheke.ch\/fr\/stylee-pour-les-fetes\/#breadcrumb"},"inLanguage":"fr-FR","potentialAction":[{"@type":"ReadAction","target":["https:\/\/astrea-apotheke.ch\/fr\/stylee-pour-les-fetes\/"]}]},{"@type":"ImageObject","inLanguage":"fr-FR","@id":"https:\/\/astrea-apotheke.ch\/fr\/stylee-pour-les-fetes\/#primaryimage","url":"","contentUrl":""},{"@type":"BreadcrumbList","@id":"https:\/\/astrea-apotheke.ch\/fr\/stylee-pour-les-fetes\/#breadcrumb","itemListElement":[{"@type":"ListItem","position":1,"name":"Startseite","item":"https:\/\/astrea-apotheke.ch\/fr\/"},{"@type":"ListItem","position":2,"name":"Styl\u00e9(e) pour les f\u00eates"}]},{"@type":"WebSite","@id":"https:\/\/astrea-apotheke.ch\/fr\/#website","url":"https:\/\/astrea-apotheke.ch\/fr\/","name":"astrea Bulletin","description":"Gesundheitsmagazin","publisher":{"@id":"https:\/\/astrea-apotheke.ch\/fr\/#organization"},"potentialAction":[{"@type":"SearchAction","target":{"@type":"EntryPoint","urlTemplate":"https:\/\/astrea-apotheke.ch\/fr\/?s={search_term_string}"},"query-input":{"@type":"PropertyValueSpecification","valueRequired":true,"valueName":"search_term_string"}}],"inLanguage":"fr-FR"},{"@type":"Organization","@id":"https:\/\/astrea-apotheke.ch\/fr\/#organization","name":"astrea Bulletin","url":"https:\/\/astrea-apotheke.ch\/fr\/","logo":{"@type":"ImageObject","inLanguage":"fr-FR","@id":"https:\/\/astrea-apotheke.ch\/fr\/#\/schema\/logo\/image\/","url":"http:\/\/apotheke.astrea-bulletin.ch\/wp-content\/uploads\/2024\/08\/Logo_Astrea-Bulletin_RGB.jpg","contentUrl":"http:\/\/apotheke.astrea-bulletin.ch\/wp-content\/uploads\/2024\/08\/Logo_Astrea-Bulletin_RGB.jpg","width":1429,"height":560,"caption":"astrea Bulletin"},"image":{"@id":"https:\/\/astrea-apotheke.ch\/fr\/#\/schema\/logo\/image\/"}},{"@type":"Person","@id":"https:\/\/astrea-apotheke.ch\/fr\/#\/schema\/person\/b0ed43f24e97aa61699b06e4bf847d60","name":"Andrea S\u00f6ldi","image":{"@type":"ImageObject","inLanguage":"fr-FR","@id":"https:\/\/astrea-apotheke.ch\/fr\/#\/schema\/person\/image\/","url":"https:\/\/secure.gravatar.com\/avatar\/84b9920fc5e6034980652fbfee68d6706a4e67d42394c06677f3ea7102abafb6?s=96&d=mm&r=g","contentUrl":"https:\/\/secure.gravatar.com\/avatar\/84b9920fc5e6034980652fbfee68d6706a4e67d42394c06677f3ea7102abafb6?s=96&d=mm&r=g","caption":"Andrea S\u00f6ldi"},"url":"https:\/\/astrea-apotheke.ch\/fr\/author\/andrea-soeldi\/"}]}},"_links":{"self":[{"href":"https:\/\/astrea-apotheke.ch\/fr\/wp-json\/wp\/v2\/posts\/25076","targetHints":{"allow":["GET"]}}],"collection":[{"href":"https:\/\/astrea-apotheke.ch\/fr\/wp-json\/wp\/v2\/posts"}],"about":[{"href":"https:\/\/astrea-apotheke.ch\/fr\/wp-json\/wp\/v2\/types\/post"}],"author":[{"embeddable":true,"href":"https:\/\/astrea-apotheke.ch\/fr\/wp-json\/wp\/v2\/users\/8"}],"replies":[{"embeddable":true,"href":"https:\/\/astrea-apotheke.ch\/fr\/wp-json\/wp\/v2\/comments?post=25076"}],"version-history":[{"count":2,"href":"https:\/\/astrea-apotheke.ch\/fr\/wp-json\/wp\/v2\/posts\/25076\/revisions"}],"predecessor-version":[{"id":31396,"href":"https:\/\/astrea-apotheke.ch\/fr\/wp-json\/wp\/v2\/posts\/25076\/revisions\/31396"}],"wp:featuredmedia":[{"embeddable":true,"href":"https:\/\/astrea-apotheke.ch\/fr\/wp-json\/"}],"wp:attachment":[{"href":"https:\/\/astrea-apotheke.ch\/fr\/wp-json\/wp\/v2\/media?parent=25076"}],"wp:term":[{"taxonomy":"category","embeddable":true,"href":"https:\/\/astrea-apotheke.ch\/fr\/wp-json\/wp\/v2\/categories?post=25076"},{"taxonomy":"post_tag","embeddable":true,"href":"https:\/\/astrea-apotheke.ch\/fr\/wp-json\/wp\/v2\/tags?post=25076"}],"curies":[{"name":"wp","href":"https:\/\/api.w.org\/{rel}","templated":true}]}}