{"id":25961,"date":"2023-04-01T16:31:35","date_gmt":"2023-04-01T14:31:35","guid":{"rendered":"https:\/\/astrea-apotheke.ch\/hortitherapie-vert-salutaire\/"},"modified":"2024-12-29T21:00:22","modified_gmt":"2024-12-29T19:00:22","slug":"hortitherapie-vert-salutaire","status":"publish","type":"post","link":"https:\/\/astrea-apotheke.ch\/fr\/hortitherapie-vert-salutaire\/","title":{"rendered":"Hortith\u00e9rapie: Vert salutaire"},"content":{"rendered":"<h1 style=\"font-size:51px;font-style:normal;font-weight:400; margin-bottom:var(--wp--preset--spacing--50);\" class=\"wp-block-post-title has-roboto-slab-font-family\">Hortith\u00e9rapie: Vert salutaire<\/h1>\r\n\r\n\r\n<p class=\"has-primary-color has-text-color has-roboto-font-family\" style=\"margin-bottom: var(--wp--preset--spacing--20); font-size: 23px; line-height: 1.5;\"><em>Contempler les fleurs, les arbres et les arbustes en pleine floraison ainsi que cultiver des l\u00e9gumes et des fruits apaise notre psychisme. Dans cet entretien, Martina F\u00f6hn nous en dit plus sur l\u2019hortith\u00e9rapie et \u00e0 qui elle peut profiter.<\/em><\/p>\r\n\r\n\r\n<div style=\"font-size:14px;text-transform:uppercase; margin-bottom:var(--wp--preset--spacing--60);\" class=\"wp-block-post-author\"><div class=\"wp-block-post-author__content\"><p class=\"wp-block-post-author__byline\"><strong>Text:<\/strong><\/p><p class=\"wp-block-post-author__name\"><a href=\"https:\/\/astrea-apotheke.ch\/fr\/author\/susanna-steimer-miller\/\" target=\"_self\">Susanna Steimer Miller<\/a><\/p><p class=\"wp-block-post-author__bio\"><\/p><\/div><\/div>\r\n\r\n\r\n<div class=\"wp-block-group is-content-justification-left\" style=\"margin-top: var(--wp--preset--spacing--50); margin-bottom: var(--wp--preset--spacing--70);\"><div class=\"wp-block-group__inner-container is-layout-constrained wp-container-core-group-is-layout-b81d822d wp-block-group-is-layout-constrained\"><figure style=\"width:800px;\" class=\"wp-block-post-featured-image\"><img decoding=\"async\" width=\"2000\" height=\"1126\" src=\"https:\/\/astrea-apotheke.ch\/wp-content\/uploads\/2023\/10\/2304_Therapie_AdobeStock_515361841_M.Doerr-M.Frommherz-e1697639095391.jpg\" class=\"attachment-post-thumbnail size-post-thumbnail lazyload wp-post-image\" alt=\"\" style=\"object-fit:cover;\" srcset=\"data:image\/svg+xml,%3Csvg%20xmlns%3D%27http%3A%2F%2Fwww.w3.org%2F2000%2Fsvg%27%20width%3D%272000%27%20height%3D%271126%27%20viewBox%3D%270%200%202000%201126%27%3E%3Crect%20width%3D%272000%27%20height%3D%271126%27%20fill-opacity%3D%220%22%2F%3E%3C%2Fsvg%3E\" data-orig-src=\"https:\/\/astrea-apotheke.ch\/wp-content\/uploads\/2023\/10\/2304_Therapie_AdobeStock_515361841_M.Doerr-M.Frommherz-e1697639095391.jpg\" data-srcset=\"https:\/\/astrea-apotheke.ch\/wp-content\/uploads\/2023\/10\/2304_Therapie_AdobeStock_515361841_M.Doerr-M.Frommherz-e1697639095391-200x113.jpg 200w, https:\/\/astrea-apotheke.ch\/wp-content\/uploads\/2023\/10\/2304_Therapie_AdobeStock_515361841_M.Doerr-M.Frommherz-e1697639095391-300x169.jpg 300w, https:\/\/astrea-apotheke.ch\/wp-content\/uploads\/2023\/10\/2304_Therapie_AdobeStock_515361841_M.Doerr-M.Frommherz-e1697639095391-400x225.jpg 400w, https:\/\/astrea-apotheke.ch\/wp-content\/uploads\/2023\/10\/2304_Therapie_AdobeStock_515361841_M.Doerr-M.Frommherz-e1697639095391-600x338.jpg 600w, https:\/\/astrea-apotheke.ch\/wp-content\/uploads\/2023\/10\/2304_Therapie_AdobeStock_515361841_M.Doerr-M.Frommherz-e1697639095391-768x432.jpg 768w, https:\/\/astrea-apotheke.ch\/wp-content\/uploads\/2023\/10\/2304_Therapie_AdobeStock_515361841_M.Doerr-M.Frommherz-e1697639095391-800x450.jpg 800w, https:\/\/astrea-apotheke.ch\/wp-content\/uploads\/2023\/10\/2304_Therapie_AdobeStock_515361841_M.Doerr-M.Frommherz-e1697639095391-1024x577.jpg 1024w, https:\/\/astrea-apotheke.ch\/wp-content\/uploads\/2023\/10\/2304_Therapie_AdobeStock_515361841_M.Doerr-M.Frommherz-e1697639095391-1200x676.jpg 1200w, https:\/\/astrea-apotheke.ch\/wp-content\/uploads\/2023\/10\/2304_Therapie_AdobeStock_515361841_M.Doerr-M.Frommherz-e1697639095391-1536x865.jpg 1536w, https:\/\/astrea-apotheke.ch\/wp-content\/uploads\/2023\/10\/2304_Therapie_AdobeStock_515361841_M.Doerr-M.Frommherz-e1697639095391.jpg 2000w\" data-sizes=\"auto\" \/><\/figure><\/div><\/div>\r\n\r\n\r\n\r\n<p>Photo: Une accompagnatrice explique \u00e0 une femme en situation de handicap mental comment pailler les plantations.<\/p>\r\n\r\n\r\n\r\n<p>&nbsp;<\/p>\r\n\r\n\r\n\r\n<p><strong><em>Qu\u2019entend-on par \u00abhortith\u00e9rapie\u00bb?<br \/><\/em>Martina F\u00f6hn: <\/strong>c\u2019est une m\u00e9thode dans laquelle on utilise les activit\u00e9s et les exp\u00e9riences ax\u00e9es sur les plantes et le jardinage pour instaurer et entretenir une interaction entre l\u2019humain et l\u2019environnement. L\u2019hortith\u00e9rapie am\u00e9liore la qualit\u00e9 de vie, att\u00e9nue les probl\u00e8mes de sant\u00e9 et permet aux personnes en situation de handicap de participer \u00e0 des activit\u00e9s sociales.L\u2019id\u00e9e de l\u2019hortith\u00e9rapie n\u2019est pas nouvelle. Dans l\u2019\u00c9gypte ancienne, on recommandait d\u00e9j\u00e0 aux personnes psychiquement perturb\u00e9es de passer du temps dans les jardins. L\u2019hortith\u00e9rapie a \u00e9t\u00e9 \u00e9tudi\u00e9e pour la premi\u00e8re fois dans les ann\u00e9es 1960 aux \u00c9tats-Unis et au Royaume-Uni. Aujourd\u2019hui, diverses institutions, dont la Haute \u00e9cole des sciences appliqu\u00e9es de Zurich sur son site de W\u00e4denswil, proposent une formation initiale et continue dans ce domaine.<\/p>\r\n\r\n\r\n\r\n<p><strong><em>Quelles aptitudes l\u2019hortith\u00e9rapie renforce-t-elle?<br \/><\/em><\/strong>Elle fait travailler les capacit\u00e9s motrices et intellectuelles. De plus, elle interpelle tous nos sens. Elle a donc un vaste champ d\u2019application.<\/p>\r\n\r\n\r\n\r\n<p><strong><em>Face \u00e0 quels probl\u00e8mes de sant\u00e9 peut-elle \u00eatre utile?<br \/><\/em><\/strong>L\u2019hortith\u00e9rapie est indiqu\u00e9e en cas de douleurs, apr\u00e8s un AVC, en cas de d\u00e9pression ou de d\u00e9mence. Aujourd\u2019hui, elle est utilis\u00e9e dans beaucoup de maisons de retraite mais aussi dans les \u00e9tablissements psychiatriques et les centres de r\u00e9\u00e9ducation. Elle am\u00e9liore l\u2019humeur, soulage les angoisses et les tensions et structure la journ\u00e9e des personnes plus \u00e2g\u00e9es.<\/p>\r\n\r\n\r\n\r\n<p><strong><em>Qui d\u2019autre peut profiter de ce type de th\u00e9rapie?<br \/><\/em><\/strong>L\u2019hortith\u00e9rapie diminue le stress et am\u00e9liore le bien-\u00eatre et la qualit\u00e9 de vie. Elle a des effets positifs dans les troubles alimentaires et l\u2019ob\u00e9sit\u00e9. Gr\u00e2ce aux jardins interculturels, elle offre aux migrants une occupation qui a du sens et qui peut les aider \u00e0 surmonter leurs traumatismes. L\u2019hortith\u00e9rapie peut aussi \u00eatre int\u00e9ressante chez les enfants, notamment en cas d\u2019autisme. Et bien s\u00fbr, en prison.<\/p>\r\n\r\n\r\n\r\n<p><strong><em>Quel est, pour vous, le gros avantage de cette th\u00e9rapie?<br \/><\/em><\/strong>Elle est porteuse de sens. Des personnes qui, en dehors de cela, d\u00e9pendent de soins quotidiens deviennent responsables des plantes et se glissent dans le r\u00f4le de soignants. Semer des graines, arroser des plantes et les regarder pousser, \u00e7a rend heureux! Les soins qu\u2019on apporte aux plantes sont r\u00e9compens\u00e9s par les fruits de la r\u00e9colte ou de belles fleurs. C\u2019est motivant et satisfaisant. Avec le jardinage, les participants ont un but concret devant les yeux et peuvent s\u2019y plonger compl\u00e8tement.<\/p>\r\n\r\n\r\n\r\n<p><strong><em>Existe-t-il des \u00e9tudes sur les effets de l\u2019hortith\u00e9rapie?<br \/><\/em><\/strong>Oui, la Haute \u00e9cole des sciences appliqu\u00e9es de Zurich et le centre de r\u00e9\u00e9ducation de Bad Zurzach ont \u00e9tudi\u00e9 l\u2019influence de cette forme de th\u00e9rapie sur la douleur, avec des r\u00e9sultats positifs. D\u2019autres \u00e9tudes ont mis en \u00e9vidence son efficacit\u00e9 contre le stress et la d\u00e9pression.<\/p>\r\n\r\n\r\n\r\n<p><strong><em>Cette th\u00e9rapie est-elle possible par tous les temps?<br \/><\/em><\/strong>Oui, bien s\u00fbr! \u00c7a fait du bien aux patients douloureux, par exemple, de sentir de nouveau le froid de temps en temps, ou la sensation de la pluie sur leur peau. Il y a toujours quelque chose \u00e0 faire au jardin\u2026 Quand le sol est gel\u00e9, on peut cultiver des parterres sur\u00e9lev\u00e9s ou faire des semis sous serre. Regarder et s\u2019occuper des plantes a un effet favorable sur la sant\u00e9. Roger Ulrich, professeur d\u2019architecture, s\u2019est int\u00e9ress\u00e9 \u00e0 l\u2019effet d\u2019une vue sur un environnement vert chez des patients venant de subir une op\u00e9ration de la v\u00e9sicule biliaire. Les participants dont les fen\u00eatres donnaient sur un parc arbor\u00e9 avaient besoin de moins d\u2019antidouleurs et sont sortis plus vite de l\u2019h\u00f4pital que ceux qui ne voyaient que les murs en b\u00e9ton du b\u00e2timent voisin.<\/p>\r\n\r\n\r\n\r\n<p><strong><em>Y a-t-il des plantes particuli\u00e8rement adapt\u00e9es \u00e0 l\u2019hortith\u00e9rapie?<br \/><\/em><\/strong>L\u2019hortith\u00e9rapie doit toujours \u00eatre adapt\u00e9e aux besoins et capacit\u00e9s individuelles des participants. Les patients atteints de d\u00e9mence, par exemple, ont g\u00e9n\u00e9ralement oubli\u00e9 ce qui s\u2019est pass\u00e9 cinq minutes plus t\u00f4t. Mais ils se souviennent bien de choses qui datent de leur enfance ou de leur jeunesse. Pour travailler avec ces patients, on choisit donc plut\u00f4t des plantes populaires il y a 70 ou 80 ans, ou des plantes qui ont jou\u00e9 un r\u00f4le important dans leur vie. Un chou romanesco ne leur dira pas grand-chose, car c\u2019est un l\u00e9gume qui n\u2019existait pas quand ils \u00e9taient jeunes.<br \/>Pour les personnes qui ont des probl\u00e8mes de mobilit\u00e9 dans les mains \u00e0 cause de rhumatismes, de l\u2019arthrose ou apr\u00e8s un AVC, on oubliera les toutes petites graines et on en choisira plut\u00f4t des grosses, comme celles des haricots.<br \/>L\u2019hortith\u00e9rapie fait aussi souvent appel \u00e0 des plantes qui impliquent les sens: des sortes qui sentent bon ou sont douces au toucher, ou des semences qui font du bruit. Les baies et les fruits sucr\u00e9s stimulent le sens du go\u00fbt et sont appr\u00e9ci\u00e9s des jeunes comme des moins jeunes.<\/p>\r\n\r\n\r\n\r\n<div class=\"wp-block-columns is-layout-flex wp-container-core-columns-is-layout-a80d5108 wp-block-columns-is-layout-flex\" style=\"margin-top: 60px; margin-bottom: 50px;\">\r\n<div class=\"wp-block-column has-background is-layout-flow wp-block-column-is-layout-flow\" style=\"background-color: #f1f2f4; flex-basis: 800px; padding: var(--wp--preset--spacing--70);\">\r\n<h2 class=\"wp-block-heading\" style=\"margin-top: var(--wp--preset--spacing--20); margin-bottom: var(--wp--preset--spacing--50); margin-left: 0; font-size: 23px;\">Possibilit\u00e9s de formation<\/h2>\r\n\r\n\r\n\r\n<p>La Haute \u00e9cole des sciences appliqu\u00e9es de Zurich propose un Certificate of Advanced Studies en hortith\u00e9rapie depuis 2013. Cette formation s\u2019adresse aux personnes actives dans le secteur de la sant\u00e9 qui souhaitent acqu\u00e9rir un savoir-faire pour jardiner avec leurs patients dans leur \u00e9tablissement.<\/p>\r\n\r\n\r\n\r\n<p>Le Certificate of Advanced Studies \u00abJardins th\u00e9rapeutiques\u00bb, quant \u00e0 lui, est surtout destin\u00e9 aux jardiniers et architectes paysagers qui veulent apprendre comment cr\u00e9er et g\u00e9rer un jardin th\u00e9rapeutique. Dans cette formation, les participants en apprennent plus sur les maladies et le rapport aux personnes malades, ainsi que sur les plantes particuli\u00e8rement int\u00e9ressantes dans un jardin th\u00e9rapeutique.<\/p>\r\n<\/div>\r\n<\/div>\r\n\r\n\r\n","protected":false},"excerpt":{"rendered":"<p>Contempler les fleurs, les arbres et les arbustes en pleine  [&#8230;]<\/p>\n","protected":false},"author":12,"featured_media":25955,"comment_status":"closed","ping_status":"closed","sticky":false,"template":"","format":"standard","meta":{"_acf_changed":false,"footnotes":""},"categories":[795,791],"tags":[],"class_list":["post-25961","post","type-post","status-publish","format-standard","has-post-thumbnail","hentry","category-loisirs-et-detente","category-medecine-naturelle"],"acf":[],"yoast_head":"<!-- This site is optimized with the Yoast SEO plugin v27.0 - https:\/\/yoast.com\/product\/yoast-seo-wordpress\/ -->\n<title>Hortith\u00e9rapie: Vert salutaire - Astrea Aptheke<\/title>\n<meta name=\"robots\" content=\"index, follow, max-snippet:-1, max-image-preview:large, max-video-preview:-1\" \/>\n<link rel=\"canonical\" href=\"https:\/\/astrea-apotheke.ch\/fr\/hortitherapie-vert-salutaire\/\" \/>\n<meta property=\"og:locale\" content=\"fr_FR\" \/>\n<meta property=\"og:type\" content=\"article\" \/>\n<meta property=\"og:title\" content=\"Hortith\u00e9rapie: Vert salutaire - Astrea Aptheke\" \/>\n<meta property=\"og:description\" content=\"Contempler les fleurs, les arbres et les arbustes en pleine [...]\" \/>\n<meta property=\"og:url\" content=\"https:\/\/astrea-apotheke.ch\/fr\/hortitherapie-vert-salutaire\/\" \/>\n<meta property=\"og:site_name\" content=\"Astrea Aptheke\" \/>\n<meta property=\"article:published_time\" content=\"2023-04-01T14:31:35+00:00\" \/>\n<meta property=\"article:modified_time\" content=\"2024-12-29T19:00:22+00:00\" \/>\n<meta property=\"og:image\" content=\"https:\/\/astrea-apotheke.ch\/wp-content\/uploads\/2023\/10\/2304_Therapie_AdobeStock_515361841_M.Doerr-M.Frommherz-e1697639095391.jpg\" \/>\n\t<meta property=\"og:image:width\" content=\"2000\" \/>\n\t<meta property=\"og:image:height\" content=\"1126\" \/>\n\t<meta property=\"og:image:type\" content=\"image\/jpeg\" \/>\n<meta name=\"author\" content=\"Susanna Steimer Miller\" \/>\n<meta name=\"twitter:card\" content=\"summary_large_image\" \/>\n<meta name=\"twitter:label1\" content=\"\u00c9crit par\" \/>\n\t<meta name=\"twitter:data1\" content=\"Susanna Steimer Miller\" \/>\n\t<meta name=\"twitter:label2\" content=\"Dur\u00e9e de lecture estim\u00e9e\" \/>\n\t<meta name=\"twitter:data2\" content=\"6 minutes\" \/>\n<script type=\"application\/ld+json\" class=\"yoast-schema-graph\">{\"@context\":\"https:\/\/schema.org\",\"@graph\":[{\"@type\":\"Article\",\"@id\":\"https:\/\/astrea-apotheke.ch\/fr\/hortitherapie-vert-salutaire\/#article\",\"isPartOf\":{\"@id\":\"https:\/\/astrea-apotheke.ch\/fr\/hortitherapie-vert-salutaire\/\"},\"author\":{\"name\":\"Susanna Steimer Miller\",\"@id\":\"https:\/\/astrea-apotheke.ch\/fr\/#\/schema\/person\/62e77dc256ca3196cf05e3fe9ec73b47\"},\"headline\":\"Hortith\u00e9rapie: Vert salutaire\",\"datePublished\":\"2023-04-01T14:31:35+00:00\",\"dateModified\":\"2024-12-29T19:00:22+00:00\",\"mainEntityOfPage\":{\"@id\":\"https:\/\/astrea-apotheke.ch\/fr\/hortitherapie-vert-salutaire\/\"},\"wordCount\":1055,\"publisher\":{\"@id\":\"https:\/\/astrea-apotheke.ch\/fr\/#organization\"},\"image\":{\"@id\":\"https:\/\/astrea-apotheke.ch\/fr\/hortitherapie-vert-salutaire\/#primaryimage\"},\"thumbnailUrl\":\"https:\/\/astrea-apotheke.ch\/wp-content\/uploads\/2023\/10\/2304_Therapie_AdobeStock_515361841_M.Doerr-M.Frommherz-e1697639095391.jpg\",\"articleSection\":[\"Loisirs et d\u00e9tente\",\"M\u00e9decine naturelle\"],\"inLanguage\":\"fr-FR\"},{\"@type\":\"WebPage\",\"@id\":\"https:\/\/astrea-apotheke.ch\/fr\/hortitherapie-vert-salutaire\/\",\"url\":\"https:\/\/astrea-apotheke.ch\/fr\/hortitherapie-vert-salutaire\/\",\"name\":\"Hortith\u00e9rapie: Vert salutaire - Astrea Aptheke\",\"isPartOf\":{\"@id\":\"https:\/\/astrea-apotheke.ch\/fr\/#website\"},\"primaryImageOfPage\":{\"@id\":\"https:\/\/astrea-apotheke.ch\/fr\/hortitherapie-vert-salutaire\/#primaryimage\"},\"image\":{\"@id\":\"https:\/\/astrea-apotheke.ch\/fr\/hortitherapie-vert-salutaire\/#primaryimage\"},\"thumbnailUrl\":\"https:\/\/astrea-apotheke.ch\/wp-content\/uploads\/2023\/10\/2304_Therapie_AdobeStock_515361841_M.Doerr-M.Frommherz-e1697639095391.jpg\",\"datePublished\":\"2023-04-01T14:31:35+00:00\",\"dateModified\":\"2024-12-29T19:00:22+00:00\",\"breadcrumb\":{\"@id\":\"https:\/\/astrea-apotheke.ch\/fr\/hortitherapie-vert-salutaire\/#breadcrumb\"},\"inLanguage\":\"fr-FR\",\"potentialAction\":[{\"@type\":\"ReadAction\",\"target\":[\"https:\/\/astrea-apotheke.ch\/fr\/hortitherapie-vert-salutaire\/\"]}]},{\"@type\":\"ImageObject\",\"inLanguage\":\"fr-FR\",\"@id\":\"https:\/\/astrea-apotheke.ch\/fr\/hortitherapie-vert-salutaire\/#primaryimage\",\"url\":\"https:\/\/astrea-apotheke.ch\/wp-content\/uploads\/2023\/10\/2304_Therapie_AdobeStock_515361841_M.Doerr-M.Frommherz-e1697639095391.jpg\",\"contentUrl\":\"https:\/\/astrea-apotheke.ch\/wp-content\/uploads\/2023\/10\/2304_Therapie_AdobeStock_515361841_M.Doerr-M.Frommherz-e1697639095391.jpg\",\"width\":2000,\"height\":1126,\"caption\":\"\u00a9 M. D\u00f6rr \/ M. Frommenherz | stock.adobe.com\"},{\"@type\":\"BreadcrumbList\",\"@id\":\"https:\/\/astrea-apotheke.ch\/fr\/hortitherapie-vert-salutaire\/#breadcrumb\",\"itemListElement\":[{\"@type\":\"ListItem\",\"position\":1,\"name\":\"Startseite\",\"item\":\"https:\/\/astrea-apotheke.ch\/fr\/\"},{\"@type\":\"ListItem\",\"position\":2,\"name\":\"Hortith\u00e9rapie: Vert salutaire\"}]},{\"@type\":\"WebSite\",\"@id\":\"https:\/\/astrea-apotheke.ch\/fr\/#website\",\"url\":\"https:\/\/astrea-apotheke.ch\/fr\/\",\"name\":\"astrea Bulletin\",\"description\":\"Gesundheitsmagazin\",\"publisher\":{\"@id\":\"https:\/\/astrea-apotheke.ch\/fr\/#organization\"},\"potentialAction\":[{\"@type\":\"SearchAction\",\"target\":{\"@type\":\"EntryPoint\",\"urlTemplate\":\"https:\/\/astrea-apotheke.ch\/fr\/?s={search_term_string}\"},\"query-input\":{\"@type\":\"PropertyValueSpecification\",\"valueRequired\":true,\"valueName\":\"search_term_string\"}}],\"inLanguage\":\"fr-FR\"},{\"@type\":\"Organization\",\"@id\":\"https:\/\/astrea-apotheke.ch\/fr\/#organization\",\"name\":\"astrea Bulletin\",\"url\":\"https:\/\/astrea-apotheke.ch\/fr\/\",\"logo\":{\"@type\":\"ImageObject\",\"inLanguage\":\"fr-FR\",\"@id\":\"https:\/\/astrea-apotheke.ch\/fr\/#\/schema\/logo\/image\/\",\"url\":\"http:\/\/apotheke.astrea-bulletin.ch\/wp-content\/uploads\/2024\/08\/Logo_Astrea-Bulletin_RGB.jpg\",\"contentUrl\":\"http:\/\/apotheke.astrea-bulletin.ch\/wp-content\/uploads\/2024\/08\/Logo_Astrea-Bulletin_RGB.jpg\",\"width\":1429,\"height\":560,\"caption\":\"astrea Bulletin\"},\"image\":{\"@id\":\"https:\/\/astrea-apotheke.ch\/fr\/#\/schema\/logo\/image\/\"}},{\"@type\":\"Person\",\"@id\":\"https:\/\/astrea-apotheke.ch\/fr\/#\/schema\/person\/62e77dc256ca3196cf05e3fe9ec73b47\",\"name\":\"Susanna Steimer Miller\",\"image\":{\"@type\":\"ImageObject\",\"inLanguage\":\"fr-FR\",\"@id\":\"https:\/\/astrea-apotheke.ch\/fr\/#\/schema\/person\/image\/\",\"url\":\"https:\/\/secure.gravatar.com\/avatar\/9e74fb71b032d055c74ad13f10b8b58cb0164d6d3de9ab5cca31fceb99a633ea?s=96&d=mm&r=g\",\"contentUrl\":\"https:\/\/secure.gravatar.com\/avatar\/9e74fb71b032d055c74ad13f10b8b58cb0164d6d3de9ab5cca31fceb99a633ea?s=96&d=mm&r=g\",\"caption\":\"Susanna Steimer Miller\"},\"url\":\"https:\/\/astrea-apotheke.ch\/fr\/author\/susanna-steimer-miller\/\"}]}<\/script>\n<!-- \/ Yoast SEO plugin. -->","yoast_head_json":{"title":"Hortith\u00e9rapie: Vert salutaire - Astrea Aptheke","robots":{"index":"index","follow":"follow","max-snippet":"max-snippet:-1","max-image-preview":"max-image-preview:large","max-video-preview":"max-video-preview:-1"},"canonical":"https:\/\/astrea-apotheke.ch\/fr\/hortitherapie-vert-salutaire\/","og_locale":"fr_FR","og_type":"article","og_title":"Hortith\u00e9rapie: Vert salutaire - Astrea Aptheke","og_description":"Contempler les fleurs, les arbres et les arbustes en pleine [...]","og_url":"https:\/\/astrea-apotheke.ch\/fr\/hortitherapie-vert-salutaire\/","og_site_name":"Astrea Aptheke","article_published_time":"2023-04-01T14:31:35+00:00","article_modified_time":"2024-12-29T19:00:22+00:00","og_image":[{"width":2000,"height":1126,"url":"https:\/\/astrea-apotheke.ch\/wp-content\/uploads\/2023\/10\/2304_Therapie_AdobeStock_515361841_M.Doerr-M.Frommherz-e1697639095391.jpg","type":"image\/jpeg"}],"author":"Susanna Steimer Miller","twitter_card":"summary_large_image","twitter_misc":{"\u00c9crit par":"Susanna Steimer Miller","Dur\u00e9e de lecture estim\u00e9e":"6 minutes"},"schema":{"@context":"https:\/\/schema.org","@graph":[{"@type":"Article","@id":"https:\/\/astrea-apotheke.ch\/fr\/hortitherapie-vert-salutaire\/#article","isPartOf":{"@id":"https:\/\/astrea-apotheke.ch\/fr\/hortitherapie-vert-salutaire\/"},"author":{"name":"Susanna Steimer Miller","@id":"https:\/\/astrea-apotheke.ch\/fr\/#\/schema\/person\/62e77dc256ca3196cf05e3fe9ec73b47"},"headline":"Hortith\u00e9rapie: Vert salutaire","datePublished":"2023-04-01T14:31:35+00:00","dateModified":"2024-12-29T19:00:22+00:00","mainEntityOfPage":{"@id":"https:\/\/astrea-apotheke.ch\/fr\/hortitherapie-vert-salutaire\/"},"wordCount":1055,"publisher":{"@id":"https:\/\/astrea-apotheke.ch\/fr\/#organization"},"image":{"@id":"https:\/\/astrea-apotheke.ch\/fr\/hortitherapie-vert-salutaire\/#primaryimage"},"thumbnailUrl":"https:\/\/astrea-apotheke.ch\/wp-content\/uploads\/2023\/10\/2304_Therapie_AdobeStock_515361841_M.Doerr-M.Frommherz-e1697639095391.jpg","articleSection":["Loisirs et d\u00e9tente","M\u00e9decine naturelle"],"inLanguage":"fr-FR"},{"@type":"WebPage","@id":"https:\/\/astrea-apotheke.ch\/fr\/hortitherapie-vert-salutaire\/","url":"https:\/\/astrea-apotheke.ch\/fr\/hortitherapie-vert-salutaire\/","name":"Hortith\u00e9rapie: Vert salutaire - Astrea Aptheke","isPartOf":{"@id":"https:\/\/astrea-apotheke.ch\/fr\/#website"},"primaryImageOfPage":{"@id":"https:\/\/astrea-apotheke.ch\/fr\/hortitherapie-vert-salutaire\/#primaryimage"},"image":{"@id":"https:\/\/astrea-apotheke.ch\/fr\/hortitherapie-vert-salutaire\/#primaryimage"},"thumbnailUrl":"https:\/\/astrea-apotheke.ch\/wp-content\/uploads\/2023\/10\/2304_Therapie_AdobeStock_515361841_M.Doerr-M.Frommherz-e1697639095391.jpg","datePublished":"2023-04-01T14:31:35+00:00","dateModified":"2024-12-29T19:00:22+00:00","breadcrumb":{"@id":"https:\/\/astrea-apotheke.ch\/fr\/hortitherapie-vert-salutaire\/#breadcrumb"},"inLanguage":"fr-FR","potentialAction":[{"@type":"ReadAction","target":["https:\/\/astrea-apotheke.ch\/fr\/hortitherapie-vert-salutaire\/"]}]},{"@type":"ImageObject","inLanguage":"fr-FR","@id":"https:\/\/astrea-apotheke.ch\/fr\/hortitherapie-vert-salutaire\/#primaryimage","url":"https:\/\/astrea-apotheke.ch\/wp-content\/uploads\/2023\/10\/2304_Therapie_AdobeStock_515361841_M.Doerr-M.Frommherz-e1697639095391.jpg","contentUrl":"https:\/\/astrea-apotheke.ch\/wp-content\/uploads\/2023\/10\/2304_Therapie_AdobeStock_515361841_M.Doerr-M.Frommherz-e1697639095391.jpg","width":2000,"height":1126,"caption":"\u00a9 M. D\u00f6rr \/ M. Frommenherz | stock.adobe.com"},{"@type":"BreadcrumbList","@id":"https:\/\/astrea-apotheke.ch\/fr\/hortitherapie-vert-salutaire\/#breadcrumb","itemListElement":[{"@type":"ListItem","position":1,"name":"Startseite","item":"https:\/\/astrea-apotheke.ch\/fr\/"},{"@type":"ListItem","position":2,"name":"Hortith\u00e9rapie: Vert salutaire"}]},{"@type":"WebSite","@id":"https:\/\/astrea-apotheke.ch\/fr\/#website","url":"https:\/\/astrea-apotheke.ch\/fr\/","name":"astrea Bulletin","description":"Gesundheitsmagazin","publisher":{"@id":"https:\/\/astrea-apotheke.ch\/fr\/#organization"},"potentialAction":[{"@type":"SearchAction","target":{"@type":"EntryPoint","urlTemplate":"https:\/\/astrea-apotheke.ch\/fr\/?s={search_term_string}"},"query-input":{"@type":"PropertyValueSpecification","valueRequired":true,"valueName":"search_term_string"}}],"inLanguage":"fr-FR"},{"@type":"Organization","@id":"https:\/\/astrea-apotheke.ch\/fr\/#organization","name":"astrea Bulletin","url":"https:\/\/astrea-apotheke.ch\/fr\/","logo":{"@type":"ImageObject","inLanguage":"fr-FR","@id":"https:\/\/astrea-apotheke.ch\/fr\/#\/schema\/logo\/image\/","url":"http:\/\/apotheke.astrea-bulletin.ch\/wp-content\/uploads\/2024\/08\/Logo_Astrea-Bulletin_RGB.jpg","contentUrl":"http:\/\/apotheke.astrea-bulletin.ch\/wp-content\/uploads\/2024\/08\/Logo_Astrea-Bulletin_RGB.jpg","width":1429,"height":560,"caption":"astrea Bulletin"},"image":{"@id":"https:\/\/astrea-apotheke.ch\/fr\/#\/schema\/logo\/image\/"}},{"@type":"Person","@id":"https:\/\/astrea-apotheke.ch\/fr\/#\/schema\/person\/62e77dc256ca3196cf05e3fe9ec73b47","name":"Susanna Steimer Miller","image":{"@type":"ImageObject","inLanguage":"fr-FR","@id":"https:\/\/astrea-apotheke.ch\/fr\/#\/schema\/person\/image\/","url":"https:\/\/secure.gravatar.com\/avatar\/9e74fb71b032d055c74ad13f10b8b58cb0164d6d3de9ab5cca31fceb99a633ea?s=96&d=mm&r=g","contentUrl":"https:\/\/secure.gravatar.com\/avatar\/9e74fb71b032d055c74ad13f10b8b58cb0164d6d3de9ab5cca31fceb99a633ea?s=96&d=mm&r=g","caption":"Susanna Steimer Miller"},"url":"https:\/\/astrea-apotheke.ch\/fr\/author\/susanna-steimer-miller\/"}]}},"_links":{"self":[{"href":"https:\/\/astrea-apotheke.ch\/fr\/wp-json\/wp\/v2\/posts\/25961","targetHints":{"allow":["GET"]}}],"collection":[{"href":"https:\/\/astrea-apotheke.ch\/fr\/wp-json\/wp\/v2\/posts"}],"about":[{"href":"https:\/\/astrea-apotheke.ch\/fr\/wp-json\/wp\/v2\/types\/post"}],"author":[{"embeddable":true,"href":"https:\/\/astrea-apotheke.ch\/fr\/wp-json\/wp\/v2\/users\/12"}],"replies":[{"embeddable":true,"href":"https:\/\/astrea-apotheke.ch\/fr\/wp-json\/wp\/v2\/comments?post=25961"}],"version-history":[{"count":2,"href":"https:\/\/astrea-apotheke.ch\/fr\/wp-json\/wp\/v2\/posts\/25961\/revisions"}],"predecessor-version":[{"id":31327,"href":"https:\/\/astrea-apotheke.ch\/fr\/wp-json\/wp\/v2\/posts\/25961\/revisions\/31327"}],"wp:featuredmedia":[{"embeddable":true,"href":"https:\/\/astrea-apotheke.ch\/fr\/wp-json\/wp\/v2\/media\/25955"}],"wp:attachment":[{"href":"https:\/\/astrea-apotheke.ch\/fr\/wp-json\/wp\/v2\/media?parent=25961"}],"wp:term":[{"taxonomy":"category","embeddable":true,"href":"https:\/\/astrea-apotheke.ch\/fr\/wp-json\/wp\/v2\/categories?post=25961"},{"taxonomy":"post_tag","embeddable":true,"href":"https:\/\/astrea-apotheke.ch\/fr\/wp-json\/wp\/v2\/tags?post=25961"}],"curies":[{"name":"wp","href":"https:\/\/api.w.org\/{rel}","templated":true}]}}