{"id":26016,"date":"2023-01-01T10:56:36","date_gmt":"2023-01-01T08:56:36","guid":{"rendered":"https:\/\/astrea-apotheke.ch\/voies-respiratoires-encombrees\/"},"modified":"2024-12-29T22:02:12","modified_gmt":"2024-12-29T20:02:12","slug":"voies-respiratoires-encombrees","status":"publish","type":"post","link":"https:\/\/astrea-apotheke.ch\/fr\/voies-respiratoires-encombrees\/","title":{"rendered":"Voies respiratoires encombr\u00e9es?"},"content":{"rendered":"<h1 style=\"font-size:51px;font-style:normal;font-weight:400; margin-bottom:var(--wp--preset--spacing--50);\" class=\"wp-block-post-title has-roboto-slab-font-family\">Voies respiratoires encombr\u00e9es?<\/h1>\r\n\r\n\r\n<p class=\"has-primary-color has-text-color has-roboto-font-family\" style=\"margin-bottom: var(--wp--preset--spacing--20); font-size: 23px; line-height: 1.5;\"><em>La toux grasse, ou productive, est g\u00e9n\u00e9ralement un sympt\u00f4me de refroidissement qui succ\u00e8de \u00e0 la toux s\u00e8che irritative.<\/em><\/p>\r\n\r\n\r\n<div style=\"font-size:14px;text-transform:uppercase; margin-bottom:var(--wp--preset--spacing--60);\" class=\"wp-block-post-author\"><div class=\"wp-block-post-author__content\"><p class=\"wp-block-post-author__byline\"><strong>Text:<\/strong><\/p><p class=\"wp-block-post-author__name\"><a href=\"https:\/\/astrea-apotheke.ch\/fr\/author\/rebecca-buchmann\/\" target=\"_self\">Rebecca Parkes<\/a><\/p><p class=\"wp-block-post-author__bio\"><\/p><\/div><\/div>\r\n\r\n\r\n<div class=\"wp-block-group is-content-justification-left\" style=\"margin-top: var(--wp--preset--spacing--50); margin-bottom: var(--wp--preset--spacing--70);\"><div class=\"wp-block-group__inner-container is-layout-constrained wp-container-core-group-is-layout-b81d822d wp-block-group-is-layout-constrained\"><\/div><\/div>\r\n\r\n\r\n\r\n<p>Du nez aux bronches, nos voies respiratoires sont tapiss\u00e9es de muqueuse. Comme son nom le laisse supposer, il s\u2019agit d\u2019une fine membrane qui produit du mucus et prot\u00e8ge nos voies respiratoires. Le mucus est produit par les cellules caliciformes et emprisonne les corps \u00e9trangers comme les virus et la poussi\u00e8re pour les \u00e9vacuer hors du corps, direction la gorge.<br \/>Important maillon de notre syst\u00e8me de d\u00e9fense, la muqueuse se charge de nettoyer les voies respiratoires. En hiver, l\u2019air sec dess\u00e8che cette muqueuse, ce qui nous rend plus sensibles aux agents pathog\u00e8nes. En cas de refroidissement, notre corps produit davantage de mucus. C\u2019est une r\u00e9action de d\u00e9fense. Mais ces s\u00e9cr\u00e9tions sont visqueuses et doivent \u00eatre activement \u00e9vacu\u00e9es par la toux.<\/p>\r\n\r\n\r\n\r\n<h2 class=\"wp-block-heading\">Quand faut-il se montrer prudent?<\/h2>\r\n\r\n\r\n\r\n<p>La couleur et l\u2019aspect des expectorations (glaires) nous renseignent sur la cause de la toux. La recherche de cette cause doit bien s\u00fbr toujours \u00eatre \u00e9valu\u00e9e en tenant compte de tous les sympt\u00f4mes. Des mucosit\u00e9s transparentes \u00e0 blanch\u00e2tres ne doivent normalement pas inqui\u00e9ter et sont le signe d\u2019une infection virale comme un rhume. Si les expectorations prennent une couleur jaune-vert, une infection bact\u00e9rienne pourrait \u00eatre en cause. Dans ce cas, il faut surtout \u00eatre attentif\/ve aux sympt\u00f4mes concomitants: en pr\u00e9sence de sang dans les crachats, il faut syst\u00e9matiquement consulter. Ces saignements peuvent \u00eatre dus \u00e0 la forte irritation des muqueuses mais pourraient aussi \u00eatre le signe d\u2019une maladie plus grave. Un avis m\u00e9dical s\u2019impose aussi si le mucus est de couleur brun-noir. Il n\u2019est pas rare que cela indique la pr\u00e9sence d\u2019une maladie pulmonaire chronique comme la BPCO (bronchite du fumeur).<br \/>Enfin, en cas de toux productive persistante ou de sym\u00adpt\u00f4mes concomitants comme une fi\u00e8vre, des douleurs thoraciques, des douleurs \u00e0 la respiration, une intense sensation de malaise ou des difficult\u00e9s \u00e0 respirer, il faut \u00e9galement voir un m\u00e9decin.<\/p>\r\n\r\n\r\n\r\n<h2 class=\"wp-block-heading\">Se d\u00e9barrasser des mucosit\u00e9s<\/h2>\r\n\r\n\r\n\r\n<p>Une toux productive li\u00e9e \u00e0 un refroidissement n\u2019est pas grave et dispara\u00eet g\u00e9n\u00e9ralement apr\u00e8s quelques jours. Il est n\u00e9anmoins important d\u2019\u00e9vacuer le mucus hors des bronches. Comme on l\u2019a \u00e9crit plus haut, les microorganismes qui ont p\u00e9n\u00e9tr\u00e9 dans l\u2019organisme y sont emprisonn\u00e9s. S\u2019ils restent dans les poumons, l\u2019inflammation s\u2019aggravera, augmentant le risque d\u2019infection secondaire par des bact\u00e9ries, qui pourraient provoquer une pneumonie.<br \/>Par cons\u00e9quent, si la toux est grasse, on renoncera au moins pendant la journ\u00e9e aux m\u00e9dicaments antitussifs. On misera plut\u00f4t sur des expectorants aux propri\u00e9t\u00e9s muco\u00adlytiques. Des substances actives comme l\u2019ac\u00e9tylcyst\u00e9ine, l\u2019ambroxol, la gua\u00eff\u00e9n\u00e9sine et la bromhexine fluidifient les s\u00e9cr\u00e9tions et favorisent d\u00e8s lors l\u2019expectoration. Avec les expectorations, les agents pathog\u00e8nes sont aussi \u00e9vacu\u00e9s vers l\u2019ext\u00e9rieur, donc attention au risque de contagion!<br \/>Par ailleurs, les inhalations \u00e0 la vapeur d\u2019eau ou avec un peu d\u2019huile d\u2019eucalyptus ou de menthe poivr\u00e9e aident \u00e0 fluidifier le mucus et humectent les muqueuses. D\u2019une mani\u00e8re g\u00e9n\u00e9rale, on veillera \u00e0 boire beaucoup pour bien hydrater les muqueuses. On trouve \u00e9galement diverses tisanes contre les refroidissements et pour les bronches, particuli\u00e8rement bienfaisantes dans cette situation.<\/p>\r\n\r\n\r\n\r\n<p>Un bon syst\u00e8me immunitaire aide aussi contre les virus responsables des refroidissements. Un peu de gingembre ajout\u00e9 \u00e0 votre tisane contre les refroidissements renforcera vos d\u00e9fenses et contribuera \u00e0 fluidifier les mucosit\u00e9s bronchiques. Un trait de jus de citron riche en vitamine C ou la c\u00e9l\u00e8bre \u00e9chinac\u00e9e (Echinacea) sont en outre utiles pour soutenir l\u2019immunit\u00e9. Et maintenant, mettez-vous au lit bien au chaud, et votre refroidissement sera vite gu\u00e9ri!<\/p>\r\n\r\n\r\n\r\n<div class=\"wp-block-columns is-layout-flex wp-container-core-columns-is-layout-a80d5108 wp-block-columns-is-layout-flex\" style=\"margin-top: 60px; margin-bottom: 50px;\">\r\n<div class=\"wp-block-column has-background is-layout-flow wp-block-column-is-layout-flow\" style=\"background-color: #f1f2f4; flex-basis: 800px; padding: var(--wp--preset--spacing--70);\">\r\n<h2 class=\"wp-block-heading\" style=\"margin-top: var(--wp--preset--spacing--20); margin-bottom: var(--wp--preset--spacing--50); margin-left: 0; font-size: 23px;\">Les plantes mucolytiques<\/h2>\r\n\r\n\r\n\r\n<ul class=\"wp-block-list\">\r\n<li>En infusion ou en sirop, le thym, la r\u00e9glisse ou le lierre ont des propri\u00e9t\u00e9s mucolytiques et expectorantes.<\/li>\r\n\r\n\r\n\r\n<li>Multitalent, le g\u00e9ranium du Cap calme l\u2019envie de tousser, dissout les mucosit\u00e9s et renforce les d\u00e9fenses contre les virus et les bact\u00e9ries.<\/li>\r\n\r\n\r\n\r\n<li>Les bourgeons de sapin sous forme de bonbons pour la toux apaisent la gorge et luttent contre l\u2019inflammation des muqueuses respiratoires.<\/li>\r\n<\/ul>\r\n\r\n\r\n\r\n<h2 class=\"wp-block-heading\" style=\"font-size: 18px;\">La toux chez l\u2019enfant<\/h2>\r\n\r\n\r\n\r\n<p>Voici quelques conseils pour aider un jeune enfant en cas de toux productive:<\/p>\r\n\r\n\r\n\r\n<ul class=\"wp-block-list\">\r\n<li>Donnez-lui beaucoup \u00e0 boire pour garder les muqueuses bien humect\u00e9es.<\/li>\r\n\r\n\r\n\r\n<li>Humidifiez l\u2019air ambiant en pla\u00e7ant des linges humides sur les radiateurs ou avec un humidificateur.<\/li>\r\n\r\n\r\n\r\n<li>Les enveloppements de pomme de terre sur le torse font du bien et dissolvent les mucosit\u00e9s.<\/li>\r\n\r\n\r\n\r\n<li>Un baume pectoral \u00e0 base de thym et de myrte favorise l\u2019expectoration, r\u00e9chauffe et apaise.<\/li>\r\n\r\n\r\n\r\n<li>Sur\u00e9levez le haut du corps dans le lit pour faciliter la respiration pendant le sommeil.<\/li>\r\n\r\n\r\n\r\n<li>Vous trouverez en pharmacie des mucolytiques adapt\u00e9s aux enfants.<\/li>\r\n<\/ul>\r\n\r\n\r\n\r\n<p>Faites toujours attention aux restrictions li\u00e9es \u00e0 l\u2019\u00e2ge avec les m\u00e9dicaments pour le rhume. Les huiles essentielles de camphre, de menthol, de menthe poivr\u00e9e et d\u2019eucalyptus, en particulier, sont contre-indiqu\u00e9es chez les enfants en bas \u00e2ge. Chez les b\u00e9b\u00e9s et les tr\u00e8s jeunes enfants, une toux qui dure plus d\u2019un \u00e0 deux jours doit conduire chez le m\u00e9decin. Voire plus t\u00f4t selon les sympt\u00f4mes concomitants.<\/p>\r\n<\/div>\r\n<\/div>\r\n\r\n\r\n","protected":false},"excerpt":{"rendered":"<p>La toux grasse, ou productive, est g\u00e9n\u00e9ralement un sympt\u00f4me de  [&#8230;]<\/p>\n","protected":false},"author":7,"featured_media":26013,"comment_status":"closed","ping_status":"closed","sticky":false,"template":"","format":"standard","meta":{"_acf_changed":false,"footnotes":""},"categories":[775,770],"tags":[],"class_list":["post-26016","post","type-post","status-publish","format-standard","has-post-thumbnail","hentry","category-sante-des-organes","category-yeux-nez-oreilles"],"acf":[],"yoast_head":"<!-- This site is optimized with the Yoast SEO plugin v27.0 - https:\/\/yoast.com\/product\/yoast-seo-wordpress\/ -->\n<title>Voies respiratoires encombr\u00e9es? - Astrea Aptheke<\/title>\n<meta name=\"robots\" content=\"index, follow, max-snippet:-1, max-image-preview:large, max-video-preview:-1\" \/>\n<link rel=\"canonical\" href=\"https:\/\/astrea-apotheke.ch\/fr\/voies-respiratoires-encombrees\/\" \/>\n<meta property=\"og:locale\" content=\"fr_FR\" \/>\n<meta property=\"og:type\" content=\"article\" \/>\n<meta property=\"og:title\" content=\"Voies respiratoires encombr\u00e9es? - Astrea Aptheke\" \/>\n<meta property=\"og:description\" content=\"La toux grasse, ou productive, est g\u00e9n\u00e9ralement un sympt\u00f4me de [...]\" \/>\n<meta property=\"og:url\" content=\"https:\/\/astrea-apotheke.ch\/fr\/voies-respiratoires-encombrees\/\" \/>\n<meta property=\"og:site_name\" content=\"Astrea Aptheke\" \/>\n<meta property=\"article:published_time\" content=\"2023-01-01T08:56:36+00:00\" \/>\n<meta property=\"article:modified_time\" content=\"2024-12-29T20:02:12+00:00\" \/>\n<meta name=\"author\" content=\"Rebecca Parkes\" \/>\n<meta name=\"twitter:card\" content=\"summary_large_image\" \/>\n<meta name=\"twitter:label1\" content=\"\u00c9crit par\" \/>\n\t<meta name=\"twitter:data1\" content=\"Rebecca Parkes\" \/>\n\t<meta name=\"twitter:label2\" content=\"Dur\u00e9e de lecture estim\u00e9e\" \/>\n\t<meta name=\"twitter:data2\" content=\"5 minutes\" \/>\n<script type=\"application\/ld+json\" class=\"yoast-schema-graph\">{\"@context\":\"https:\/\/schema.org\",\"@graph\":[{\"@type\":\"Article\",\"@id\":\"https:\/\/astrea-apotheke.ch\/fr\/voies-respiratoires-encombrees\/#article\",\"isPartOf\":{\"@id\":\"https:\/\/astrea-apotheke.ch\/fr\/voies-respiratoires-encombrees\/\"},\"author\":{\"name\":\"Rebecca Parkes\",\"@id\":\"https:\/\/astrea-apotheke.ch\/fr\/#\/schema\/person\/b196aa1908f8b0ce3d609368ee65cb9b\"},\"headline\":\"Voies respiratoires encombr\u00e9es?\",\"datePublished\":\"2023-01-01T08:56:36+00:00\",\"dateModified\":\"2024-12-29T20:02:12+00:00\",\"mainEntityOfPage\":{\"@id\":\"https:\/\/astrea-apotheke.ch\/fr\/voies-respiratoires-encombrees\/\"},\"wordCount\":925,\"publisher\":{\"@id\":\"https:\/\/astrea-apotheke.ch\/fr\/#organization\"},\"image\":{\"@id\":\"https:\/\/astrea-apotheke.ch\/fr\/voies-respiratoires-encombrees\/#primaryimage\"},\"thumbnailUrl\":\"\",\"articleSection\":[\"Sant\u00e9 des organes\",\"Yeux, nez, oreilles\"],\"inLanguage\":\"fr-FR\"},{\"@type\":\"WebPage\",\"@id\":\"https:\/\/astrea-apotheke.ch\/fr\/voies-respiratoires-encombrees\/\",\"url\":\"https:\/\/astrea-apotheke.ch\/fr\/voies-respiratoires-encombrees\/\",\"name\":\"Voies respiratoires encombr\u00e9es? - Astrea Aptheke\",\"isPartOf\":{\"@id\":\"https:\/\/astrea-apotheke.ch\/fr\/#website\"},\"primaryImageOfPage\":{\"@id\":\"https:\/\/astrea-apotheke.ch\/fr\/voies-respiratoires-encombrees\/#primaryimage\"},\"image\":{\"@id\":\"https:\/\/astrea-apotheke.ch\/fr\/voies-respiratoires-encombrees\/#primaryimage\"},\"thumbnailUrl\":\"\",\"datePublished\":\"2023-01-01T08:56:36+00:00\",\"dateModified\":\"2024-12-29T20:02:12+00:00\",\"breadcrumb\":{\"@id\":\"https:\/\/astrea-apotheke.ch\/fr\/voies-respiratoires-encombrees\/#breadcrumb\"},\"inLanguage\":\"fr-FR\",\"potentialAction\":[{\"@type\":\"ReadAction\",\"target\":[\"https:\/\/astrea-apotheke.ch\/fr\/voies-respiratoires-encombrees\/\"]}]},{\"@type\":\"ImageObject\",\"inLanguage\":\"fr-FR\",\"@id\":\"https:\/\/astrea-apotheke.ch\/fr\/voies-respiratoires-encombrees\/#primaryimage\",\"url\":\"\",\"contentUrl\":\"\"},{\"@type\":\"BreadcrumbList\",\"@id\":\"https:\/\/astrea-apotheke.ch\/fr\/voies-respiratoires-encombrees\/#breadcrumb\",\"itemListElement\":[{\"@type\":\"ListItem\",\"position\":1,\"name\":\"Startseite\",\"item\":\"https:\/\/astrea-apotheke.ch\/fr\/\"},{\"@type\":\"ListItem\",\"position\":2,\"name\":\"Voies respiratoires encombr\u00e9es?\"}]},{\"@type\":\"WebSite\",\"@id\":\"https:\/\/astrea-apotheke.ch\/fr\/#website\",\"url\":\"https:\/\/astrea-apotheke.ch\/fr\/\",\"name\":\"astrea Bulletin\",\"description\":\"Gesundheitsmagazin\",\"publisher\":{\"@id\":\"https:\/\/astrea-apotheke.ch\/fr\/#organization\"},\"potentialAction\":[{\"@type\":\"SearchAction\",\"target\":{\"@type\":\"EntryPoint\",\"urlTemplate\":\"https:\/\/astrea-apotheke.ch\/fr\/?s={search_term_string}\"},\"query-input\":{\"@type\":\"PropertyValueSpecification\",\"valueRequired\":true,\"valueName\":\"search_term_string\"}}],\"inLanguage\":\"fr-FR\"},{\"@type\":\"Organization\",\"@id\":\"https:\/\/astrea-apotheke.ch\/fr\/#organization\",\"name\":\"astrea Bulletin\",\"url\":\"https:\/\/astrea-apotheke.ch\/fr\/\",\"logo\":{\"@type\":\"ImageObject\",\"inLanguage\":\"fr-FR\",\"@id\":\"https:\/\/astrea-apotheke.ch\/fr\/#\/schema\/logo\/image\/\",\"url\":\"http:\/\/apotheke.astrea-bulletin.ch\/wp-content\/uploads\/2024\/08\/Logo_Astrea-Bulletin_RGB.jpg\",\"contentUrl\":\"http:\/\/apotheke.astrea-bulletin.ch\/wp-content\/uploads\/2024\/08\/Logo_Astrea-Bulletin_RGB.jpg\",\"width\":1429,\"height\":560,\"caption\":\"astrea Bulletin\"},\"image\":{\"@id\":\"https:\/\/astrea-apotheke.ch\/fr\/#\/schema\/logo\/image\/\"}},{\"@type\":\"Person\",\"@id\":\"https:\/\/astrea-apotheke.ch\/fr\/#\/schema\/person\/b196aa1908f8b0ce3d609368ee65cb9b\",\"name\":\"Rebecca Parkes\",\"image\":{\"@type\":\"ImageObject\",\"inLanguage\":\"fr-FR\",\"@id\":\"https:\/\/astrea-apotheke.ch\/fr\/#\/schema\/person\/image\/\",\"url\":\"https:\/\/secure.gravatar.com\/avatar\/b551e40f3fb20cdc385eadf3c37ef821714bd82083ed26b0d3582672143a7b4c?s=96&d=mm&r=g\",\"contentUrl\":\"https:\/\/secure.gravatar.com\/avatar\/b551e40f3fb20cdc385eadf3c37ef821714bd82083ed26b0d3582672143a7b4c?s=96&d=mm&r=g\",\"caption\":\"Rebecca Parkes\"},\"url\":\"https:\/\/astrea-apotheke.ch\/fr\/author\/rebecca-buchmann\/\"}]}<\/script>\n<!-- \/ Yoast SEO plugin. -->","yoast_head_json":{"title":"Voies respiratoires encombr\u00e9es? - Astrea Aptheke","robots":{"index":"index","follow":"follow","max-snippet":"max-snippet:-1","max-image-preview":"max-image-preview:large","max-video-preview":"max-video-preview:-1"},"canonical":"https:\/\/astrea-apotheke.ch\/fr\/voies-respiratoires-encombrees\/","og_locale":"fr_FR","og_type":"article","og_title":"Voies respiratoires encombr\u00e9es? - Astrea Aptheke","og_description":"La toux grasse, ou productive, est g\u00e9n\u00e9ralement un sympt\u00f4me de [...]","og_url":"https:\/\/astrea-apotheke.ch\/fr\/voies-respiratoires-encombrees\/","og_site_name":"Astrea Aptheke","article_published_time":"2023-01-01T08:56:36+00:00","article_modified_time":"2024-12-29T20:02:12+00:00","author":"Rebecca Parkes","twitter_card":"summary_large_image","twitter_misc":{"\u00c9crit par":"Rebecca Parkes","Dur\u00e9e de lecture estim\u00e9e":"5 minutes"},"schema":{"@context":"https:\/\/schema.org","@graph":[{"@type":"Article","@id":"https:\/\/astrea-apotheke.ch\/fr\/voies-respiratoires-encombrees\/#article","isPartOf":{"@id":"https:\/\/astrea-apotheke.ch\/fr\/voies-respiratoires-encombrees\/"},"author":{"name":"Rebecca Parkes","@id":"https:\/\/astrea-apotheke.ch\/fr\/#\/schema\/person\/b196aa1908f8b0ce3d609368ee65cb9b"},"headline":"Voies respiratoires encombr\u00e9es?","datePublished":"2023-01-01T08:56:36+00:00","dateModified":"2024-12-29T20:02:12+00:00","mainEntityOfPage":{"@id":"https:\/\/astrea-apotheke.ch\/fr\/voies-respiratoires-encombrees\/"},"wordCount":925,"publisher":{"@id":"https:\/\/astrea-apotheke.ch\/fr\/#organization"},"image":{"@id":"https:\/\/astrea-apotheke.ch\/fr\/voies-respiratoires-encombrees\/#primaryimage"},"thumbnailUrl":"","articleSection":["Sant\u00e9 des organes","Yeux, nez, oreilles"],"inLanguage":"fr-FR"},{"@type":"WebPage","@id":"https:\/\/astrea-apotheke.ch\/fr\/voies-respiratoires-encombrees\/","url":"https:\/\/astrea-apotheke.ch\/fr\/voies-respiratoires-encombrees\/","name":"Voies respiratoires encombr\u00e9es? - Astrea Aptheke","isPartOf":{"@id":"https:\/\/astrea-apotheke.ch\/fr\/#website"},"primaryImageOfPage":{"@id":"https:\/\/astrea-apotheke.ch\/fr\/voies-respiratoires-encombrees\/#primaryimage"},"image":{"@id":"https:\/\/astrea-apotheke.ch\/fr\/voies-respiratoires-encombrees\/#primaryimage"},"thumbnailUrl":"","datePublished":"2023-01-01T08:56:36+00:00","dateModified":"2024-12-29T20:02:12+00:00","breadcrumb":{"@id":"https:\/\/astrea-apotheke.ch\/fr\/voies-respiratoires-encombrees\/#breadcrumb"},"inLanguage":"fr-FR","potentialAction":[{"@type":"ReadAction","target":["https:\/\/astrea-apotheke.ch\/fr\/voies-respiratoires-encombrees\/"]}]},{"@type":"ImageObject","inLanguage":"fr-FR","@id":"https:\/\/astrea-apotheke.ch\/fr\/voies-respiratoires-encombrees\/#primaryimage","url":"","contentUrl":""},{"@type":"BreadcrumbList","@id":"https:\/\/astrea-apotheke.ch\/fr\/voies-respiratoires-encombrees\/#breadcrumb","itemListElement":[{"@type":"ListItem","position":1,"name":"Startseite","item":"https:\/\/astrea-apotheke.ch\/fr\/"},{"@type":"ListItem","position":2,"name":"Voies respiratoires encombr\u00e9es?"}]},{"@type":"WebSite","@id":"https:\/\/astrea-apotheke.ch\/fr\/#website","url":"https:\/\/astrea-apotheke.ch\/fr\/","name":"astrea Bulletin","description":"Gesundheitsmagazin","publisher":{"@id":"https:\/\/astrea-apotheke.ch\/fr\/#organization"},"potentialAction":[{"@type":"SearchAction","target":{"@type":"EntryPoint","urlTemplate":"https:\/\/astrea-apotheke.ch\/fr\/?s={search_term_string}"},"query-input":{"@type":"PropertyValueSpecification","valueRequired":true,"valueName":"search_term_string"}}],"inLanguage":"fr-FR"},{"@type":"Organization","@id":"https:\/\/astrea-apotheke.ch\/fr\/#organization","name":"astrea Bulletin","url":"https:\/\/astrea-apotheke.ch\/fr\/","logo":{"@type":"ImageObject","inLanguage":"fr-FR","@id":"https:\/\/astrea-apotheke.ch\/fr\/#\/schema\/logo\/image\/","url":"http:\/\/apotheke.astrea-bulletin.ch\/wp-content\/uploads\/2024\/08\/Logo_Astrea-Bulletin_RGB.jpg","contentUrl":"http:\/\/apotheke.astrea-bulletin.ch\/wp-content\/uploads\/2024\/08\/Logo_Astrea-Bulletin_RGB.jpg","width":1429,"height":560,"caption":"astrea Bulletin"},"image":{"@id":"https:\/\/astrea-apotheke.ch\/fr\/#\/schema\/logo\/image\/"}},{"@type":"Person","@id":"https:\/\/astrea-apotheke.ch\/fr\/#\/schema\/person\/b196aa1908f8b0ce3d609368ee65cb9b","name":"Rebecca Parkes","image":{"@type":"ImageObject","inLanguage":"fr-FR","@id":"https:\/\/astrea-apotheke.ch\/fr\/#\/schema\/person\/image\/","url":"https:\/\/secure.gravatar.com\/avatar\/b551e40f3fb20cdc385eadf3c37ef821714bd82083ed26b0d3582672143a7b4c?s=96&d=mm&r=g","contentUrl":"https:\/\/secure.gravatar.com\/avatar\/b551e40f3fb20cdc385eadf3c37ef821714bd82083ed26b0d3582672143a7b4c?s=96&d=mm&r=g","caption":"Rebecca Parkes"},"url":"https:\/\/astrea-apotheke.ch\/fr\/author\/rebecca-buchmann\/"}]}},"_links":{"self":[{"href":"https:\/\/astrea-apotheke.ch\/fr\/wp-json\/wp\/v2\/posts\/26016","targetHints":{"allow":["GET"]}}],"collection":[{"href":"https:\/\/astrea-apotheke.ch\/fr\/wp-json\/wp\/v2\/posts"}],"about":[{"href":"https:\/\/astrea-apotheke.ch\/fr\/wp-json\/wp\/v2\/types\/post"}],"author":[{"embeddable":true,"href":"https:\/\/astrea-apotheke.ch\/fr\/wp-json\/wp\/v2\/users\/7"}],"replies":[{"embeddable":true,"href":"https:\/\/astrea-apotheke.ch\/fr\/wp-json\/wp\/v2\/comments?post=26016"}],"version-history":[{"count":2,"href":"https:\/\/astrea-apotheke.ch\/fr\/wp-json\/wp\/v2\/posts\/26016\/revisions"}],"predecessor-version":[{"id":31382,"href":"https:\/\/astrea-apotheke.ch\/fr\/wp-json\/wp\/v2\/posts\/26016\/revisions\/31382"}],"wp:featuredmedia":[{"embeddable":true,"href":"https:\/\/astrea-apotheke.ch\/fr\/wp-json\/"}],"wp:attachment":[{"href":"https:\/\/astrea-apotheke.ch\/fr\/wp-json\/wp\/v2\/media?parent=26016"}],"wp:term":[{"taxonomy":"category","embeddable":true,"href":"https:\/\/astrea-apotheke.ch\/fr\/wp-json\/wp\/v2\/categories?post=26016"},{"taxonomy":"post_tag","embeddable":true,"href":"https:\/\/astrea-apotheke.ch\/fr\/wp-json\/wp\/v2\/tags?post=26016"}],"curies":[{"name":"wp","href":"https:\/\/api.w.org\/{rel}","templated":true}]}}