{"id":26109,"date":"2023-05-01T15:46:20","date_gmt":"2023-05-01T13:46:20","guid":{"rendered":"https:\/\/astrea-apotheke.ch\/quand-les-petits-yeux-ont-des-problemes\/"},"modified":"2024-12-29T20:50:24","modified_gmt":"2024-12-29T18:50:24","slug":"quand-les-petits-yeux-ont-des-problemes","status":"publish","type":"post","link":"https:\/\/astrea-apotheke.ch\/fr\/quand-les-petits-yeux-ont-des-problemes\/","title":{"rendered":"Quand les petits yeux ont des probl\u00e8mes"},"content":{"rendered":"<h1 style=\"font-size:51px;font-style:normal;font-weight:400; margin-bottom:var(--wp--preset--spacing--50);\" class=\"wp-block-post-title has-roboto-slab-font-family\">Quand les petits yeux ont des probl\u00e8mes<\/h1>\r\n\r\n\r\n<p class=\"has-primary-color has-text-color has-roboto-font-family\" style=\"margin-bottom: var(--wp--preset--spacing--20); font-size: 23px; line-height: 1.5;\"><em>P\u00e9tillants de rire ou \u00e9carquill\u00e9s de surprise, les yeux des enfants sont toujours en action \u2013 et aussi tr\u00e8s sensibles. Les maladies oculaires sont fr\u00e9quentes pendant l\u2019enfance. Mais quels sont les cons\u00e9quences possibles d\u2019un strabisme? Et quand faut-il consulter en cas de conjonctivite?<\/em><\/p>\r\n\r\n\r\n<div style=\"font-size:14px;text-transform:uppercase; margin-bottom:var(--wp--preset--spacing--60);\" class=\"wp-block-post-author\"><div class=\"wp-block-post-author__content\"><p class=\"wp-block-post-author__byline\"><strong>Text:<\/strong><\/p><p class=\"wp-block-post-author__name\"><a href=\"https:\/\/astrea-apotheke.ch\/fr\/author\/catharina-buehlmann\/\" target=\"_self\">Catharina B\u00fchlmann<\/a><\/p><p class=\"wp-block-post-author__bio\"><\/p><\/div><\/div>\r\n\r\n\r\n<div class=\"wp-block-group is-content-justification-left\" style=\"margin-top: var(--wp--preset--spacing--50); margin-bottom: var(--wp--preset--spacing--70);\"><div class=\"wp-block-group__inner-container is-layout-constrained wp-container-core-group-is-layout-b81d822d wp-block-group-is-layout-constrained\"><\/div><\/div>\r\n\r\n\r\n\r\n<p>Voir est capital pour nous: en effet, 70 % des informations sur notre environnement passent par nos yeux. Mais pour que tout marche comme sur des roulettes, il faut du temps, car les interactions complexes entre les yeux, le nerf optique, les muscles et le cerveau exigent tout un apprentissage. Il faut ainsi entre dix et douze ans avant que le sens de la vision soit parfaitement d\u00e9velopp\u00e9. En attendant, les yeux sont particuli\u00e8rement sensibles et sujets \u00e0 diff\u00e9rents troubles.<\/p>\r\n\r\n\r\n\r\n<h2 class=\"wp-block-heading\">L\u2019amblyopier<\/h2>\r\n\r\n\r\n\r\n<p>Pour une vision spatiale optimale, les deux yeux doivent en permanence regarder dans la m\u00eame direction. Ils enregistrent alors deux images l\u00e9g\u00e8rement diff\u00e9rentes, que le cerveau fusionne pour cr\u00e9er une seule image. Si ces images sont trop diff\u00e9rentes l\u2019une de l\u2019autre, l\u2019enfant voit double. Pour \u00e9viter cela, son cerveau va r\u00e9primer les informations fournies par l\u2019un des deux yeux. L\u2019\u0153il n\u00e9glig\u00e9 ne peut alors pas d\u00e9velopper son acuit\u00e9 visuelle optimale.<\/p>\r\n\r\n\r\n\r\n<div class=\"wp-block-group is-style-default\" style=\"border-radius: 72px; margin-top: var(--wp--preset--spacing--30); margin-bottom: var(--wp--preset--spacing--80);\"><div class=\"wp-block-group__inner-container is-layout-constrained wp-container-core-group-is-layout-ef75c296 wp-block-group-is-layout-constrained\">\r\n<blockquote class=\"wp-block-quote is-style-default has-primary-color has-text-color is-layout-flow wp-block-quote-is-layout-flow\" style=\"font-size: 16px; font-style: normal; font-weight: 600;\">\r\n<p>M\u00eame chez de tout jeunes enfants,<br \/>un d\u00e9ficit visuel peut \u00eatre corrig\u00e9<br \/>par des lunettes.<\/p>\r\n<\/blockquote>\r\n<\/div><\/div>\r\n\r\n\r\n\r\n<p>L\u2019amblyopie, ou syndrome de l\u2019\u0153il paresseux, est une cons\u00e9quence fr\u00e9quente du strabisme mais peut aussi \u00eatre caus\u00e9e par un d\u00e9ficit visuel ou d\u2019autres maladies oculaires. Quand elle est d\u00e9tect\u00e9e pr\u00e9cocement, elle est g\u00e9n\u00e9ralement compl\u00e8tement r\u00e9versible. Le traitement d\u00e9pendra de la cause: en cas de d\u00e9ficit visuel, par exemple, le port de lunettes corrigera le d\u00e9ficit tout en renfor\u00e7ant l\u2019\u0153il paresseux. L\u2019occlusion provisoire de l\u2019\u0153il plus fort soutiendra ce processus.<\/p>\r\n\r\n\r\n\r\n<h2 class=\"wp-block-heading\">Bl\u00e9pharite et orgelet<\/h2>\r\n\r\n\r\n\r\n<p>Les maladies oculaires d\u2019origine inflammatoire sont fr\u00e9quentes chez les enfants. La bl\u00e9pharite, ou inflammation du bord de la paupi\u00e8re, entra\u00eene un gonflement, une rougeur et parfois des s\u00e9cr\u00e9tions collantes, qui s\u2019accompagnent de br\u00fblures et de d\u00e9mangeaisons d\u00e9sagr\u00e9ables. Elle est le plus souvent due \u00e0 une occlusion des glandes situ\u00e9es au bord de la paupi\u00e8re, principalement des glandes s\u00e9bac\u00e9es qui produisent un film huileux entrant dans la composition du liquide lacrymal. L\u2019obstruction de la glande, un ph\u00e9nom\u00e8ne qui peut \u00eatre favoris\u00e9 par la poussi\u00e8re, un air trop sec, le vent ou une n\u00e9vrodermite, provoque une inflammation. Des bact\u00e9ries peuvent \u00e9galement \u00eatre en cause. En pr\u00e9sence d\u2019une accumulation de pus due \u00e0 une infection bact\u00e9rienne, qui se manifeste par une grosseur ronde et dure douloureuse \u00e0 la pression au niveau de la paupi\u00e8re, on parle d\u2019orgelet \u2013 ou hord\u00e9ole en jargon m\u00e9dical. La bl\u00e9pharite comme l\u2019orgelet sont g\u00e9n\u00e9ralement des probl\u00e8mes b\u00e9nins qui gu\u00e9rissent spontan\u00e9ment en une \u00e0 deux semaines. Une compresse de gaze et un peu de solution saline isotonique permettront de nettoyer les s\u00e9cr\u00e9tions collantes.<\/p>\r\n\r\n\r\n\r\n<h2 class=\"wp-block-heading\">La conjonctivite<\/h2>\r\n\r\n\r\n\r\n<p>Si l\u2019inflammation touche l\u2019\u0153il lui-m\u00eame, il s\u2019agit souvent d\u2019une conjonctivite. La conjonctive est une fine muqueuse transparente qui recouvre la partie visible du globe oculaire et l\u2019int\u00e9rieur des paupi\u00e8res. Quand elle est enflamm\u00e9e, les yeux sont rouges, larmoient et d\u00e9mangent. La conjonctivite peut avoir plusieurs causes: des virus et des bact\u00e9ries peuvent \u00eatre responsables de sa forme infectieuse (et donc contagieuse) mais des stimulus ext\u00e9rieurs comme les courants d\u2019air, l\u2019eau chlor\u00e9e, un corps \u00e9tranger ou les allergies peuvent entra\u00eener une forme non contagieuse. En g\u00e9n\u00e9ral, la conjonctivite \u00e9volue favorablement et gu\u00e9rit spontan\u00e9ment. Un collyre \u00e0 l\u2019extrait d\u2019euphraise aidera \u00e0 calmer l\u2019irritation et l\u2019inflammation des petits yeux.<\/p>\r\n\r\n\r\n\r\n<h2 class=\"wp-block-heading\">Hygi\u00e8ne des mains et visite chez le m\u00e9decin<\/h2>\r\n\r\n\r\n\r\n<p>En cas de maladie oculaire inflammatoire, le mot d\u2019ordre est \u00abBas les pattes!\u00bb. Car se frotter les yeux retarde non seulement la gu\u00e9rison mais le contact direct avec les virus et bact\u00e9ries \u00e9ventuellement responsables est en outre extr\u00eamement contagieux. Il est donc tr\u00e8s important de se laver et de se d\u00e9sinfecter r\u00e9guli\u00e8rement les mains. En l\u2019absence d\u2019am\u00e9lioration apr\u00e8s un \u00e0 deux jours ou si d\u2019autres sympt\u00f4mes comme une fi\u00e8vre, des douleurs croissantes ou une sensation g\u00e9n\u00e9rale de malaise apparaissent, une visite chez le m\u00e9decin s\u2019impose. Si des bact\u00e9ries sont impliqu\u00e9es, un traitement local avec un collyre ou une pommade oculaire antibiotique pourra \u00eatre prescrit.<\/p>\r\n\r\n\r\n\r\n<div class=\"wp-block-columns is-layout-flex wp-container-core-columns-is-layout-a80d5108 wp-block-columns-is-layout-flex\" style=\"margin-top: 60px; margin-bottom: 50px;\">\r\n<div class=\"wp-block-column has-background is-layout-flow wp-block-column-is-layout-flow\" style=\"background-color: #f1f2f4; flex-basis: 800px; padding: var(--wp--preset--spacing--70);\">\r\n<h2 class=\"wp-block-heading\" style=\"margin-top: var(--wp--preset--spacing--20); margin-bottom: var(--wp--preset--spacing--50); margin-left: 0; font-size: 23px;\">Seltene Augenerkrankungen bei Kindern<\/h2>\r\n\r\n\r\n\r\n<ul class=\"wp-block-list\">\r\n<li>Le ptosis (affaissement de la paupi\u00e8re sup\u00e9rieure): la paupi\u00e8re sup\u00e9rieure est tombante et couvre partiellement ou compl\u00e8tement la pupille, ce qui bloque la vue. Le probl\u00e8me peut venir d\u2019un mauvais positionnement du muscle palp\u00e9bral qui contr\u00f4le l\u2019ouverture de la paupi\u00e8re.<\/li>\r\n\r\n\r\n\r\n<li>La cataracte: opacification du cristallin qui peut fortement restreindre les capacit\u00e9s visuelles. La cause peut \u00eatre un \u00e9v\u00e8nement donn\u00e9 pendant la grossesse, comme la rub\u00e9ole, ou \u00eatre d\u2019origine h\u00e9r\u00e9ditaire au sein d\u2019une famille.<\/li>\r\n\r\n\r\n\r\n<li>Le glaucome: \u00e9l\u00e9vation de la pression intraoculaire qui ab\u00eeme le nerf optique et peut conduire \u00e0 la c\u00e9cit\u00e9. La cause est probablement \u00e0 rechercher du c\u00f4t\u00e9 d\u2019une malformation du canal lacrymal qui fait que l\u2019humeur aqueuse ne peut pas s\u2019\u00e9vacuer correctement.<\/li>\r\n<\/ul>\r\n\r\n\r\n\r\n<h2 class=\"wp-block-heading\">Les signes d\u2019un probl\u00e8me visuel chez l\u2019enfant<\/h2>\r\n\r\n\r\n\r\n<p>Plus le trouble visuel sera trait\u00e9 pr\u00e9cocement, meilleures seront les chances de gu\u00e9rison. Les signes suivants doivent conduire \u00e0 rechercher un probl\u00e8me visuel \u00e9ventuel:<\/p>\r\n\r\n\r\n\r\n<ul class=\"wp-block-list\">\r\n<li>difficult\u00e9s \u00e0 reconna\u00eetre les visages ou les objets et \u00e0 les saisir<\/li>\r\n\r\n\r\n\r\n<li>inclinaison constante de la t\u00eate<\/li>\r\n\r\n\r\n\r\n<li>tendance \u00e0 plisser ou \u00e0 fermer les yeux fr\u00e9quemment<\/li>\r\n\r\n\r\n\r\n<li>probl\u00e8mes d\u2019\u00e9quilibre et tendance \u00e0 tr\u00e9bucher<\/li>\r\n\r\n\r\n\r\n<li>fatigue rapide en jouant ou en dessinant<\/li>\r\n<\/ul>\r\n<\/div>\r\n<\/div>\r\n\r\n\r\n","protected":false},"excerpt":{"rendered":"<p>P\u00e9tillants de rire ou \u00e9carquill\u00e9s de surprise, les yeux des  [&#8230;]<\/p>\n","protected":false},"author":13,"featured_media":26104,"comment_status":"closed","ping_status":"closed","sticky":false,"template":"","format":"standard","meta":{"_acf_changed":false,"footnotes":""},"categories":[780,770],"tags":[],"class_list":["post-26109","post","type-post","status-publish","format-standard","has-post-thumbnail","hentry","category-enfants","category-yeux-nez-oreilles"],"acf":[],"yoast_head":"<!-- This site is optimized with the Yoast SEO plugin v27.0 - https:\/\/yoast.com\/product\/yoast-seo-wordpress\/ -->\n<title>Quand les petits yeux ont des probl\u00e8mes - Astrea Aptheke<\/title>\n<meta name=\"robots\" content=\"index, follow, max-snippet:-1, max-image-preview:large, max-video-preview:-1\" \/>\n<link rel=\"canonical\" href=\"https:\/\/astrea-apotheke.ch\/fr\/quand-les-petits-yeux-ont-des-problemes\/\" \/>\n<meta property=\"og:locale\" content=\"fr_FR\" \/>\n<meta property=\"og:type\" content=\"article\" \/>\n<meta property=\"og:title\" content=\"Quand les petits yeux ont des probl\u00e8mes - Astrea Aptheke\" \/>\n<meta property=\"og:description\" content=\"P\u00e9tillants de rire ou \u00e9carquill\u00e9s de surprise, les yeux des [...]\" \/>\n<meta property=\"og:url\" content=\"https:\/\/astrea-apotheke.ch\/fr\/quand-les-petits-yeux-ont-des-problemes\/\" \/>\n<meta property=\"og:site_name\" content=\"Astrea Aptheke\" \/>\n<meta property=\"article:published_time\" content=\"2023-05-01T13:46:20+00:00\" \/>\n<meta property=\"article:modified_time\" content=\"2024-12-29T18:50:24+00:00\" \/>\n<meta name=\"author\" content=\"Catharina B\u00fchlmann\" \/>\n<meta name=\"twitter:card\" content=\"summary_large_image\" \/>\n<meta name=\"twitter:label1\" content=\"\u00c9crit par\" \/>\n\t<meta name=\"twitter:data1\" content=\"Catharina B\u00fchlmann\" \/>\n\t<meta name=\"twitter:label2\" content=\"Dur\u00e9e de lecture estim\u00e9e\" \/>\n\t<meta name=\"twitter:data2\" content=\"5 minutes\" \/>\n<script type=\"application\/ld+json\" class=\"yoast-schema-graph\">{\"@context\":\"https:\/\/schema.org\",\"@graph\":[{\"@type\":\"Article\",\"@id\":\"https:\/\/astrea-apotheke.ch\/fr\/quand-les-petits-yeux-ont-des-problemes\/#article\",\"isPartOf\":{\"@id\":\"https:\/\/astrea-apotheke.ch\/fr\/quand-les-petits-yeux-ont-des-problemes\/\"},\"author\":{\"name\":\"Catharina B\u00fchlmann\",\"@id\":\"https:\/\/astrea-apotheke.ch\/fr\/#\/schema\/person\/0a397c741fc343ffe4ff706aee4eaa0d\"},\"headline\":\"Quand les petits yeux ont des probl\u00e8mes\",\"datePublished\":\"2023-05-01T13:46:20+00:00\",\"dateModified\":\"2024-12-29T18:50:24+00:00\",\"mainEntityOfPage\":{\"@id\":\"https:\/\/astrea-apotheke.ch\/fr\/quand-les-petits-yeux-ont-des-problemes\/\"},\"wordCount\":1024,\"publisher\":{\"@id\":\"https:\/\/astrea-apotheke.ch\/fr\/#organization\"},\"image\":{\"@id\":\"https:\/\/astrea-apotheke.ch\/fr\/quand-les-petits-yeux-ont-des-problemes\/#primaryimage\"},\"thumbnailUrl\":\"\",\"articleSection\":[\"Enfants\",\"Yeux, nez, oreilles\"],\"inLanguage\":\"fr-FR\"},{\"@type\":\"WebPage\",\"@id\":\"https:\/\/astrea-apotheke.ch\/fr\/quand-les-petits-yeux-ont-des-problemes\/\",\"url\":\"https:\/\/astrea-apotheke.ch\/fr\/quand-les-petits-yeux-ont-des-problemes\/\",\"name\":\"Quand les petits yeux ont des probl\u00e8mes - Astrea Aptheke\",\"isPartOf\":{\"@id\":\"https:\/\/astrea-apotheke.ch\/fr\/#website\"},\"primaryImageOfPage\":{\"@id\":\"https:\/\/astrea-apotheke.ch\/fr\/quand-les-petits-yeux-ont-des-problemes\/#primaryimage\"},\"image\":{\"@id\":\"https:\/\/astrea-apotheke.ch\/fr\/quand-les-petits-yeux-ont-des-problemes\/#primaryimage\"},\"thumbnailUrl\":\"\",\"datePublished\":\"2023-05-01T13:46:20+00:00\",\"dateModified\":\"2024-12-29T18:50:24+00:00\",\"breadcrumb\":{\"@id\":\"https:\/\/astrea-apotheke.ch\/fr\/quand-les-petits-yeux-ont-des-problemes\/#breadcrumb\"},\"inLanguage\":\"fr-FR\",\"potentialAction\":[{\"@type\":\"ReadAction\",\"target\":[\"https:\/\/astrea-apotheke.ch\/fr\/quand-les-petits-yeux-ont-des-problemes\/\"]}]},{\"@type\":\"ImageObject\",\"inLanguage\":\"fr-FR\",\"@id\":\"https:\/\/astrea-apotheke.ch\/fr\/quand-les-petits-yeux-ont-des-problemes\/#primaryimage\",\"url\":\"\",\"contentUrl\":\"\"},{\"@type\":\"BreadcrumbList\",\"@id\":\"https:\/\/astrea-apotheke.ch\/fr\/quand-les-petits-yeux-ont-des-problemes\/#breadcrumb\",\"itemListElement\":[{\"@type\":\"ListItem\",\"position\":1,\"name\":\"Startseite\",\"item\":\"https:\/\/astrea-apotheke.ch\/fr\/\"},{\"@type\":\"ListItem\",\"position\":2,\"name\":\"Quand les petits yeux ont des probl\u00e8mes\"}]},{\"@type\":\"WebSite\",\"@id\":\"https:\/\/astrea-apotheke.ch\/fr\/#website\",\"url\":\"https:\/\/astrea-apotheke.ch\/fr\/\",\"name\":\"astrea Bulletin\",\"description\":\"Gesundheitsmagazin\",\"publisher\":{\"@id\":\"https:\/\/astrea-apotheke.ch\/fr\/#organization\"},\"potentialAction\":[{\"@type\":\"SearchAction\",\"target\":{\"@type\":\"EntryPoint\",\"urlTemplate\":\"https:\/\/astrea-apotheke.ch\/fr\/?s={search_term_string}\"},\"query-input\":{\"@type\":\"PropertyValueSpecification\",\"valueRequired\":true,\"valueName\":\"search_term_string\"}}],\"inLanguage\":\"fr-FR\"},{\"@type\":\"Organization\",\"@id\":\"https:\/\/astrea-apotheke.ch\/fr\/#organization\",\"name\":\"astrea Bulletin\",\"url\":\"https:\/\/astrea-apotheke.ch\/fr\/\",\"logo\":{\"@type\":\"ImageObject\",\"inLanguage\":\"fr-FR\",\"@id\":\"https:\/\/astrea-apotheke.ch\/fr\/#\/schema\/logo\/image\/\",\"url\":\"http:\/\/apotheke.astrea-bulletin.ch\/wp-content\/uploads\/2024\/08\/Logo_Astrea-Bulletin_RGB.jpg\",\"contentUrl\":\"http:\/\/apotheke.astrea-bulletin.ch\/wp-content\/uploads\/2024\/08\/Logo_Astrea-Bulletin_RGB.jpg\",\"width\":1429,\"height\":560,\"caption\":\"astrea Bulletin\"},\"image\":{\"@id\":\"https:\/\/astrea-apotheke.ch\/fr\/#\/schema\/logo\/image\/\"}},{\"@type\":\"Person\",\"@id\":\"https:\/\/astrea-apotheke.ch\/fr\/#\/schema\/person\/0a397c741fc343ffe4ff706aee4eaa0d\",\"name\":\"Catharina B\u00fchlmann\",\"image\":{\"@type\":\"ImageObject\",\"inLanguage\":\"fr-FR\",\"@id\":\"https:\/\/astrea-apotheke.ch\/fr\/#\/schema\/person\/image\/\",\"url\":\"https:\/\/secure.gravatar.com\/avatar\/610f5c8fbae1dfacdd3b16102ada9ba1ec8ac0bbbc7f1ff235c17757a3e59d88?s=96&d=mm&r=g\",\"contentUrl\":\"https:\/\/secure.gravatar.com\/avatar\/610f5c8fbae1dfacdd3b16102ada9ba1ec8ac0bbbc7f1ff235c17757a3e59d88?s=96&d=mm&r=g\",\"caption\":\"Catharina B\u00fchlmann\"},\"url\":\"https:\/\/astrea-apotheke.ch\/fr\/author\/catharina-buehlmann\/\"}]}<\/script>\n<!-- \/ Yoast SEO plugin. -->","yoast_head_json":{"title":"Quand les petits yeux ont des probl\u00e8mes - Astrea Aptheke","robots":{"index":"index","follow":"follow","max-snippet":"max-snippet:-1","max-image-preview":"max-image-preview:large","max-video-preview":"max-video-preview:-1"},"canonical":"https:\/\/astrea-apotheke.ch\/fr\/quand-les-petits-yeux-ont-des-problemes\/","og_locale":"fr_FR","og_type":"article","og_title":"Quand les petits yeux ont des probl\u00e8mes - Astrea Aptheke","og_description":"P\u00e9tillants de rire ou \u00e9carquill\u00e9s de surprise, les yeux des [...]","og_url":"https:\/\/astrea-apotheke.ch\/fr\/quand-les-petits-yeux-ont-des-problemes\/","og_site_name":"Astrea Aptheke","article_published_time":"2023-05-01T13:46:20+00:00","article_modified_time":"2024-12-29T18:50:24+00:00","author":"Catharina B\u00fchlmann","twitter_card":"summary_large_image","twitter_misc":{"\u00c9crit par":"Catharina B\u00fchlmann","Dur\u00e9e de lecture estim\u00e9e":"5 minutes"},"schema":{"@context":"https:\/\/schema.org","@graph":[{"@type":"Article","@id":"https:\/\/astrea-apotheke.ch\/fr\/quand-les-petits-yeux-ont-des-problemes\/#article","isPartOf":{"@id":"https:\/\/astrea-apotheke.ch\/fr\/quand-les-petits-yeux-ont-des-problemes\/"},"author":{"name":"Catharina B\u00fchlmann","@id":"https:\/\/astrea-apotheke.ch\/fr\/#\/schema\/person\/0a397c741fc343ffe4ff706aee4eaa0d"},"headline":"Quand les petits yeux ont des probl\u00e8mes","datePublished":"2023-05-01T13:46:20+00:00","dateModified":"2024-12-29T18:50:24+00:00","mainEntityOfPage":{"@id":"https:\/\/astrea-apotheke.ch\/fr\/quand-les-petits-yeux-ont-des-problemes\/"},"wordCount":1024,"publisher":{"@id":"https:\/\/astrea-apotheke.ch\/fr\/#organization"},"image":{"@id":"https:\/\/astrea-apotheke.ch\/fr\/quand-les-petits-yeux-ont-des-problemes\/#primaryimage"},"thumbnailUrl":"","articleSection":["Enfants","Yeux, nez, oreilles"],"inLanguage":"fr-FR"},{"@type":"WebPage","@id":"https:\/\/astrea-apotheke.ch\/fr\/quand-les-petits-yeux-ont-des-problemes\/","url":"https:\/\/astrea-apotheke.ch\/fr\/quand-les-petits-yeux-ont-des-problemes\/","name":"Quand les petits yeux ont des probl\u00e8mes - Astrea Aptheke","isPartOf":{"@id":"https:\/\/astrea-apotheke.ch\/fr\/#website"},"primaryImageOfPage":{"@id":"https:\/\/astrea-apotheke.ch\/fr\/quand-les-petits-yeux-ont-des-problemes\/#primaryimage"},"image":{"@id":"https:\/\/astrea-apotheke.ch\/fr\/quand-les-petits-yeux-ont-des-problemes\/#primaryimage"},"thumbnailUrl":"","datePublished":"2023-05-01T13:46:20+00:00","dateModified":"2024-12-29T18:50:24+00:00","breadcrumb":{"@id":"https:\/\/astrea-apotheke.ch\/fr\/quand-les-petits-yeux-ont-des-problemes\/#breadcrumb"},"inLanguage":"fr-FR","potentialAction":[{"@type":"ReadAction","target":["https:\/\/astrea-apotheke.ch\/fr\/quand-les-petits-yeux-ont-des-problemes\/"]}]},{"@type":"ImageObject","inLanguage":"fr-FR","@id":"https:\/\/astrea-apotheke.ch\/fr\/quand-les-petits-yeux-ont-des-problemes\/#primaryimage","url":"","contentUrl":""},{"@type":"BreadcrumbList","@id":"https:\/\/astrea-apotheke.ch\/fr\/quand-les-petits-yeux-ont-des-problemes\/#breadcrumb","itemListElement":[{"@type":"ListItem","position":1,"name":"Startseite","item":"https:\/\/astrea-apotheke.ch\/fr\/"},{"@type":"ListItem","position":2,"name":"Quand les petits yeux ont des probl\u00e8mes"}]},{"@type":"WebSite","@id":"https:\/\/astrea-apotheke.ch\/fr\/#website","url":"https:\/\/astrea-apotheke.ch\/fr\/","name":"astrea Bulletin","description":"Gesundheitsmagazin","publisher":{"@id":"https:\/\/astrea-apotheke.ch\/fr\/#organization"},"potentialAction":[{"@type":"SearchAction","target":{"@type":"EntryPoint","urlTemplate":"https:\/\/astrea-apotheke.ch\/fr\/?s={search_term_string}"},"query-input":{"@type":"PropertyValueSpecification","valueRequired":true,"valueName":"search_term_string"}}],"inLanguage":"fr-FR"},{"@type":"Organization","@id":"https:\/\/astrea-apotheke.ch\/fr\/#organization","name":"astrea Bulletin","url":"https:\/\/astrea-apotheke.ch\/fr\/","logo":{"@type":"ImageObject","inLanguage":"fr-FR","@id":"https:\/\/astrea-apotheke.ch\/fr\/#\/schema\/logo\/image\/","url":"http:\/\/apotheke.astrea-bulletin.ch\/wp-content\/uploads\/2024\/08\/Logo_Astrea-Bulletin_RGB.jpg","contentUrl":"http:\/\/apotheke.astrea-bulletin.ch\/wp-content\/uploads\/2024\/08\/Logo_Astrea-Bulletin_RGB.jpg","width":1429,"height":560,"caption":"astrea Bulletin"},"image":{"@id":"https:\/\/astrea-apotheke.ch\/fr\/#\/schema\/logo\/image\/"}},{"@type":"Person","@id":"https:\/\/astrea-apotheke.ch\/fr\/#\/schema\/person\/0a397c741fc343ffe4ff706aee4eaa0d","name":"Catharina B\u00fchlmann","image":{"@type":"ImageObject","inLanguage":"fr-FR","@id":"https:\/\/astrea-apotheke.ch\/fr\/#\/schema\/person\/image\/","url":"https:\/\/secure.gravatar.com\/avatar\/610f5c8fbae1dfacdd3b16102ada9ba1ec8ac0bbbc7f1ff235c17757a3e59d88?s=96&d=mm&r=g","contentUrl":"https:\/\/secure.gravatar.com\/avatar\/610f5c8fbae1dfacdd3b16102ada9ba1ec8ac0bbbc7f1ff235c17757a3e59d88?s=96&d=mm&r=g","caption":"Catharina B\u00fchlmann"},"url":"https:\/\/astrea-apotheke.ch\/fr\/author\/catharina-buehlmann\/"}]}},"_links":{"self":[{"href":"https:\/\/astrea-apotheke.ch\/fr\/wp-json\/wp\/v2\/posts\/26109","targetHints":{"allow":["GET"]}}],"collection":[{"href":"https:\/\/astrea-apotheke.ch\/fr\/wp-json\/wp\/v2\/posts"}],"about":[{"href":"https:\/\/astrea-apotheke.ch\/fr\/wp-json\/wp\/v2\/types\/post"}],"author":[{"embeddable":true,"href":"https:\/\/astrea-apotheke.ch\/fr\/wp-json\/wp\/v2\/users\/13"}],"replies":[{"embeddable":true,"href":"https:\/\/astrea-apotheke.ch\/fr\/wp-json\/wp\/v2\/comments?post=26109"}],"version-history":[{"count":2,"href":"https:\/\/astrea-apotheke.ch\/fr\/wp-json\/wp\/v2\/posts\/26109\/revisions"}],"predecessor-version":[{"id":31317,"href":"https:\/\/astrea-apotheke.ch\/fr\/wp-json\/wp\/v2\/posts\/26109\/revisions\/31317"}],"wp:featuredmedia":[{"embeddable":true,"href":"https:\/\/astrea-apotheke.ch\/fr\/wp-json\/"}],"wp:attachment":[{"href":"https:\/\/astrea-apotheke.ch\/fr\/wp-json\/wp\/v2\/media?parent=26109"}],"wp:term":[{"taxonomy":"category","embeddable":true,"href":"https:\/\/astrea-apotheke.ch\/fr\/wp-json\/wp\/v2\/categories?post=26109"},{"taxonomy":"post_tag","embeddable":true,"href":"https:\/\/astrea-apotheke.ch\/fr\/wp-json\/wp\/v2\/tags?post=26109"}],"curies":[{"name":"wp","href":"https:\/\/api.w.org\/{rel}","templated":true}]}}