{"id":27340,"date":"2024-03-01T09:00:00","date_gmt":"2024-03-01T07:00:00","guid":{"rendered":"https:\/\/astrea-apotheke.ch\/?p=27340"},"modified":"2024-12-29T16:59:54","modified_gmt":"2024-12-29T14:59:54","slug":"guertelrose-impfung-alles-was-sie-wissen-muessen-2","status":"publish","type":"post","link":"https:\/\/astrea-apotheke.ch\/fr\/guertelrose-impfung-alles-was-sie-wissen-muessen-2\/","title":{"rendered":"Pas toujours anodin: le zona"},"content":{"rendered":"<h1 style=\"font-size:51px;font-style:normal;font-weight:400; margin-bottom:var(--wp--preset--spacing--50);\" class=\"wp-block-post-title has-roboto-slab-font-family\">Pas toujours anodin: le zona<\/h1>\r\n\r\n\r\n<p class=\"has-primary-color has-text-color has-roboto-font-family\" style=\"margin-bottom: var(--wp--preset--spacing--20); font-size: 23px; line-height: 1.5;\"><em>Les personnes ayant d\u00e9j\u00e0 eu la varicelle ont 30 % de chances de contracter un zona par la suite. La vaccination peut r\u00e9duire consid\u00e9rablement la charge de la maladie dans tous les groupes d\u2019\u00e2ge.<\/em><\/p>\r\n\r\n\r\n<div class=\"wp-block-post-author\"><div class=\"wp-block-post-author__avatar\"><img alt='' src='https:\/\/secure.gravatar.com\/avatar\/a86d8eb75c259a13eed14bd5bf4454f493ceb520d8bda0a907a7636fd29d6e80?s=48&#038;d=mm&#038;r=g' srcset='https:\/\/secure.gravatar.com\/avatar\/a86d8eb75c259a13eed14bd5bf4454f493ceb520d8bda0a907a7636fd29d6e80?s=96&#038;d=mm&#038;r=g 2x' class='avatar avatar-48 photo' height='48' width='48' \/><\/div><div class=\"wp-block-post-author__content\"><p class=\"wp-block-post-author__name\"><a href=\"https:\/\/astrea-apotheke.ch\/fr\/author\/juerg-lendemann\/\" target=\"_self\">J\u00fcrg Lendenmann<\/a><\/p><\/div><\/div>\r\n\r\n\r\n<div class=\"wp-block-group is-content-justification-left\" style=\"margin-top: var(--wp--preset--spacing--50); margin-bottom: var(--wp--preset--spacing--70);\"><div class=\"wp-block-group__inner-container is-layout-constrained wp-container-core-group-is-layout-b81d822d wp-block-group-is-layout-constrained\"><figure style=\"width:800px;\" class=\"wp-block-post-featured-image\"><img decoding=\"async\" width=\"1920\" height=\"1080\" src=\"https:\/\/astrea-apotheke.ch\/wp-content\/uploads\/2024\/03\/Guertelrose_312746520_plo.jpg\" class=\"attachment-post-thumbnail size-post-thumbnail lazyload wp-post-image\" alt=\"\" style=\"object-fit:cover;\" srcset=\"data:image\/svg+xml,%3Csvg%20xmlns%3D%27http%3A%2F%2Fwww.w3.org%2F2000%2Fsvg%27%20width%3D%271920%27%20height%3D%271080%27%20viewBox%3D%270%200%201920%201080%27%3E%3Crect%20width%3D%271920%27%20height%3D%271080%27%20fill-opacity%3D%220%22%2F%3E%3C%2Fsvg%3E\" data-orig-src=\"https:\/\/astrea-apotheke.ch\/wp-content\/uploads\/2024\/03\/Guertelrose_312746520_plo.jpg\" data-srcset=\"https:\/\/astrea-apotheke.ch\/wp-content\/uploads\/2024\/03\/Guertelrose_312746520_plo-200x113.jpg 200w, https:\/\/astrea-apotheke.ch\/wp-content\/uploads\/2024\/03\/Guertelrose_312746520_plo-300x169.jpg 300w, https:\/\/astrea-apotheke.ch\/wp-content\/uploads\/2024\/03\/Guertelrose_312746520_plo-400x225.jpg 400w, https:\/\/astrea-apotheke.ch\/wp-content\/uploads\/2024\/03\/Guertelrose_312746520_plo-600x338.jpg 600w, https:\/\/astrea-apotheke.ch\/wp-content\/uploads\/2024\/03\/Guertelrose_312746520_plo-768x432.jpg 768w, https:\/\/astrea-apotheke.ch\/wp-content\/uploads\/2024\/03\/Guertelrose_312746520_plo-800x450.jpg 800w, https:\/\/astrea-apotheke.ch\/wp-content\/uploads\/2024\/03\/Guertelrose_312746520_plo-1024x576.jpg 1024w, https:\/\/astrea-apotheke.ch\/wp-content\/uploads\/2024\/03\/Guertelrose_312746520_plo-1200x675.jpg 1200w, https:\/\/astrea-apotheke.ch\/wp-content\/uploads\/2024\/03\/Guertelrose_312746520_plo-1536x864.jpg 1536w, https:\/\/astrea-apotheke.ch\/wp-content\/uploads\/2024\/03\/Guertelrose_312746520_plo.jpg 1920w\" data-sizes=\"auto\" \/><\/figure><\/div><\/div>\r\n\r\n\r\n\r\n<p>M\u00eame si vous ne vous souvenez pas, il est tr\u00e8s probable que vous ayez eu la varicelle pendant votre enfance. \u00abPratiquement toute la population adulte (98 %) a des anticorps contre le virus, elle a donc d\u00e9j\u00e0 connu la maladie dans l\u2019enfance\u00bb, indique l\u2019Office f\u00e9d\u00e9ral de la sant\u00e9 publique (OFSP). Le virus en question s\u2019appelle le virus varicelle-zona.<br \/>La varicelle est tr\u00e8s contagieuse et se propage principalement par des infections par gouttelettes, mais aussi par contact cutan\u00e9 (infection par contact). Chez les enfants de moins de 10 ans, la maladie est g\u00e9n\u00e9ralement d\u00e9sagr\u00e9able mais b\u00e9nigne. Elle se caract\u00e9rise par des v\u00e9sicules qui d\u00e9mangent surtout sur le tronc et le visage. Chez les adultes, les femmes enceintes, les personnes immunod\u00e9prim\u00e9es et les personnes \u00e2g\u00e9es, la maladie peut entra\u00eener des formes graves et m\u00eame \u00eatre mortelle.<\/p>\r\n\r\n\r\n\r\n<h2 class=\"wp-block-heading\">Virus dormant<\/h2>\r\n\r\n\r\n\r\n<p>Avoir contract\u00e9 la varicelle, entra\u00eene une immunit\u00e9 \u00e0 vie, mais uniquement contre la varicelle. En effet, le virus de la varicelle-zona reste latent dans les ganglions nerveux du corps et peut y rester \u00abendormi\u00bb pendant des d\u00e9cennies, car notre syst\u00e8me immunitaire le garde sous contr\u00f4le. Cependant, si nos d\u00e9fenses immunitaires sont affaiblies, par exemple en raison du stress ou du vieillissement, les virus peuvent se r\u00e9activer. Ils peuvent alors d\u00e9clencher une deuxi\u00e8me maladie: le zona. On l\u2019appelle aussi herp\u00e8s zoster ou zona. Les virus r\u00e9activ\u00e9s migrent depuis les ganglions nerveux, g\u00e9n\u00e9ralement au nombre de un \u00e0 trois, le long des nerfs vers les zones cutan\u00e9es qu\u2019ils desservent, appel\u00e9es dermatomes. Apr\u00e8s des sympt\u00f4mes non sp\u00e9cifiques tels que de la fatigue et des maux de t\u00eate, des douleurs intenses et persistantes ainsi que des d\u00e9mangeaisons, des br\u00fblures, des fourmillements et des picotements peuvent survenir dans les dermatomes concern\u00e9s. Plus tard, les v\u00e9sicules typiques se forment sur la peau rougie. Ces l\u00e9sions contiennent de nombreux virus dans leur liquide transparent. Lorsque les v\u00e9sicules \u00e9clatent, les agents pathog\u00e8nes peuvent se propager par contact cutan\u00e9. Apr\u00e8s quelques jours, les v\u00e9sicules se dess\u00e8chent.<br \/>L\u2019\u00e9ruption cutan\u00e9e inflammatoire est g\u00e9n\u00e9ralement lin\u00e9aire et se limite \u00e0 un c\u00f4t\u00e9 du corps. Le nom de \u00abzona\u00bb vient du fait que les \u00e9ruptions cutan\u00e9es sur le haut du corps ont g\u00e9n\u00e9ralement la forme d\u2019une ceinture. En cas de suspicion, il est conseill\u00e9 de consulter un m\u00e9decin.<br \/>Selon l\u2019OFSP, des complications surviennent dans environ 30 pour cent de tous les cas de zona. \u00abDans 10 \u00e0 20 % des cas, un \u0153il est touch\u00e9 par l\u2019\u00e9ruption (risque de c\u00e9cit\u00e9).\u00bb<\/p>\r\n\r\n\r\n\r\n<div class=\"wp-block-group is-style-default\" style=\"border-radius: 72px; margin-top: var(--wp--preset--spacing--30); margin-bottom: var(--wp--preset--spacing--80);\"><div class=\"wp-block-group__inner-container is-layout-flow wp-block-group-is-layout-flow\">\r\n<blockquote class=\"wp-block-quote is-style-default has-primary-color has-text-color is-layout-flow wp-block-quote-is-layout-flow\" style=\"font-size: 16px; font-style: normal; font-weight: 600;\">\r\n<p>\u00abChaque ann\u00e9e, en Suisse, environ 30 000 <br \/>personnes contractent le zona, <br \/>jusqu\u2019\u00e0 3000 doivent \u00eatre hospitalis\u00e9es.\u00bb<\/p>\r\n<\/blockquote>\r\n<\/div><\/div>\r\n\r\n\r\n\r\n<h2 class=\"wp-block-heading\">Traitement du zona<\/h2>\r\n\r\n\r\n\r\n<p>\u00abLe traitement de la varicelle ou du zona se limite dans la plupart des cas \u00e0 att\u00e9nuer les sympt\u00f4mes\u00bb, \u00e9crit l\u2019OFSP. Il s\u2019agit en premier lieu de soulager la douleur des personnes malades. Selon le stade de la maladie, l\u2019\u00e9ruption cutan\u00e9e est trait\u00e9e de mani\u00e8re ass\u00e9chante ou antiseptique. Dans certains cas, on utilise des m\u00e9dicaments qui inhibent la multiplication des virus. Ils raccourcissent le processus de gu\u00e9rison et peuvent pr\u00e9venir une \u00e9volution compliqu\u00e9e de la maladie. M\u00eame apr\u00e8s la cicatrisation des zones cutan\u00e9es touch\u00e9es, certaines personnes ressentent des douleurs de diff\u00e9rents types qui les g\u00eanent beaucoup.<\/p>\r\n\r\n\r\n\r\n<h2 class=\"wp-block-heading\">Pr\u00e9vention par la vaccination<\/h2>\r\n\r\n\r\n\r\n<p>Afin de r\u00e9duire le risque de contracter la varicelle et de d\u00e9velopper ult\u00e9rieurement le zona, l\u2019OFSP recommande de vacciner les nourrissons. Dans la mesure du possible, la vaccination contre la varicelle devrait \u00eatre combin\u00e9e avec celle contre la rougeole, les oreillons et la rub\u00e9ole: gr\u00e2ce au vaccin MMRV. \u00abLa vaccination avec deux doses prot\u00e8ge \u00e0 plus de 90 % contre la varicelle et \u00e0 plus de 95 % contre les formes graves et les complications. La plupart des personnes vaccin\u00e9es n\u2019attrapent donc plus la varicelle, les autres peuvent d\u00e9velopper une forme l\u00e9g\u00e8re de la maladie. \u00bb Les co\u00fbts de la vaccination de base pour les nourrissons et les jeunes enfants sont pris en charge par l\u2019assurance maladie obligatoire.<br \/>\u00abUne vaccination de rattrapage est recommand\u00e9e pour tous les enfants, adolescents et adultes \u00e2g\u00e9s de 13 mois \u00e0 39 ans (c\u2019est-\u00e0-dire jusqu\u2019\u00e0 leur 40e anniversaire) qui n\u2019ont pas encore eu la varicelle et qui n\u2019ont pas encore re\u00e7u deux doses de vaccin contre la varicelle.\u00bb<br \/>\u00c0 partir de 2022, la vaccination contre le zona est recommand\u00e9e en Suisse pour les personnes en bonne sant\u00e9 \u00e2g\u00e9es de 65 ans et plus ainsi que pour les patients immunod\u00e9ficients \u00e2g\u00e9s de 50 ans et plus, et les patients pr\u00e9sentant une immunod\u00e9ficience s\u00e9v\u00e8re \u00e0 partir de 18 ans et plus.<\/p>\r\n\r\n\r\n\r\n<div class=\"wp-block-columns is-layout-flex wp-container-core-columns-is-layout-a80d5108 wp-block-columns-is-layout-flex\" style=\"margin-top: 60px; margin-bottom: 50px;\">\r\n<div class=\"wp-block-column has-background is-layout-flow wp-block-column-is-layout-flow\" style=\"background-color: #f1f2f4; flex-basis: 800px; padding: var(--wp--preset--spacing--70);\">\r\n<h2 class=\"wp-block-heading\" style=\"margin-top: var(--wp--preset--spacing--20); margin-bottom: var(--wp--preset--spacing--50); margin-left: 0; font-size: 23px;\">30 000 cas de zona par an<\/h2>\r\n\r\n\r\n\r\n<ul class=\"wp-block-list\">\r\n<li>En Suisse, environ 80 000 enfants et plus de 3000 personnes de 16 ans et plus, contractent chaque ann\u00e9e la varicelle, et environ 30 000 le zona.<\/li>\r\n\r\n\r\n\r\n<li>Plus de 20 000 consultations par an sont li\u00e9es au zona.<\/li>\r\n\r\n\r\n\r\n<li>Chaque ann\u00e9e, entre 2000 et 3000 personnes, principalement des adultes plus \u00e2g\u00e9s, sont hospitalis\u00e9es pour un zona.<\/li>\r\n\r\n\r\n\r\n<li>Environ un tiers des personnes ayant eu la varicelle d\u00e9veloppent un zona au cours de leur vie. Les personnes \u00e2g\u00e9es, g\u00e9n\u00e9ralement de plus de 60 ans, sont plus souvent touch\u00e9es que les jeunes, les femmes plus souvent que les hommes.<\/li>\r\n\r\n\r\n\r\n<li>Si le syst\u00e8me immunitaire est affaibli, une personne peut contracter le zona plusieurs fois.<\/li>\r\n\r\n\r\n\r\n<li>Une vaccination aussi pr\u00e9coce que possible chez le nourrisson (ou une vaccination de rattrapage pour ceux qui ne sont pas encore immunis\u00e9s) prot\u00e8ge non seulement contre la varicelle, mais r\u00e9duit aussi consid\u00e9rablement le risque de zona plus tard dans la vie.<\/li>\r\n<\/ul>\r\n\r\n\r\n\r\n<p>Sources\/Informations<br \/><a href=\"https:\/\/www.bag.admin.ch\/bag\/fr\/home.html\">OFSP<\/a>, <a href=\"https:\/\/www.pharmawiki.ch\/wiki\/\">pharmawiki.ch<\/a>, <a href=\"http:\/\/netdoktor.ch\">netdoktor.ch<\/a><\/p>\r\n<\/div>\r\n<\/div>\r\n\r\n\r\n","protected":false},"excerpt":{"rendered":"<p>Les personnes ayant d\u00e9j\u00e0 eu la varicelle ont 30 %  [&#8230;]<\/p>\n","protected":false},"author":20,"featured_media":30354,"comment_status":"closed","ping_status":"closed","sticky":false,"template":"","format":"standard","meta":{"_acf_changed":false,"footnotes":""},"categories":[774],"tags":[],"class_list":["post-27340","post","type-post","status-publish","format-standard","has-post-thumbnail","hentry","category-systeme-immunitaire-allergies"],"acf":[],"yoast_head":"<!-- This site is optimized with the Yoast SEO plugin v27.0 - https:\/\/yoast.com\/product\/yoast-seo-wordpress\/ -->\n<title>Pas toujours anodin: le zona - Astrea Aptheke<\/title>\n<meta name=\"description\" content=\"Entdecken Sie bei Astrea Apotheke, wie die G\u00fcrtelrose Impfung, besonders f\u00fcr Personen \u00fcber 65 Jahre, Ihr Risiko senken kann. Erfahren Sie mehr \u00fcber Vorbeugung, Symptome und Behandlung von G\u00fcrtelrose.\" \/>\n<meta name=\"robots\" content=\"index, follow, max-snippet:-1, max-image-preview:large, max-video-preview:-1\" \/>\n<link rel=\"canonical\" href=\"https:\/\/astrea-apotheke.ch\/fr\/guertelrose-impfung-alles-was-sie-wissen-muessen-2\/\" \/>\n<meta property=\"og:locale\" content=\"fr_FR\" \/>\n<meta property=\"og:type\" content=\"article\" \/>\n<meta property=\"og:title\" content=\"Pas toujours anodin: le zona - Astrea Aptheke\" \/>\n<meta property=\"og:description\" content=\"Entdecken Sie bei Astrea Apotheke, wie die G\u00fcrtelrose Impfung, besonders f\u00fcr Personen \u00fcber 65 Jahre, Ihr Risiko senken kann. Erfahren Sie mehr \u00fcber Vorbeugung, Symptome und Behandlung von G\u00fcrtelrose.\" \/>\n<meta property=\"og:url\" content=\"https:\/\/astrea-apotheke.ch\/fr\/guertelrose-impfung-alles-was-sie-wissen-muessen-2\/\" \/>\n<meta property=\"og:site_name\" content=\"Astrea Aptheke\" \/>\n<meta property=\"article:published_time\" content=\"2024-03-01T07:00:00+00:00\" \/>\n<meta property=\"article:modified_time\" content=\"2024-12-29T14:59:54+00:00\" \/>\n<meta property=\"og:image\" content=\"https:\/\/astrea-apotheke.ch\/wp-content\/uploads\/2024\/03\/Guertelrose_312746520_plo.jpg\" \/>\n\t<meta property=\"og:image:width\" content=\"1920\" \/>\n\t<meta property=\"og:image:height\" content=\"1080\" \/>\n\t<meta property=\"og:image:type\" content=\"image\/jpeg\" \/>\n<meta name=\"author\" content=\"J\u00fcrg Lendenmann\" \/>\n<meta name=\"twitter:card\" content=\"summary_large_image\" \/>\n<meta name=\"twitter:label1\" content=\"\u00c9crit par\" \/>\n\t<meta name=\"twitter:data1\" content=\"J\u00fcrg Lendenmann\" \/>\n\t<meta name=\"twitter:label2\" content=\"Dur\u00e9e de lecture estim\u00e9e\" \/>\n\t<meta name=\"twitter:data2\" content=\"6 minutes\" \/>\n<script type=\"application\/ld+json\" class=\"yoast-schema-graph\">{\"@context\":\"https:\/\/schema.org\",\"@graph\":[{\"@type\":\"Article\",\"@id\":\"https:\/\/astrea-apotheke.ch\/fr\/guertelrose-impfung-alles-was-sie-wissen-muessen-2\/#article\",\"isPartOf\":{\"@id\":\"https:\/\/astrea-apotheke.ch\/fr\/guertelrose-impfung-alles-was-sie-wissen-muessen-2\/\"},\"author\":{\"name\":\"J\u00fcrg Lendenmann\",\"@id\":\"https:\/\/astrea-apotheke.ch\/fr\/#\/schema\/person\/ce803b8abbd8e46b197a1320a460b8d6\"},\"headline\":\"Pas toujours anodin: le zona\",\"datePublished\":\"2024-03-01T07:00:00+00:00\",\"dateModified\":\"2024-12-29T14:59:54+00:00\",\"mainEntityOfPage\":{\"@id\":\"https:\/\/astrea-apotheke.ch\/fr\/guertelrose-impfung-alles-was-sie-wissen-muessen-2\/\"},\"wordCount\":1031,\"publisher\":{\"@id\":\"https:\/\/astrea-apotheke.ch\/fr\/#organization\"},\"image\":{\"@id\":\"https:\/\/astrea-apotheke.ch\/fr\/guertelrose-impfung-alles-was-sie-wissen-muessen-2\/#primaryimage\"},\"thumbnailUrl\":\"https:\/\/astrea-apotheke.ch\/wp-content\/uploads\/2024\/03\/Guertelrose_312746520_plo.jpg\",\"articleSection\":[\"Syst\u00e8me immunitaire, allergies\"],\"inLanguage\":\"fr-FR\"},{\"@type\":\"WebPage\",\"@id\":\"https:\/\/astrea-apotheke.ch\/fr\/guertelrose-impfung-alles-was-sie-wissen-muessen-2\/\",\"url\":\"https:\/\/astrea-apotheke.ch\/fr\/guertelrose-impfung-alles-was-sie-wissen-muessen-2\/\",\"name\":\"Pas toujours anodin: le zona - Astrea Aptheke\",\"isPartOf\":{\"@id\":\"https:\/\/astrea-apotheke.ch\/fr\/#website\"},\"primaryImageOfPage\":{\"@id\":\"https:\/\/astrea-apotheke.ch\/fr\/guertelrose-impfung-alles-was-sie-wissen-muessen-2\/#primaryimage\"},\"image\":{\"@id\":\"https:\/\/astrea-apotheke.ch\/fr\/guertelrose-impfung-alles-was-sie-wissen-muessen-2\/#primaryimage\"},\"thumbnailUrl\":\"https:\/\/astrea-apotheke.ch\/wp-content\/uploads\/2024\/03\/Guertelrose_312746520_plo.jpg\",\"datePublished\":\"2024-03-01T07:00:00+00:00\",\"dateModified\":\"2024-12-29T14:59:54+00:00\",\"description\":\"Entdecken Sie bei Astrea Apotheke, wie die G\u00fcrtelrose Impfung, besonders f\u00fcr Personen \u00fcber 65 Jahre, Ihr Risiko senken kann. Erfahren Sie mehr \u00fcber Vorbeugung, Symptome und Behandlung von G\u00fcrtelrose.\",\"breadcrumb\":{\"@id\":\"https:\/\/astrea-apotheke.ch\/fr\/guertelrose-impfung-alles-was-sie-wissen-muessen-2\/#breadcrumb\"},\"inLanguage\":\"fr-FR\",\"potentialAction\":[{\"@type\":\"ReadAction\",\"target\":[\"https:\/\/astrea-apotheke.ch\/fr\/guertelrose-impfung-alles-was-sie-wissen-muessen-2\/\"]}]},{\"@type\":\"ImageObject\",\"inLanguage\":\"fr-FR\",\"@id\":\"https:\/\/astrea-apotheke.ch\/fr\/guertelrose-impfung-alles-was-sie-wissen-muessen-2\/#primaryimage\",\"url\":\"https:\/\/astrea-apotheke.ch\/wp-content\/uploads\/2024\/03\/Guertelrose_312746520_plo.jpg\",\"contentUrl\":\"https:\/\/astrea-apotheke.ch\/wp-content\/uploads\/2024\/03\/Guertelrose_312746520_plo.jpg\",\"width\":1920,\"height\":1080,\"caption\":\"\u00a9 plo | stock.adobe.com\"},{\"@type\":\"BreadcrumbList\",\"@id\":\"https:\/\/astrea-apotheke.ch\/fr\/guertelrose-impfung-alles-was-sie-wissen-muessen-2\/#breadcrumb\",\"itemListElement\":[{\"@type\":\"ListItem\",\"position\":1,\"name\":\"Startseite\",\"item\":\"https:\/\/astrea-apotheke.ch\/fr\/\"},{\"@type\":\"ListItem\",\"position\":2,\"name\":\"Pas toujours anodin: le zona\"}]},{\"@type\":\"WebSite\",\"@id\":\"https:\/\/astrea-apotheke.ch\/fr\/#website\",\"url\":\"https:\/\/astrea-apotheke.ch\/fr\/\",\"name\":\"astrea Bulletin\",\"description\":\"Gesundheitsmagazin\",\"publisher\":{\"@id\":\"https:\/\/astrea-apotheke.ch\/fr\/#organization\"},\"potentialAction\":[{\"@type\":\"SearchAction\",\"target\":{\"@type\":\"EntryPoint\",\"urlTemplate\":\"https:\/\/astrea-apotheke.ch\/fr\/?s={search_term_string}\"},\"query-input\":{\"@type\":\"PropertyValueSpecification\",\"valueRequired\":true,\"valueName\":\"search_term_string\"}}],\"inLanguage\":\"fr-FR\"},{\"@type\":\"Organization\",\"@id\":\"https:\/\/astrea-apotheke.ch\/fr\/#organization\",\"name\":\"astrea Bulletin\",\"url\":\"https:\/\/astrea-apotheke.ch\/fr\/\",\"logo\":{\"@type\":\"ImageObject\",\"inLanguage\":\"fr-FR\",\"@id\":\"https:\/\/astrea-apotheke.ch\/fr\/#\/schema\/logo\/image\/\",\"url\":\"http:\/\/apotheke.astrea-bulletin.ch\/wp-content\/uploads\/2024\/08\/Logo_Astrea-Bulletin_RGB.jpg\",\"contentUrl\":\"http:\/\/apotheke.astrea-bulletin.ch\/wp-content\/uploads\/2024\/08\/Logo_Astrea-Bulletin_RGB.jpg\",\"width\":1429,\"height\":560,\"caption\":\"astrea Bulletin\"},\"image\":{\"@id\":\"https:\/\/astrea-apotheke.ch\/fr\/#\/schema\/logo\/image\/\"}},{\"@type\":\"Person\",\"@id\":\"https:\/\/astrea-apotheke.ch\/fr\/#\/schema\/person\/ce803b8abbd8e46b197a1320a460b8d6\",\"name\":\"J\u00fcrg Lendenmann\",\"image\":{\"@type\":\"ImageObject\",\"inLanguage\":\"fr-FR\",\"@id\":\"https:\/\/astrea-apotheke.ch\/fr\/#\/schema\/person\/image\/\",\"url\":\"https:\/\/secure.gravatar.com\/avatar\/a86d8eb75c259a13eed14bd5bf4454f493ceb520d8bda0a907a7636fd29d6e80?s=96&d=mm&r=g\",\"contentUrl\":\"https:\/\/secure.gravatar.com\/avatar\/a86d8eb75c259a13eed14bd5bf4454f493ceb520d8bda0a907a7636fd29d6e80?s=96&d=mm&r=g\",\"caption\":\"J\u00fcrg Lendenmann\"},\"url\":\"https:\/\/astrea-apotheke.ch\/fr\/author\/juerg-lendemann\/\"}]}<\/script>\n<!-- \/ Yoast SEO plugin. -->","yoast_head_json":{"title":"Pas toujours anodin: le zona - Astrea Aptheke","description":"Entdecken Sie bei Astrea Apotheke, wie die G\u00fcrtelrose Impfung, besonders f\u00fcr Personen \u00fcber 65 Jahre, Ihr Risiko senken kann. Erfahren Sie mehr \u00fcber Vorbeugung, Symptome und Behandlung von G\u00fcrtelrose.","robots":{"index":"index","follow":"follow","max-snippet":"max-snippet:-1","max-image-preview":"max-image-preview:large","max-video-preview":"max-video-preview:-1"},"canonical":"https:\/\/astrea-apotheke.ch\/fr\/guertelrose-impfung-alles-was-sie-wissen-muessen-2\/","og_locale":"fr_FR","og_type":"article","og_title":"Pas toujours anodin: le zona - Astrea Aptheke","og_description":"Entdecken Sie bei Astrea Apotheke, wie die G\u00fcrtelrose Impfung, besonders f\u00fcr Personen \u00fcber 65 Jahre, Ihr Risiko senken kann. Erfahren Sie mehr \u00fcber Vorbeugung, Symptome und Behandlung von G\u00fcrtelrose.","og_url":"https:\/\/astrea-apotheke.ch\/fr\/guertelrose-impfung-alles-was-sie-wissen-muessen-2\/","og_site_name":"Astrea Aptheke","article_published_time":"2024-03-01T07:00:00+00:00","article_modified_time":"2024-12-29T14:59:54+00:00","og_image":[{"width":1920,"height":1080,"url":"https:\/\/astrea-apotheke.ch\/wp-content\/uploads\/2024\/03\/Guertelrose_312746520_plo.jpg","type":"image\/jpeg"}],"author":"J\u00fcrg Lendenmann","twitter_card":"summary_large_image","twitter_misc":{"\u00c9crit par":"J\u00fcrg Lendenmann","Dur\u00e9e de lecture estim\u00e9e":"6 minutes"},"schema":{"@context":"https:\/\/schema.org","@graph":[{"@type":"Article","@id":"https:\/\/astrea-apotheke.ch\/fr\/guertelrose-impfung-alles-was-sie-wissen-muessen-2\/#article","isPartOf":{"@id":"https:\/\/astrea-apotheke.ch\/fr\/guertelrose-impfung-alles-was-sie-wissen-muessen-2\/"},"author":{"name":"J\u00fcrg Lendenmann","@id":"https:\/\/astrea-apotheke.ch\/fr\/#\/schema\/person\/ce803b8abbd8e46b197a1320a460b8d6"},"headline":"Pas toujours anodin: le zona","datePublished":"2024-03-01T07:00:00+00:00","dateModified":"2024-12-29T14:59:54+00:00","mainEntityOfPage":{"@id":"https:\/\/astrea-apotheke.ch\/fr\/guertelrose-impfung-alles-was-sie-wissen-muessen-2\/"},"wordCount":1031,"publisher":{"@id":"https:\/\/astrea-apotheke.ch\/fr\/#organization"},"image":{"@id":"https:\/\/astrea-apotheke.ch\/fr\/guertelrose-impfung-alles-was-sie-wissen-muessen-2\/#primaryimage"},"thumbnailUrl":"https:\/\/astrea-apotheke.ch\/wp-content\/uploads\/2024\/03\/Guertelrose_312746520_plo.jpg","articleSection":["Syst\u00e8me immunitaire, allergies"],"inLanguage":"fr-FR"},{"@type":"WebPage","@id":"https:\/\/astrea-apotheke.ch\/fr\/guertelrose-impfung-alles-was-sie-wissen-muessen-2\/","url":"https:\/\/astrea-apotheke.ch\/fr\/guertelrose-impfung-alles-was-sie-wissen-muessen-2\/","name":"Pas toujours anodin: le zona - Astrea Aptheke","isPartOf":{"@id":"https:\/\/astrea-apotheke.ch\/fr\/#website"},"primaryImageOfPage":{"@id":"https:\/\/astrea-apotheke.ch\/fr\/guertelrose-impfung-alles-was-sie-wissen-muessen-2\/#primaryimage"},"image":{"@id":"https:\/\/astrea-apotheke.ch\/fr\/guertelrose-impfung-alles-was-sie-wissen-muessen-2\/#primaryimage"},"thumbnailUrl":"https:\/\/astrea-apotheke.ch\/wp-content\/uploads\/2024\/03\/Guertelrose_312746520_plo.jpg","datePublished":"2024-03-01T07:00:00+00:00","dateModified":"2024-12-29T14:59:54+00:00","description":"Entdecken Sie bei Astrea Apotheke, wie die G\u00fcrtelrose Impfung, besonders f\u00fcr Personen \u00fcber 65 Jahre, Ihr Risiko senken kann. Erfahren Sie mehr \u00fcber Vorbeugung, Symptome und Behandlung von G\u00fcrtelrose.","breadcrumb":{"@id":"https:\/\/astrea-apotheke.ch\/fr\/guertelrose-impfung-alles-was-sie-wissen-muessen-2\/#breadcrumb"},"inLanguage":"fr-FR","potentialAction":[{"@type":"ReadAction","target":["https:\/\/astrea-apotheke.ch\/fr\/guertelrose-impfung-alles-was-sie-wissen-muessen-2\/"]}]},{"@type":"ImageObject","inLanguage":"fr-FR","@id":"https:\/\/astrea-apotheke.ch\/fr\/guertelrose-impfung-alles-was-sie-wissen-muessen-2\/#primaryimage","url":"https:\/\/astrea-apotheke.ch\/wp-content\/uploads\/2024\/03\/Guertelrose_312746520_plo.jpg","contentUrl":"https:\/\/astrea-apotheke.ch\/wp-content\/uploads\/2024\/03\/Guertelrose_312746520_plo.jpg","width":1920,"height":1080,"caption":"\u00a9 plo | stock.adobe.com"},{"@type":"BreadcrumbList","@id":"https:\/\/astrea-apotheke.ch\/fr\/guertelrose-impfung-alles-was-sie-wissen-muessen-2\/#breadcrumb","itemListElement":[{"@type":"ListItem","position":1,"name":"Startseite","item":"https:\/\/astrea-apotheke.ch\/fr\/"},{"@type":"ListItem","position":2,"name":"Pas toujours anodin: le zona"}]},{"@type":"WebSite","@id":"https:\/\/astrea-apotheke.ch\/fr\/#website","url":"https:\/\/astrea-apotheke.ch\/fr\/","name":"astrea Bulletin","description":"Gesundheitsmagazin","publisher":{"@id":"https:\/\/astrea-apotheke.ch\/fr\/#organization"},"potentialAction":[{"@type":"SearchAction","target":{"@type":"EntryPoint","urlTemplate":"https:\/\/astrea-apotheke.ch\/fr\/?s={search_term_string}"},"query-input":{"@type":"PropertyValueSpecification","valueRequired":true,"valueName":"search_term_string"}}],"inLanguage":"fr-FR"},{"@type":"Organization","@id":"https:\/\/astrea-apotheke.ch\/fr\/#organization","name":"astrea Bulletin","url":"https:\/\/astrea-apotheke.ch\/fr\/","logo":{"@type":"ImageObject","inLanguage":"fr-FR","@id":"https:\/\/astrea-apotheke.ch\/fr\/#\/schema\/logo\/image\/","url":"http:\/\/apotheke.astrea-bulletin.ch\/wp-content\/uploads\/2024\/08\/Logo_Astrea-Bulletin_RGB.jpg","contentUrl":"http:\/\/apotheke.astrea-bulletin.ch\/wp-content\/uploads\/2024\/08\/Logo_Astrea-Bulletin_RGB.jpg","width":1429,"height":560,"caption":"astrea Bulletin"},"image":{"@id":"https:\/\/astrea-apotheke.ch\/fr\/#\/schema\/logo\/image\/"}},{"@type":"Person","@id":"https:\/\/astrea-apotheke.ch\/fr\/#\/schema\/person\/ce803b8abbd8e46b197a1320a460b8d6","name":"J\u00fcrg Lendenmann","image":{"@type":"ImageObject","inLanguage":"fr-FR","@id":"https:\/\/astrea-apotheke.ch\/fr\/#\/schema\/person\/image\/","url":"https:\/\/secure.gravatar.com\/avatar\/a86d8eb75c259a13eed14bd5bf4454f493ceb520d8bda0a907a7636fd29d6e80?s=96&d=mm&r=g","contentUrl":"https:\/\/secure.gravatar.com\/avatar\/a86d8eb75c259a13eed14bd5bf4454f493ceb520d8bda0a907a7636fd29d6e80?s=96&d=mm&r=g","caption":"J\u00fcrg Lendenmann"},"url":"https:\/\/astrea-apotheke.ch\/fr\/author\/juerg-lendemann\/"}]}},"_links":{"self":[{"href":"https:\/\/astrea-apotheke.ch\/fr\/wp-json\/wp\/v2\/posts\/27340","targetHints":{"allow":["GET"]}}],"collection":[{"href":"https:\/\/astrea-apotheke.ch\/fr\/wp-json\/wp\/v2\/posts"}],"about":[{"href":"https:\/\/astrea-apotheke.ch\/fr\/wp-json\/wp\/v2\/types\/post"}],"author":[{"embeddable":true,"href":"https:\/\/astrea-apotheke.ch\/fr\/wp-json\/wp\/v2\/users\/20"}],"replies":[{"embeddable":true,"href":"https:\/\/astrea-apotheke.ch\/fr\/wp-json\/wp\/v2\/comments?post=27340"}],"version-history":[{"count":2,"href":"https:\/\/astrea-apotheke.ch\/fr\/wp-json\/wp\/v2\/posts\/27340\/revisions"}],"predecessor-version":[{"id":31196,"href":"https:\/\/astrea-apotheke.ch\/fr\/wp-json\/wp\/v2\/posts\/27340\/revisions\/31196"}],"wp:featuredmedia":[{"embeddable":true,"href":"https:\/\/astrea-apotheke.ch\/fr\/wp-json\/wp\/v2\/media\/30354"}],"wp:attachment":[{"href":"https:\/\/astrea-apotheke.ch\/fr\/wp-json\/wp\/v2\/media?parent=27340"}],"wp:term":[{"taxonomy":"category","embeddable":true,"href":"https:\/\/astrea-apotheke.ch\/fr\/wp-json\/wp\/v2\/categories?post=27340"},{"taxonomy":"post_tag","embeddable":true,"href":"https:\/\/astrea-apotheke.ch\/fr\/wp-json\/wp\/v2\/tags?post=27340"}],"curies":[{"name":"wp","href":"https:\/\/api.w.org\/{rel}","templated":true}]}}