{"id":27616,"date":"2024-04-03T11:10:00","date_gmt":"2024-04-03T09:10:00","guid":{"rendered":"https:\/\/astrea-apotheke.ch\/?p=27616"},"modified":"2024-12-29T00:33:05","modified_gmt":"2024-12-28T22:33:05","slug":"deficience-rouge-vert","status":"publish","type":"post","link":"https:\/\/astrea-apotheke.ch\/fr\/deficience-rouge-vert\/","title":{"rendered":"D\u00e9ficience Rouge-Vert"},"content":{"rendered":"<h1 style=\"font-size:51px;font-style:normal;font-weight:400; margin-bottom:var(--wp--preset--spacing--50);\" class=\"wp-block-post-title has-roboto-slab-font-family\">D\u00e9ficience Rouge-Vert<\/h1>\r\n\r\n\r\n<p class=\"has-primary-color has-text-color has-roboto-font-family\" style=\"margin-bottom: var(--wp--preset--spacing--20); font-size: 23px; line-height: 1.5;\"><em>La d\u00e9ficience rouge-vert est la forme la plus courante de d\u00e9faut de vision des couleurs. On l\u2019appelle souvent \u00e0 tort c\u00e9cit\u00e9 rouge-vert ou c\u00e9cit\u00e9 des couleurs. Les personnes atteintes de daltonisme rouge-vert ont du mal \u00e0 distinguer les deux couleurs.<\/em><\/p>\r\n\r\n\r\n<div class=\"wp-block-post-author\"><div class=\"wp-block-post-author__avatar\"><img alt='' src='https:\/\/secure.gravatar.com\/avatar\/8a7f5c017072afab82426c33af92b5c3ff6818509392074538f26391f407d325?s=48&#038;d=mm&#038;r=g' srcset='https:\/\/secure.gravatar.com\/avatar\/8a7f5c017072afab82426c33af92b5c3ff6818509392074538f26391f407d325?s=96&#038;d=mm&#038;r=g 2x' class='avatar avatar-48 photo' height='48' width='48' \/><\/div><div class=\"wp-block-post-author__content\"><p class=\"wp-block-post-author__name\"><a href=\"https:\/\/astrea-apotheke.ch\/fr\/author\/tanja-schueler\/\" target=\"_self\">Tanja Sch\u00fcler<\/a><\/p><\/div><\/div>\r\n\r\n\r\n<div class=\"wp-block-group is-content-justification-left\" style=\"margin-top: var(--wp--preset--spacing--50); margin-bottom: var(--wp--preset--spacing--70);\"><div class=\"wp-block-group__inner-container is-layout-constrained wp-container-core-group-is-layout-b81d822d wp-block-group-is-layout-constrained\"><figure style=\"width:800px;\" class=\"wp-block-post-featured-image\"><img decoding=\"async\" width=\"1920\" height=\"1079\" src=\"https:\/\/astrea-apotheke.ch\/wp-content\/uploads\/2024\/04\/Farbfehlsicht_440947573_Delphotostock.jpg\" class=\"attachment-post-thumbnail size-post-thumbnail lazyload wp-post-image\" alt=\"\" style=\"object-fit:cover;\" srcset=\"data:image\/svg+xml,%3Csvg%20xmlns%3D%27http%3A%2F%2Fwww.w3.org%2F2000%2Fsvg%27%20width%3D%271920%27%20height%3D%271079%27%20viewBox%3D%270%200%201920%201079%27%3E%3Crect%20width%3D%271920%27%20height%3D%271079%27%20fill-opacity%3D%220%22%2F%3E%3C%2Fsvg%3E\" data-orig-src=\"https:\/\/astrea-apotheke.ch\/wp-content\/uploads\/2024\/04\/Farbfehlsicht_440947573_Delphotostock.jpg\" data-srcset=\"https:\/\/astrea-apotheke.ch\/wp-content\/uploads\/2024\/04\/Farbfehlsicht_440947573_Delphotostock-200x112.jpg 200w, https:\/\/astrea-apotheke.ch\/wp-content\/uploads\/2024\/04\/Farbfehlsicht_440947573_Delphotostock-300x169.jpg 300w, https:\/\/astrea-apotheke.ch\/wp-content\/uploads\/2024\/04\/Farbfehlsicht_440947573_Delphotostock-400x225.jpg 400w, https:\/\/astrea-apotheke.ch\/wp-content\/uploads\/2024\/04\/Farbfehlsicht_440947573_Delphotostock-600x337.jpg 600w, https:\/\/astrea-apotheke.ch\/wp-content\/uploads\/2024\/04\/Farbfehlsicht_440947573_Delphotostock-768x432.jpg 768w, https:\/\/astrea-apotheke.ch\/wp-content\/uploads\/2024\/04\/Farbfehlsicht_440947573_Delphotostock-800x450.jpg 800w, https:\/\/astrea-apotheke.ch\/wp-content\/uploads\/2024\/04\/Farbfehlsicht_440947573_Delphotostock-1024x575.jpg 1024w, https:\/\/astrea-apotheke.ch\/wp-content\/uploads\/2024\/04\/Farbfehlsicht_440947573_Delphotostock-1200x674.jpg 1200w, https:\/\/astrea-apotheke.ch\/wp-content\/uploads\/2024\/04\/Farbfehlsicht_440947573_Delphotostock-1536x863.jpg 1536w, https:\/\/astrea-apotheke.ch\/wp-content\/uploads\/2024\/04\/Farbfehlsicht_440947573_Delphotostock.jpg 1920w\" data-sizes=\"auto\" \/><\/figure><\/div><\/div>\r\n\r\n\r\n\r\n<p>Lorsque l\u2019on parle de daltonisme rouge-vert dans le langage courant, ont fait souvent r\u00e9f\u00e9rence en r\u00e9alit\u00e9 \u00e0 une faiblesse rouge-vert. Dans le cas d\u2019une d\u00e9ficience des couleurs rouge-vert, on per\u00e7oit moins bien soit le rouge, soit le vert, ce qui entra\u00eene des difficult\u00e9s \u00e0 distinguer les deux couleurs. En revanche, dans le cas d\u2019une c\u00e9cit\u00e9 rouge-vert, on ne per\u00e7oit pas du tout la couleur rouge ou verte. Le daltonisme rouge-vert est cong\u00e9nital et touche surtout les hommes 9%, contre 0,4% chez les femmes.<\/p>\r\n\r\n\r\n\r\n<h2 class=\"wp-block-heading has-roboto-font-family\" style=\"margin-top: 0; margin-bottom: var(--wp--preset--spacing--40); font-size: 23px; line-height: 1.4;\"><strong>Causes et sympt\u00f4mes<\/strong><\/h2>\r\n\r\n\r\n\r\n<p>Pour pouvoir voir les couleurs, les \u00eatres humains poss\u00e8dent diff\u00e9rents types de cellules photor\u00e9ceptrices sur la r\u00e9tine. Ces cellules c\u00f4nes (coniques) sont divis\u00e9es en trois types, chacun r\u00e9agissant \u00e0 une longueur d\u2019onde de lumi\u00e8re diff\u00e9rente. Les c\u00f4nes rouges r\u00e9pondent \u00e0 la lumi\u00e8re \u00e0 ondes longues, les c\u00f4nes verts \u00e0 la lumi\u00e8re \u00e0 ondes moyennes et les c\u00f4nes bleus \u00e0 la lumi\u00e8re \u00e0 ondes courtes.<\/p>\r\n\r\n\r\n\r\n<p>Dans le cas d\u2019un d\u00e9ficit de vision des couleurs, les trois types de c\u00f4nes fonctionnent, mais l\u2019un d\u2019entre eux r\u00e9agit \u00e0 une longueur d\u2019onde diff\u00e9rente. En cas de daltonisme rouge-vert, soit le c\u00f4ne vert est affect\u00e9 (anomalie du deut\u00e9ronome), c\u2019est \u00e0 dire que la personne a du mal \u00e0 percevoir le vert et \u00e0 le distinguer du rouge. Si le c\u00f4ne rouge ne fonctionne pas correctement (protanomalie), la personne per\u00e7oit moins bien le rouge et a plus de difficult\u00e9 \u00e0 le distinguer du vert.<\/p>\r\n\r\n\r\n\r\n<p>Si la d\u00e9ficience rouge-vert est plus prononc\u00e9e, les tons rouges ou verts apparaissent brun\u00e2tres \u00e0 gris\u00e2tres. Parfois, ils sont \u00e9galement per\u00e7us comme des nuances de jaune ou de bleu.<\/p>\r\n\r\n\r\n\r\n<p>Dans le cas de la c\u00e9cit\u00e9 rouge-vert, soit le c\u00f4ne rouge, soit le c\u00f4ne vert ne fonctionne pas. Les personnes atteintes peuvent certes voir les couleurs, mais pas l\u2019ensemble du spectre chromatique. En l\u2019absence d\u2019un c\u00f4ne vert fonctionnel, on parle de c\u00e9cit\u00e9 au vert (d\u00e9ut\u00e9ranopie). En revanche, s\u2019il manque un c\u00f4ne rouge fonctionnel, on parle de c\u00e9cit\u00e9 au rouge (protanopie). Les deux formes sont regroup\u00e9es sous le terme de c\u00e9cit\u00e9 rouge-vert. Les personnes concern\u00e9es ne peuvent ni voir le rouge ni le vert.<\/p>\r\n\r\n\r\n\r\n<p>Les g\u00e8nes responsables du c\u00f4ne rouge et du c\u00f4ne vert sont localis\u00e9s sur le chromosome X. Si une mutation entra\u00eene une alt\u00e9ration ou une perte totale de fonction du c\u00f4ne rouge ou vert, les femmes poss\u00e8dent un deuxi\u00e8me chromosome X pour compenser cette perte de fonction. Comme les hommes ont un chromosome Y \u00e0 la place du deuxi\u00e8me chromosome X, ils ne peuvent pas corriger une perte de fonction. Chez les femmes, le daltonisme rouge-vert ne se produit que si le d\u00e9faut concerne les deux chromosomes X.<\/p>\r\n\r\n\r\n\r\n<div class=\"wp-block-group is-style-default\" style=\"border-radius: 72px; margin-top: var(--wp--preset--spacing--30); margin-bottom: var(--wp--preset--spacing--80);\"><div class=\"wp-block-group__inner-container is-layout-flow wp-block-group-is-layout-flow\">\r\n<blockquote class=\"wp-block-quote is-style-default has-primary-color has-text-color is-layout-flow wp-block-quote-is-layout-flow\" style=\"font-size: 16px; font-style: normal; font-weight: 600;\">\r\n<p>\u00abUne d\u00e9ficience rouge-vert peut \u00eatre <br \/>diagnostiqu\u00e9e au moyen de nuanciers.\u00bb<\/p>\r\n<\/blockquote>\r\n<\/div><\/div>\r\n\r\n\r\n\r\n<h2 class=\"wp-block-heading\">Diagnostic<\/h2>\r\n\r\n\r\n\r\n<p>Comme le daltonisme rouge-vert est cong\u00e9nital, les personnes atteintes ne le remarquent g\u00e9n\u00e9ralement que lorsque des tiers leur font remarquer. Pour diagnostiquer une d\u00e9ficience de la vision des couleurs, on utilise les tables d\u2019Ishihara, les tables de Stilling ou le test Farnsworth-Panel-D-15. Les tables d\u2019Ishihara sont les plus connues. Ce sont des disques avec des cercles color\u00e9s, semblables \u00e0 des couleurs, sur lesquels appara\u00eet un chiffre diff\u00e9rent en fonction de la vision des couleurs.<\/p>\r\n\r\n\r\n\r\n<p>Chez les enfants \u00e0 partir de trois ans, le test Color-Vision-Testing-Made-Easy (CVTME) peut \u00eatre r\u00e9alis\u00e9. Il n\u2019affiche pas de chiffres, mais des symboles simples comme des cercles, des \u00e9toiles, des carr\u00e9s. Le test Farnsworth-D15 est un test de tri des couleurs. Il s\u2019agit ici de classer des petits c\u00f4nes ou des jetons de diff\u00e9rentes couleurs.<\/p>\r\n\r\n\r\n\r\n<p>L\u2019anomaloscope de Nagel, permet de mesurer l\u2019importance de la d\u00e9ficience rouge-vert. Les sujets test\u00e9s re\u00e7oivent un champ de test avec une nuance de jaune (jaune de sodium) et doivent le m\u00e9langer \u00e0 partir du rouge et du vert. Ainsi, \u00e0 l\u2019aide d\u2019un quotient d\u2019anomalies, il est possible d\u2019obtenir une information pr\u00e9cise sur l\u2019intensit\u00e9 du trouble de la vision des couleurs.<\/p>\r\n\r\n\r\n\r\n<h2 class=\"wp-block-heading\">Vie quotidienne et professionnelle<\/h2>\r\n\r\n\r\n\r\n<p>Si l\u2019on souffre de daltonisme rouge-vert, les deux yeux sont affect\u00e9s, mais l\u2019acuit\u00e9 visuelle est normale. Les personnes concern\u00e9es s\u2019en sortent g\u00e9n\u00e9ralement bien dans la vie de tous les jours. Cependant, comme les marquages dans les textes, les livres et les documents sont souvent en rouge, cela rel\u00e8ve parfois du d\u00e9fi dans le quotidien scolaire ou universitaire pour les personnes atteintes de troubles de la vision des couleurs.<\/p>\r\n\r\n\r\n\r\n<p>Il y a quelques professions que l\u2019on ne peut pas exercer avec une d\u00e9ficience rouge-vert. Il s\u2019agit notamment des professions de policier, pilote, conducteur de bus, conducteur de train, peintre, chimiste et conducteur de poids lourd. De m\u00eame, le daltonisme est dangereux en tant qu\u2019\u00e9lectricien si l\u2019on confond les c\u00e2bles identifi\u00e9s par couleur. Pour ces professions, un examen de la vue, comprenant un test de vision des couleurs, fait partie du processus de candidature. Les conducteurs de poids lourd, de bus et de taxis atteints de d\u00e9ficience rouge ne sont aptes \u00e0 travailler que si leur quotient d\u2019anomalie est inf\u00e9rieur \u00e0 0,5.<\/p>\r\n\r\n\r\n\r\n<p>Pour les personnes pr\u00e9sentant une l\u00e9g\u00e8re carence rouge-vert, des lunettes ou des lentilles de contact \u00e9quip\u00e9es d\u2019un filtre de couleur peuvent \u00eatre utiles. Le filtre renforce le contraste entre le rouge et le vert, ce qui permet de mieux distinguer les deux couleurs. Cependant, d\u2019autres couleurs sont d\u00e9form\u00e9es par le filtre, par cons\u00e9quent ces lunettes ne sont pas autoris\u00e9es dans les professions o\u00f9 une vision parfaite des couleurs est requise.<\/p>\r\n\r\n\r\n\r\n<div class=\"wp-block-columns is-layout-flex wp-container-core-columns-is-layout-a80d5108 wp-block-columns-is-layout-flex\" style=\"margin-top: 60px; margin-bottom: 50px;\">\r\n<div class=\"wp-block-column has-background is-layout-flow wp-block-column-is-layout-flow\" style=\"background-color: #f1f2f4; flex-basis: 800px; padding: var(--wp--preset--spacing--70);\">\r\n<h2 class=\"wp-block-heading\" style=\"margin-top: var(--wp--preset--spacing--20); margin-bottom: var(--wp--preset--spacing--50); margin-left: 0; font-size: 23px;\">C\u00e9cit\u00e9 totale des couleurs<\/h2>\r\n\r\n\r\n\r\n<p>En cas de daltonisme complet, aucune nuance n\u2019est per\u00e7ue, uniquement les nuances de gris. Cette pathologie est tr\u00e8s rare (1 cas sur 100 000), et touche autant les hommes que les femmes. Les personnes concern\u00e9es souffrent en outre d\u2019une mauvaise acuit\u00e9 visuelle et d\u2019une sensibilit\u00e9 accrue \u00e0 la lumi\u00e8re. Elle peut \u00eatre h\u00e9r\u00e9ditaire ou caus\u00e9e par un accident vasculaire c\u00e9r\u00e9bral, un traumatisme cr\u00e2nien ou d\u2019autres l\u00e9sions c\u00e9r\u00e9brales.<\/p>\r\n<\/div>\r\n<\/div>\r\n\r\n\r\n","protected":false},"excerpt":{"rendered":"<p>La d\u00e9ficience rouge-vert est la forme la plus courante de  [&#8230;]<\/p>\n","protected":false},"author":28,"featured_media":30375,"comment_status":"closed","ping_status":"closed","sticky":false,"template":"","format":"standard","meta":{"_acf_changed":false,"footnotes":""},"categories":[770],"tags":[],"class_list":["post-27616","post","type-post","status-publish","format-standard","has-post-thumbnail","hentry","category-yeux-nez-oreilles"],"acf":[],"yoast_head":"<!-- This site is optimized with the Yoast SEO plugin v27.0 - https:\/\/yoast.com\/product\/yoast-seo-wordpress\/ -->\n<title>D\u00e9ficience Rouge-Vert - Astrea Aptheke<\/title>\n<meta name=\"description\" content=\"La d\u00e9ficience rouge-vert est la forme la plus courante de d\u00e9faut de vision des couleurs. On l\u2019appelle souvent \u00e0 tort c\u00e9cit\u00e9 rouge-vert ou c\u00e9cit\u00e9 des couleurs. Les personnes atteintes de daltonisme rouge-vert ont du mal \u00e0 distinguer les deux couleurs.\" \/>\n<meta name=\"robots\" content=\"index, follow, max-snippet:-1, max-image-preview:large, max-video-preview:-1\" \/>\n<link rel=\"canonical\" href=\"https:\/\/astrea-apotheke.ch\/fr\/deficience-rouge-vert\/\" \/>\n<meta property=\"og:locale\" content=\"fr_FR\" \/>\n<meta property=\"og:type\" content=\"article\" \/>\n<meta property=\"og:title\" content=\"D\u00e9ficience Rouge-Vert - Astrea Aptheke\" \/>\n<meta property=\"og:description\" content=\"La d\u00e9ficience rouge-vert est la forme la plus courante de d\u00e9faut de vision des couleurs. On l\u2019appelle souvent \u00e0 tort c\u00e9cit\u00e9 rouge-vert ou c\u00e9cit\u00e9 des couleurs. Les personnes atteintes de daltonisme rouge-vert ont du mal \u00e0 distinguer les deux couleurs.\" \/>\n<meta property=\"og:url\" content=\"https:\/\/astrea-apotheke.ch\/fr\/deficience-rouge-vert\/\" \/>\n<meta property=\"og:site_name\" content=\"Astrea Aptheke\" \/>\n<meta property=\"article:published_time\" content=\"2024-04-03T09:10:00+00:00\" \/>\n<meta property=\"article:modified_time\" content=\"2024-12-28T22:33:05+00:00\" \/>\n<meta property=\"og:image\" content=\"https:\/\/astrea-apotheke.ch\/wp-content\/uploads\/2024\/04\/Farbfehlsicht_440947573_Delphotostock.jpg\" \/>\n\t<meta property=\"og:image:width\" content=\"1920\" \/>\n\t<meta property=\"og:image:height\" content=\"1079\" \/>\n\t<meta property=\"og:image:type\" content=\"image\/jpeg\" \/>\n<meta name=\"author\" content=\"Tanja Sch\u00fcler\" \/>\n<meta name=\"twitter:card\" content=\"summary_large_image\" \/>\n<meta name=\"twitter:label1\" content=\"\u00c9crit par\" \/>\n\t<meta name=\"twitter:data1\" content=\"Tanja Sch\u00fcler\" \/>\n\t<meta name=\"twitter:label2\" content=\"Dur\u00e9e de lecture estim\u00e9e\" \/>\n\t<meta name=\"twitter:data2\" content=\"6 minutes\" \/>\n<script type=\"application\/ld+json\" class=\"yoast-schema-graph\">{\"@context\":\"https:\/\/schema.org\",\"@graph\":[{\"@type\":\"Article\",\"@id\":\"https:\/\/astrea-apotheke.ch\/fr\/deficience-rouge-vert\/#article\",\"isPartOf\":{\"@id\":\"https:\/\/astrea-apotheke.ch\/fr\/deficience-rouge-vert\/\"},\"author\":{\"name\":\"Tanja Sch\u00fcler\",\"@id\":\"https:\/\/astrea-apotheke.ch\/fr\/#\/schema\/person\/a2420336d221db1564b5412a63b03ca1\"},\"headline\":\"D\u00e9ficience Rouge-Vert\",\"datePublished\":\"2024-04-03T09:10:00+00:00\",\"dateModified\":\"2024-12-28T22:33:05+00:00\",\"mainEntityOfPage\":{\"@id\":\"https:\/\/astrea-apotheke.ch\/fr\/deficience-rouge-vert\/\"},\"wordCount\":1118,\"publisher\":{\"@id\":\"https:\/\/astrea-apotheke.ch\/fr\/#organization\"},\"image\":{\"@id\":\"https:\/\/astrea-apotheke.ch\/fr\/deficience-rouge-vert\/#primaryimage\"},\"thumbnailUrl\":\"https:\/\/astrea-apotheke.ch\/wp-content\/uploads\/2024\/04\/Farbfehlsicht_440947573_Delphotostock.jpg\",\"articleSection\":[\"Yeux, nez, oreilles\"],\"inLanguage\":\"fr-FR\"},{\"@type\":\"WebPage\",\"@id\":\"https:\/\/astrea-apotheke.ch\/fr\/deficience-rouge-vert\/\",\"url\":\"https:\/\/astrea-apotheke.ch\/fr\/deficience-rouge-vert\/\",\"name\":\"D\u00e9ficience Rouge-Vert - Astrea Aptheke\",\"isPartOf\":{\"@id\":\"https:\/\/astrea-apotheke.ch\/fr\/#website\"},\"primaryImageOfPage\":{\"@id\":\"https:\/\/astrea-apotheke.ch\/fr\/deficience-rouge-vert\/#primaryimage\"},\"image\":{\"@id\":\"https:\/\/astrea-apotheke.ch\/fr\/deficience-rouge-vert\/#primaryimage\"},\"thumbnailUrl\":\"https:\/\/astrea-apotheke.ch\/wp-content\/uploads\/2024\/04\/Farbfehlsicht_440947573_Delphotostock.jpg\",\"datePublished\":\"2024-04-03T09:10:00+00:00\",\"dateModified\":\"2024-12-28T22:33:05+00:00\",\"description\":\"La d\u00e9ficience rouge-vert est la forme la plus courante de d\u00e9faut de vision des couleurs. On l\u2019appelle souvent \u00e0 tort c\u00e9cit\u00e9 rouge-vert ou c\u00e9cit\u00e9 des couleurs. Les personnes atteintes de daltonisme rouge-vert ont du mal \u00e0 distinguer les deux couleurs.\",\"breadcrumb\":{\"@id\":\"https:\/\/astrea-apotheke.ch\/fr\/deficience-rouge-vert\/#breadcrumb\"},\"inLanguage\":\"fr-FR\",\"potentialAction\":[{\"@type\":\"ReadAction\",\"target\":[\"https:\/\/astrea-apotheke.ch\/fr\/deficience-rouge-vert\/\"]}]},{\"@type\":\"ImageObject\",\"inLanguage\":\"fr-FR\",\"@id\":\"https:\/\/astrea-apotheke.ch\/fr\/deficience-rouge-vert\/#primaryimage\",\"url\":\"https:\/\/astrea-apotheke.ch\/wp-content\/uploads\/2024\/04\/Farbfehlsicht_440947573_Delphotostock.jpg\",\"contentUrl\":\"https:\/\/astrea-apotheke.ch\/wp-content\/uploads\/2024\/04\/Farbfehlsicht_440947573_Delphotostock.jpg\",\"width\":1920,\"height\":1079,\"caption\":\"\u00a9 Delphotostock | stock.adobe.com\"},{\"@type\":\"BreadcrumbList\",\"@id\":\"https:\/\/astrea-apotheke.ch\/fr\/deficience-rouge-vert\/#breadcrumb\",\"itemListElement\":[{\"@type\":\"ListItem\",\"position\":1,\"name\":\"Startseite\",\"item\":\"https:\/\/astrea-apotheke.ch\/fr\/\"},{\"@type\":\"ListItem\",\"position\":2,\"name\":\"D\u00e9ficience Rouge-Vert\"}]},{\"@type\":\"WebSite\",\"@id\":\"https:\/\/astrea-apotheke.ch\/fr\/#website\",\"url\":\"https:\/\/astrea-apotheke.ch\/fr\/\",\"name\":\"astrea Bulletin\",\"description\":\"Gesundheitsmagazin\",\"publisher\":{\"@id\":\"https:\/\/astrea-apotheke.ch\/fr\/#organization\"},\"potentialAction\":[{\"@type\":\"SearchAction\",\"target\":{\"@type\":\"EntryPoint\",\"urlTemplate\":\"https:\/\/astrea-apotheke.ch\/fr\/?s={search_term_string}\"},\"query-input\":{\"@type\":\"PropertyValueSpecification\",\"valueRequired\":true,\"valueName\":\"search_term_string\"}}],\"inLanguage\":\"fr-FR\"},{\"@type\":\"Organization\",\"@id\":\"https:\/\/astrea-apotheke.ch\/fr\/#organization\",\"name\":\"astrea Bulletin\",\"url\":\"https:\/\/astrea-apotheke.ch\/fr\/\",\"logo\":{\"@type\":\"ImageObject\",\"inLanguage\":\"fr-FR\",\"@id\":\"https:\/\/astrea-apotheke.ch\/fr\/#\/schema\/logo\/image\/\",\"url\":\"http:\/\/apotheke.astrea-bulletin.ch\/wp-content\/uploads\/2024\/08\/Logo_Astrea-Bulletin_RGB.jpg\",\"contentUrl\":\"http:\/\/apotheke.astrea-bulletin.ch\/wp-content\/uploads\/2024\/08\/Logo_Astrea-Bulletin_RGB.jpg\",\"width\":1429,\"height\":560,\"caption\":\"astrea Bulletin\"},\"image\":{\"@id\":\"https:\/\/astrea-apotheke.ch\/fr\/#\/schema\/logo\/image\/\"}},{\"@type\":\"Person\",\"@id\":\"https:\/\/astrea-apotheke.ch\/fr\/#\/schema\/person\/a2420336d221db1564b5412a63b03ca1\",\"name\":\"Tanja Sch\u00fcler\",\"image\":{\"@type\":\"ImageObject\",\"inLanguage\":\"fr-FR\",\"@id\":\"https:\/\/astrea-apotheke.ch\/fr\/#\/schema\/person\/image\/\",\"url\":\"https:\/\/secure.gravatar.com\/avatar\/8a7f5c017072afab82426c33af92b5c3ff6818509392074538f26391f407d325?s=96&d=mm&r=g\",\"contentUrl\":\"https:\/\/secure.gravatar.com\/avatar\/8a7f5c017072afab82426c33af92b5c3ff6818509392074538f26391f407d325?s=96&d=mm&r=g\",\"caption\":\"Tanja Sch\u00fcler\"},\"url\":\"https:\/\/astrea-apotheke.ch\/fr\/author\/tanja-schueler\/\"}]}<\/script>\n<!-- \/ Yoast SEO plugin. -->","yoast_head_json":{"title":"D\u00e9ficience Rouge-Vert - Astrea Aptheke","description":"La d\u00e9ficience rouge-vert est la forme la plus courante de d\u00e9faut de vision des couleurs. On l\u2019appelle souvent \u00e0 tort c\u00e9cit\u00e9 rouge-vert ou c\u00e9cit\u00e9 des couleurs. Les personnes atteintes de daltonisme rouge-vert ont du mal \u00e0 distinguer les deux couleurs.","robots":{"index":"index","follow":"follow","max-snippet":"max-snippet:-1","max-image-preview":"max-image-preview:large","max-video-preview":"max-video-preview:-1"},"canonical":"https:\/\/astrea-apotheke.ch\/fr\/deficience-rouge-vert\/","og_locale":"fr_FR","og_type":"article","og_title":"D\u00e9ficience Rouge-Vert - Astrea Aptheke","og_description":"La d\u00e9ficience rouge-vert est la forme la plus courante de d\u00e9faut de vision des couleurs. On l\u2019appelle souvent \u00e0 tort c\u00e9cit\u00e9 rouge-vert ou c\u00e9cit\u00e9 des couleurs. Les personnes atteintes de daltonisme rouge-vert ont du mal \u00e0 distinguer les deux couleurs.","og_url":"https:\/\/astrea-apotheke.ch\/fr\/deficience-rouge-vert\/","og_site_name":"Astrea Aptheke","article_published_time":"2024-04-03T09:10:00+00:00","article_modified_time":"2024-12-28T22:33:05+00:00","og_image":[{"width":1920,"height":1079,"url":"https:\/\/astrea-apotheke.ch\/wp-content\/uploads\/2024\/04\/Farbfehlsicht_440947573_Delphotostock.jpg","type":"image\/jpeg"}],"author":"Tanja Sch\u00fcler","twitter_card":"summary_large_image","twitter_misc":{"\u00c9crit par":"Tanja Sch\u00fcler","Dur\u00e9e de lecture estim\u00e9e":"6 minutes"},"schema":{"@context":"https:\/\/schema.org","@graph":[{"@type":"Article","@id":"https:\/\/astrea-apotheke.ch\/fr\/deficience-rouge-vert\/#article","isPartOf":{"@id":"https:\/\/astrea-apotheke.ch\/fr\/deficience-rouge-vert\/"},"author":{"name":"Tanja Sch\u00fcler","@id":"https:\/\/astrea-apotheke.ch\/fr\/#\/schema\/person\/a2420336d221db1564b5412a63b03ca1"},"headline":"D\u00e9ficience Rouge-Vert","datePublished":"2024-04-03T09:10:00+00:00","dateModified":"2024-12-28T22:33:05+00:00","mainEntityOfPage":{"@id":"https:\/\/astrea-apotheke.ch\/fr\/deficience-rouge-vert\/"},"wordCount":1118,"publisher":{"@id":"https:\/\/astrea-apotheke.ch\/fr\/#organization"},"image":{"@id":"https:\/\/astrea-apotheke.ch\/fr\/deficience-rouge-vert\/#primaryimage"},"thumbnailUrl":"https:\/\/astrea-apotheke.ch\/wp-content\/uploads\/2024\/04\/Farbfehlsicht_440947573_Delphotostock.jpg","articleSection":["Yeux, nez, oreilles"],"inLanguage":"fr-FR"},{"@type":"WebPage","@id":"https:\/\/astrea-apotheke.ch\/fr\/deficience-rouge-vert\/","url":"https:\/\/astrea-apotheke.ch\/fr\/deficience-rouge-vert\/","name":"D\u00e9ficience Rouge-Vert - Astrea Aptheke","isPartOf":{"@id":"https:\/\/astrea-apotheke.ch\/fr\/#website"},"primaryImageOfPage":{"@id":"https:\/\/astrea-apotheke.ch\/fr\/deficience-rouge-vert\/#primaryimage"},"image":{"@id":"https:\/\/astrea-apotheke.ch\/fr\/deficience-rouge-vert\/#primaryimage"},"thumbnailUrl":"https:\/\/astrea-apotheke.ch\/wp-content\/uploads\/2024\/04\/Farbfehlsicht_440947573_Delphotostock.jpg","datePublished":"2024-04-03T09:10:00+00:00","dateModified":"2024-12-28T22:33:05+00:00","description":"La d\u00e9ficience rouge-vert est la forme la plus courante de d\u00e9faut de vision des couleurs. On l\u2019appelle souvent \u00e0 tort c\u00e9cit\u00e9 rouge-vert ou c\u00e9cit\u00e9 des couleurs. Les personnes atteintes de daltonisme rouge-vert ont du mal \u00e0 distinguer les deux couleurs.","breadcrumb":{"@id":"https:\/\/astrea-apotheke.ch\/fr\/deficience-rouge-vert\/#breadcrumb"},"inLanguage":"fr-FR","potentialAction":[{"@type":"ReadAction","target":["https:\/\/astrea-apotheke.ch\/fr\/deficience-rouge-vert\/"]}]},{"@type":"ImageObject","inLanguage":"fr-FR","@id":"https:\/\/astrea-apotheke.ch\/fr\/deficience-rouge-vert\/#primaryimage","url":"https:\/\/astrea-apotheke.ch\/wp-content\/uploads\/2024\/04\/Farbfehlsicht_440947573_Delphotostock.jpg","contentUrl":"https:\/\/astrea-apotheke.ch\/wp-content\/uploads\/2024\/04\/Farbfehlsicht_440947573_Delphotostock.jpg","width":1920,"height":1079,"caption":"\u00a9 Delphotostock | stock.adobe.com"},{"@type":"BreadcrumbList","@id":"https:\/\/astrea-apotheke.ch\/fr\/deficience-rouge-vert\/#breadcrumb","itemListElement":[{"@type":"ListItem","position":1,"name":"Startseite","item":"https:\/\/astrea-apotheke.ch\/fr\/"},{"@type":"ListItem","position":2,"name":"D\u00e9ficience Rouge-Vert"}]},{"@type":"WebSite","@id":"https:\/\/astrea-apotheke.ch\/fr\/#website","url":"https:\/\/astrea-apotheke.ch\/fr\/","name":"astrea Bulletin","description":"Gesundheitsmagazin","publisher":{"@id":"https:\/\/astrea-apotheke.ch\/fr\/#organization"},"potentialAction":[{"@type":"SearchAction","target":{"@type":"EntryPoint","urlTemplate":"https:\/\/astrea-apotheke.ch\/fr\/?s={search_term_string}"},"query-input":{"@type":"PropertyValueSpecification","valueRequired":true,"valueName":"search_term_string"}}],"inLanguage":"fr-FR"},{"@type":"Organization","@id":"https:\/\/astrea-apotheke.ch\/fr\/#organization","name":"astrea Bulletin","url":"https:\/\/astrea-apotheke.ch\/fr\/","logo":{"@type":"ImageObject","inLanguage":"fr-FR","@id":"https:\/\/astrea-apotheke.ch\/fr\/#\/schema\/logo\/image\/","url":"http:\/\/apotheke.astrea-bulletin.ch\/wp-content\/uploads\/2024\/08\/Logo_Astrea-Bulletin_RGB.jpg","contentUrl":"http:\/\/apotheke.astrea-bulletin.ch\/wp-content\/uploads\/2024\/08\/Logo_Astrea-Bulletin_RGB.jpg","width":1429,"height":560,"caption":"astrea Bulletin"},"image":{"@id":"https:\/\/astrea-apotheke.ch\/fr\/#\/schema\/logo\/image\/"}},{"@type":"Person","@id":"https:\/\/astrea-apotheke.ch\/fr\/#\/schema\/person\/a2420336d221db1564b5412a63b03ca1","name":"Tanja Sch\u00fcler","image":{"@type":"ImageObject","inLanguage":"fr-FR","@id":"https:\/\/astrea-apotheke.ch\/fr\/#\/schema\/person\/image\/","url":"https:\/\/secure.gravatar.com\/avatar\/8a7f5c017072afab82426c33af92b5c3ff6818509392074538f26391f407d325?s=96&d=mm&r=g","contentUrl":"https:\/\/secure.gravatar.com\/avatar\/8a7f5c017072afab82426c33af92b5c3ff6818509392074538f26391f407d325?s=96&d=mm&r=g","caption":"Tanja Sch\u00fcler"},"url":"https:\/\/astrea-apotheke.ch\/fr\/author\/tanja-schueler\/"}]}},"_links":{"self":[{"href":"https:\/\/astrea-apotheke.ch\/fr\/wp-json\/wp\/v2\/posts\/27616","targetHints":{"allow":["GET"]}}],"collection":[{"href":"https:\/\/astrea-apotheke.ch\/fr\/wp-json\/wp\/v2\/posts"}],"about":[{"href":"https:\/\/astrea-apotheke.ch\/fr\/wp-json\/wp\/v2\/types\/post"}],"author":[{"embeddable":true,"href":"https:\/\/astrea-apotheke.ch\/fr\/wp-json\/wp\/v2\/users\/28"}],"replies":[{"embeddable":true,"href":"https:\/\/astrea-apotheke.ch\/fr\/wp-json\/wp\/v2\/comments?post=27616"}],"version-history":[{"count":2,"href":"https:\/\/astrea-apotheke.ch\/fr\/wp-json\/wp\/v2\/posts\/27616\/revisions"}],"predecessor-version":[{"id":31087,"href":"https:\/\/astrea-apotheke.ch\/fr\/wp-json\/wp\/v2\/posts\/27616\/revisions\/31087"}],"wp:featuredmedia":[{"embeddable":true,"href":"https:\/\/astrea-apotheke.ch\/fr\/wp-json\/wp\/v2\/media\/30375"}],"wp:attachment":[{"href":"https:\/\/astrea-apotheke.ch\/fr\/wp-json\/wp\/v2\/media?parent=27616"}],"wp:term":[{"taxonomy":"category","embeddable":true,"href":"https:\/\/astrea-apotheke.ch\/fr\/wp-json\/wp\/v2\/categories?post=27616"},{"taxonomy":"post_tag","embeddable":true,"href":"https:\/\/astrea-apotheke.ch\/fr\/wp-json\/wp\/v2\/tags?post=27616"}],"curies":[{"name":"wp","href":"https:\/\/api.w.org\/{rel}","templated":true}]}}