{"id":27617,"date":"2024-04-03T11:05:00","date_gmt":"2024-04-03T09:05:00","guid":{"rendered":"https:\/\/astrea-apotheke.ch\/?p=27617"},"modified":"2024-12-29T00:39:58","modified_gmt":"2024-12-28T22:39:58","slug":"les-faits-concernant-la-chute-des-cheveux","status":"publish","type":"post","link":"https:\/\/astrea-apotheke.ch\/fr\/les-faits-concernant-la-chute-des-cheveux\/","title":{"rendered":"Les faits concernant la chute des cheveux"},"content":{"rendered":"<h1 style=\"font-size:51px;font-style:normal;font-weight:400; margin-bottom:var(--wp--preset--spacing--50);\" class=\"wp-block-post-title has-roboto-slab-font-family\">Les faits concernant la chute des cheveux<\/h1>\r\n\r\n\r\n<p class=\"has-primary-color has-text-color has-roboto-font-family\" style=\"margin-bottom: var(--wp--preset--spacing--20); font-size: 23px; line-height: 1.5;\"><em><span style=\"vertical-align: inherit;\"><span style=\"vertical-align: inherit;\">Dickes, gl\u00e4nzendes Haar gilt bei beiden Geschlechtern seit jeher als Symbol f\u00fcr Sch\u00f6nheit. Wer \u00fcberm\u00e4\u00dfig viele Haare verliert, ist meist besorgt. F\u00fcr Haarausfall k\u00f6nnen unterschiedliche Ursachen verantwortlich sein.<\/span><\/span><\/em><\/p>\r\n\r\n\r\n<div class=\"wp-block-post-author\"><div class=\"wp-block-post-author__avatar\"><img alt='' src='https:\/\/secure.gravatar.com\/avatar\/9e74fb71b032d055c74ad13f10b8b58cb0164d6d3de9ab5cca31fceb99a633ea?s=48&#038;d=mm&#038;r=g' srcset='https:\/\/secure.gravatar.com\/avatar\/9e74fb71b032d055c74ad13f10b8b58cb0164d6d3de9ab5cca31fceb99a633ea?s=96&#038;d=mm&#038;r=g 2x' class='avatar avatar-48 photo' height='48' width='48' \/><\/div><div class=\"wp-block-post-author__content\"><p class=\"wp-block-post-author__name\"><a href=\"https:\/\/astrea-apotheke.ch\/fr\/author\/susanna-steimer-miller\/\" target=\"_self\">Susanna Steimer Miller<\/a><\/p><\/div><\/div>\r\n\r\n\r\n<div class=\"wp-block-group is-content-justification-left\" style=\"margin-top: var(--wp--preset--spacing--50); margin-bottom: var(--wp--preset--spacing--70);\"><div class=\"wp-block-group__inner-container is-layout-constrained wp-container-core-group-is-layout-b81d822d wp-block-group-is-layout-constrained\"><figure style=\"width:800px;\" class=\"wp-block-post-featured-image\"><img decoding=\"async\" width=\"1920\" height=\"1080\" src=\"https:\/\/astrea-apotheke.ch\/wp-content\/uploads\/2024\/04\/Haarausfall_221455976_LIGHTFIELD_STUDIOS.jpg\" class=\"attachment-post-thumbnail size-post-thumbnail lazyload wp-post-image\" alt=\"\" style=\"object-fit:cover;\" srcset=\"data:image\/svg+xml,%3Csvg%20xmlns%3D%27http%3A%2F%2Fwww.w3.org%2F2000%2Fsvg%27%20width%3D%271920%27%20height%3D%271080%27%20viewBox%3D%270%200%201920%201080%27%3E%3Crect%20width%3D%271920%27%20height%3D%271080%27%20fill-opacity%3D%220%22%2F%3E%3C%2Fsvg%3E\" data-orig-src=\"https:\/\/astrea-apotheke.ch\/wp-content\/uploads\/2024\/04\/Haarausfall_221455976_LIGHTFIELD_STUDIOS.jpg\" data-srcset=\"https:\/\/astrea-apotheke.ch\/wp-content\/uploads\/2024\/04\/Haarausfall_221455976_LIGHTFIELD_STUDIOS-200x113.jpg 200w, https:\/\/astrea-apotheke.ch\/wp-content\/uploads\/2024\/04\/Haarausfall_221455976_LIGHTFIELD_STUDIOS-300x169.jpg 300w, https:\/\/astrea-apotheke.ch\/wp-content\/uploads\/2024\/04\/Haarausfall_221455976_LIGHTFIELD_STUDIOS-400x225.jpg 400w, https:\/\/astrea-apotheke.ch\/wp-content\/uploads\/2024\/04\/Haarausfall_221455976_LIGHTFIELD_STUDIOS-600x338.jpg 600w, https:\/\/astrea-apotheke.ch\/wp-content\/uploads\/2024\/04\/Haarausfall_221455976_LIGHTFIELD_STUDIOS-768x432.jpg 768w, https:\/\/astrea-apotheke.ch\/wp-content\/uploads\/2024\/04\/Haarausfall_221455976_LIGHTFIELD_STUDIOS-800x450.jpg 800w, https:\/\/astrea-apotheke.ch\/wp-content\/uploads\/2024\/04\/Haarausfall_221455976_LIGHTFIELD_STUDIOS-1024x576.jpg 1024w, https:\/\/astrea-apotheke.ch\/wp-content\/uploads\/2024\/04\/Haarausfall_221455976_LIGHTFIELD_STUDIOS-1200x675.jpg 1200w, https:\/\/astrea-apotheke.ch\/wp-content\/uploads\/2024\/04\/Haarausfall_221455976_LIGHTFIELD_STUDIOS-1536x864.jpg 1536w, https:\/\/astrea-apotheke.ch\/wp-content\/uploads\/2024\/04\/Haarausfall_221455976_LIGHTFIELD_STUDIOS.jpg 1920w\" data-sizes=\"auto\" \/><\/figure><\/div><\/div>\r\n\r\n\r\n\r\n<p><span style=\"vertical-align: inherit;\"><span style=\"vertical-align: inherit;\">Haare wachsen zyklisch in Phasen. Wir unterscheiden zwischen der Wachstumsphase, der \u00dcbergangsphase und der Ruhephase. Bei letzterem fallen die Haare nach und nach aus, um Platz f\u00fcr neue Haare zu schaffen. Professor Ralph Braun, Chefarzt der Hautklinik am Universit\u00e4tsspital Z\u00fcrich, erkl\u00e4rt: \u201eDieser Haarausfall ist meist nicht sichtbar, weil er durch das Nachwachsen neuer Haare ausgeglichen wird.\u201c Sch\u00e4tzungen zufolge verlieren Menschen durchschnittlich zwischen 50 und 100 Haare pro Tag. Die Menge h\u00e4nge von verschiedenen Faktoren wie genetischer Veranlagung, Alter, Geschlecht und Gesundheitszustand ab, sagt der Haarexperte.<\/span><\/span><\/p>\r\n\r\n\r\n\r\n<h2 class=\"wp-block-heading has-roboto-font-family\" style=\"margin-top: 0; margin-bottom: var(--wp--preset--spacing--40); font-size: 23px; line-height: 1.4;\"><strong><span style=\"vertical-align: inherit;\"><span style=\"vertical-align: inherit;\">Haarausfall bei M\u00e4nnern<\/span><\/span><\/strong><\/h2>\r\n\r\n\r\n\r\n<p><span style=\"vertical-align: inherit;\"><span style=\"vertical-align: inherit;\">Bei M\u00e4nnern ist die h\u00e4ufigste Ursache f\u00fcr Haarausfall die sogenannte androgenetische Alopezie, auch m\u00e4nnlicher Haarausfall genannt. Dies ist erblich bedingt und wird durch das Hormon Androgen verursacht. Bei M\u00e4nnern f\u00fchrt diese Form des Haarausfalls zu Geheimratsecken und Kahlheit am Oberkopf. Mit zunehmendem Alter verlieren betroffene M\u00e4nner immer mehr Haare. Bereits in den Zwanzigern zeigt jeder f\u00fcnfte Mann Anzeichen von Haarausfall. Ab dem 30. Lebensjahr sind etwa 30 %, mit 40 etwa 40 % betroffen und in den 50ern leidet etwa die H\u00e4lfte der M\u00e4nner unter mittelschwerem bis fortgeschrittenem Haarausfall.<\/span><\/span><\/p>\r\n\r\n\r\n\r\n<h2 class=\"wp-block-heading\"><span style=\"vertical-align: inherit;\"><span style=\"vertical-align: inherit;\">Haarausfall bei Frauen<\/span><\/span><\/h2>\r\n\r\n\r\n\r\n<p><span style=\"vertical-align: inherit;\"><span style=\"vertical-align: inherit;\">\u201eAuch Frauen k\u00f6nnen an androgenetischer Alopezie leiden\u201c, erkl\u00e4rt Chefarzt Christian Greis vom Universit\u00e4tsspital Z\u00fcrich. Betroffene Frauen sollen Haare verlieren, weil sie empfindlich auf das Hormon Dihydrotestosteron reagieren. Der erblich bedingte Haarausfall bei Frauen f\u00fchrt zu einer allgemeinen Ausd\u00fcnnung der Haare, insbesondere am Oberkopf. Ihre Haarimplantation hingegen ver\u00e4ndert sich im Allgemeinen nicht.<\/span><\/span><\/p>\r\n\r\n\r\n\r\n<p><span style=\"vertical-align: inherit;\"><span style=\"vertical-align: inherit;\">Auch Schwankungen der Hormonproduktion, wie sie beispielsweise w\u00e4hrend der Schwangerschaft, nach der Geburt, in den Wechseljahren oder aufgrund von hormonellen Ungleichgewichten auftreten, k\u00f6nnen bei Frauen zu Haarausfall f\u00fchren.<\/span><\/span><\/p>\r\n\r\n\r\n\r\n<p><span style=\"vertical-align: inherit;\"><span style=\"vertical-align: inherit;\">Haare reagieren auf Stress. \u201eDurch chronischen Stress k\u00f6nnen vermehrt Haare in eine Ruhephase geraten und dann ausfallen\u201c, sagt Christian Greis. Schlie\u00dflich hat auch die Ern\u00e4hrung einen Einfluss auf das Haar. Unausgewogene Ern\u00e4hrung und Mangelern\u00e4hrung beg\u00fcnstigen den Haarausfall bei Frauen. Haare k\u00f6nnen beispielsweise ausfallen, wenn eine Frau zu wenig Eisen und Biotin zu sich nimmt.<\/span><\/span><\/p>\r\n\r\n\r\n\r\n<h2 class=\"wp-block-heading\"><span style=\"vertical-align: inherit;\"><span style=\"vertical-align: inherit;\">Die Hormone<\/span><\/span><\/h2>\r\n\r\n\r\n\r\n<p><span style=\"vertical-align: inherit;\"><span style=\"vertical-align: inherit;\">Viele schwangere Frauen freuen sich \u00fcber volleres und ges\u00fcnderes Haar. Dies ist auf einen erh\u00f6hten \u00d6strogenspiegel zur\u00fcckzuf\u00fchren. Diese Hormone verl\u00e4ngern die Haarwachstumsphase. Nach der Geburt sinkt der \u00d6strogenspiegel stark, sodass mehr Haare in die Ruhephase gelangen, was zu vermehrtem Haarausfall f\u00fchrt. Professor Braun m\u00f6chte beruhigen: \u201eIm Allgemeinen ist ein erh\u00f6hter Haarausfall nach der Geburt vor\u00fcbergehender Natur und normalisiert sich normalerweise innerhalb von sechs bis zw\u00f6lf Monaten.\u201c<\/span><\/span><\/p>\r\n\r\n\r\n\r\n<p><span style=\"vertical-align: inherit;\"><span style=\"vertical-align: inherit;\">In den Wechseljahren nimmt die Produktion von \u00d6strogen und Progesteron ab. Dies kann zu einer verst\u00e4rkten Wirkung m\u00e4nnlicher Hormone, sogenannter Androgene, f\u00fchren, die auch im weiblichen K\u00f6rper vorkommen. Diese Ver\u00e4nderung kann zu einer allgemeinen Ausd\u00fcnnung der Haare am Oberkopf f\u00fchren.<\/span><\/span><\/p>\r\n\r\n\r\n\r\n<h2 class=\"wp-block-heading\"><span style=\"vertical-align: inherit;\"><span style=\"vertical-align: inherit;\">Nahrungserg\u00e4nzungsmittel<\/span><\/span><\/h2>\r\n\r\n\r\n\r\n<p><span style=\"vertical-align: inherit;\"><span style=\"vertical-align: inherit;\">Eine der h\u00e4ufigsten Ursachen f\u00fcr Haarausfall bei Frauen ist Eisenmangel. Besonders betroffen sind Frauen mit starken Monatsblutungen oder Frauen, die sich vegan oder vegetarisch ern\u00e4hren. Nahrungserg\u00e4nzungsmittel auf Eisenbasis k\u00f6nnen bei der Bek\u00e4mpfung von Haarausfall aufgrund von Eisenmangel hilfreich sein. Eine unausgewogene Ern\u00e4hrung oder bestimmte Krankheiten k\u00f6nnen zu einem Mangel an bestimmten B-Vitaminen, insbesondere Biotin (Vitamin B7), f\u00fchren. Ist ein Biotinmangel f\u00fcr den Haarausfall verantwortlich, kann die Einnahme von Nahrungserg\u00e4nzungsmitteln auf Biotinbasis dem Problem entgegenwirken.<\/span><\/span><\/p>\r\n\r\n\r\n\r\n<p><span style=\"vertical-align: inherit;\"><span style=\"vertical-align: inherit;\">Professor Braun erkl\u00e4rt: \u201eNahrungserg\u00e4nzungsmittel sind am effektivsten, wenn ein bestimmter N\u00e4hrstoffmangel Haarausfall verursacht.\u201c Ihm zufolge ist eine ausgewogene Ern\u00e4hrung immer der beste Ansatz, um eine ausreichende N\u00e4hrstoffzufuhr sicherzustellen. Der Spezialist empfiehlt, bei Verdacht auf Haarausfall aufgrund von N\u00e4hrstoffmangel vor der Einnahme von Nahrungserg\u00e4nzungsmitteln einen Arzt zu konsultieren.<\/span><\/span><\/p>\r\n\r\n\r\n\r\n<h2 class=\"wp-block-heading\"><span style=\"vertical-align: inherit;\"><span style=\"vertical-align: inherit;\">Fleckiger Haarausfall<\/span><\/span><\/h2>\r\n\r\n\r\n\r\n<p><span style=\"vertical-align: inherit;\"><span style=\"vertical-align: inherit;\">Alopecia areata ist eine Erkrankung, die zu pl\u00f6tzlichem Haarausfall an bestimmten Stellen auf der Kopfhaut und manchmal auch an anderen K\u00f6rperstellen f\u00fchrt. Laut Christian Greis ist die genaue Ursache dieser Krankheit noch nicht vollst\u00e4ndig gekl\u00e4rt. Wir wissen jetzt, dass es sich um ein Ph\u00e4nomen handelt, bei dem das Immunsystem f\u00e4lschlicherweise Haarfollikel angreift. Seiner Meinung nach ist es wichtig, einen Dermatologen aufzusuchen, um eine genaue Diagnose zu erhalten und die richtige Behandlung zu finden. Es stehen auch entz\u00fcndungshemmende Therapien zur Verf\u00fcgung.<\/span><\/span><\/p>\r\n\r\n\r\n\r\n<div class=\"wp-block-columns is-layout-flex wp-container-core-columns-is-layout-a80d5108 wp-block-columns-is-layout-flex\" style=\"margin-top: 60px; margin-bottom: 50px;\">\r\n<div class=\"wp-block-column has-background is-layout-flow wp-block-column-is-layout-flow\" style=\"background-color: #f1f2f4; flex-basis: 800px; padding: var(--wp--preset--spacing--70);\">\r\n<h2 class=\"wp-block-heading\"><span style=\"vertical-align: inherit;\"><span style=\"vertical-align: inherit;\">Chemotherapie und Haarausfall<\/span><\/span><\/h2>\r\n\r\n\r\n\r\n<p><span style=\"vertical-align: inherit;\"><span style=\"vertical-align: inherit;\">Haarausfall w\u00e4hrend einer Chemotherapie ist eine h\u00e4ufige und oft belastende Nebenwirkung dieser Krebsbehandlung. Die Chemotherapie wirkt haupts\u00e4chlich auf Zellen, die im K\u00f6rper aktiv wachsen und sich teilen. Hierzu z\u00e4hlen sowohl Tumorzellen als auch Haarfollikelzellen.<\/span><\/span><\/p>\r\n\r\n\r\n\r\n<p><span style=\"vertical-align: inherit;\"><span style=\"vertical-align: inherit;\">Nicht alle Chemotherapien verursachen Haarausfall. Au\u00dferdem h\u00e4ngt das Ausma\u00df des Abfalls von der Art der verwendeten Medikamente, deren Dosierung und der individuellen Reaktion des Patienten ab. In den meisten F\u00e4llen ist der Haarausfall aufgrund einer Chemotherapie vor\u00fcbergehend. Um dies zu reduzieren, verwenden wir mittlerweile beispielsweise K\u00fchlhelme. Diese verringern w\u00e4hrend der Therapie die Durchblutung der Kopfhaut.<\/span><\/span><\/p>\r\n<\/div>\r\n<\/div>\r\n\r\n\r\n","protected":false},"excerpt":{"rendered":"<p>Dickes, gl\u00e4nzendes Haar gilt bei beiden Geschlechtern seit jeher als  [&#8230;]<\/p>\n","protected":false},"author":12,"featured_media":30376,"comment_status":"closed","ping_status":"closed","sticky":false,"template":"","format":"standard","meta":{"_acf_changed":false,"footnotes":""},"categories":[772],"tags":[],"class_list":["post-27617","post","type-post","status-publish","format-standard","has-post-thumbnail","hentry","category-sante-suite"],"acf":[],"yoast_head":"<!-- This site is optimized with the Yoast SEO plugin v27.0 - https:\/\/yoast.com\/product\/yoast-seo-wordpress\/ -->\n<title>Les faits concernant la chute des cheveux - Astrea Aptheke<\/title>\n<meta name=\"description\" content=\"Depuis toujours, les cheveux \u00e9pais et brillants sont consid\u00e9r\u00e9s comme un symbole de beaut\u00e9 par les deux sexes. Quiconque perd un nombre excessif de cheveux est g\u00e9n\u00e9ralement inquiet. Diff\u00e9rentes causes peuvent \u00eatre responsables de la chute des cheveux.\" \/>\n<meta name=\"robots\" content=\"index, follow, max-snippet:-1, max-image-preview:large, max-video-preview:-1\" \/>\n<link rel=\"canonical\" href=\"https:\/\/astrea-apotheke.ch\/fr\/les-faits-concernant-la-chute-des-cheveux\/\" \/>\n<meta property=\"og:locale\" content=\"fr_FR\" \/>\n<meta property=\"og:type\" content=\"article\" \/>\n<meta property=\"og:title\" content=\"Les faits concernant la chute des cheveux - Astrea Aptheke\" \/>\n<meta property=\"og:description\" content=\"Depuis toujours, les cheveux \u00e9pais et brillants sont consid\u00e9r\u00e9s comme un symbole de beaut\u00e9 par les deux sexes. Quiconque perd un nombre excessif de cheveux est g\u00e9n\u00e9ralement inquiet. Diff\u00e9rentes causes peuvent \u00eatre responsables de la chute des cheveux.\" \/>\n<meta property=\"og:url\" content=\"https:\/\/astrea-apotheke.ch\/fr\/les-faits-concernant-la-chute-des-cheveux\/\" \/>\n<meta property=\"og:site_name\" content=\"Astrea Aptheke\" \/>\n<meta property=\"article:published_time\" content=\"2024-04-03T09:05:00+00:00\" \/>\n<meta property=\"article:modified_time\" content=\"2024-12-28T22:39:58+00:00\" \/>\n<meta property=\"og:image\" content=\"https:\/\/astrea-apotheke.ch\/wp-content\/uploads\/2024\/04\/Haarausfall_221455976_LIGHTFIELD_STUDIOS.jpg\" \/>\n\t<meta property=\"og:image:width\" content=\"1920\" \/>\n\t<meta property=\"og:image:height\" content=\"1080\" \/>\n\t<meta property=\"og:image:type\" content=\"image\/jpeg\" \/>\n<meta name=\"author\" content=\"Susanna Steimer Miller\" \/>\n<meta name=\"twitter:card\" content=\"summary_large_image\" \/>\n<meta name=\"twitter:label1\" content=\"\u00c9crit par\" \/>\n\t<meta name=\"twitter:data1\" content=\"Susanna Steimer Miller\" \/>\n\t<meta name=\"twitter:label2\" content=\"Dur\u00e9e de lecture estim\u00e9e\" \/>\n\t<meta name=\"twitter:data2\" content=\"6 minutes\" \/>\n<script type=\"application\/ld+json\" class=\"yoast-schema-graph\">{\"@context\":\"https:\/\/schema.org\",\"@graph\":[{\"@type\":\"Article\",\"@id\":\"https:\/\/astrea-apotheke.ch\/fr\/les-faits-concernant-la-chute-des-cheveux\/#article\",\"isPartOf\":{\"@id\":\"https:\/\/astrea-apotheke.ch\/fr\/les-faits-concernant-la-chute-des-cheveux\/\"},\"author\":{\"name\":\"Susanna Steimer Miller\",\"@id\":\"https:\/\/astrea-apotheke.ch\/fr\/#\/schema\/person\/62e77dc256ca3196cf05e3fe9ec73b47\"},\"headline\":\"Les faits concernant la chute des cheveux\",\"datePublished\":\"2024-04-03T09:05:00+00:00\",\"dateModified\":\"2024-12-28T22:39:58+00:00\",\"mainEntityOfPage\":{\"@id\":\"https:\/\/astrea-apotheke.ch\/fr\/les-faits-concernant-la-chute-des-cheveux\/\"},\"wordCount\":840,\"publisher\":{\"@id\":\"https:\/\/astrea-apotheke.ch\/fr\/#organization\"},\"image\":{\"@id\":\"https:\/\/astrea-apotheke.ch\/fr\/les-faits-concernant-la-chute-des-cheveux\/#primaryimage\"},\"thumbnailUrl\":\"https:\/\/astrea-apotheke.ch\/wp-content\/uploads\/2024\/04\/Haarausfall_221455976_LIGHTFIELD_STUDIOS.jpg\",\"articleSection\":[\"Sant\u00e9 - suite\"],\"inLanguage\":\"fr-FR\"},{\"@type\":\"WebPage\",\"@id\":\"https:\/\/astrea-apotheke.ch\/fr\/les-faits-concernant-la-chute-des-cheveux\/\",\"url\":\"https:\/\/astrea-apotheke.ch\/fr\/les-faits-concernant-la-chute-des-cheveux\/\",\"name\":\"Les faits concernant la chute des cheveux - Astrea Aptheke\",\"isPartOf\":{\"@id\":\"https:\/\/astrea-apotheke.ch\/fr\/#website\"},\"primaryImageOfPage\":{\"@id\":\"https:\/\/astrea-apotheke.ch\/fr\/les-faits-concernant-la-chute-des-cheveux\/#primaryimage\"},\"image\":{\"@id\":\"https:\/\/astrea-apotheke.ch\/fr\/les-faits-concernant-la-chute-des-cheveux\/#primaryimage\"},\"thumbnailUrl\":\"https:\/\/astrea-apotheke.ch\/wp-content\/uploads\/2024\/04\/Haarausfall_221455976_LIGHTFIELD_STUDIOS.jpg\",\"datePublished\":\"2024-04-03T09:05:00+00:00\",\"dateModified\":\"2024-12-28T22:39:58+00:00\",\"description\":\"Depuis toujours, les cheveux \u00e9pais et brillants sont consid\u00e9r\u00e9s comme un symbole de beaut\u00e9 par les deux sexes. Quiconque perd un nombre excessif de cheveux est g\u00e9n\u00e9ralement inquiet. Diff\u00e9rentes causes peuvent \u00eatre responsables de la chute des cheveux.\",\"breadcrumb\":{\"@id\":\"https:\/\/astrea-apotheke.ch\/fr\/les-faits-concernant-la-chute-des-cheveux\/#breadcrumb\"},\"inLanguage\":\"fr-FR\",\"potentialAction\":[{\"@type\":\"ReadAction\",\"target\":[\"https:\/\/astrea-apotheke.ch\/fr\/les-faits-concernant-la-chute-des-cheveux\/\"]}]},{\"@type\":\"ImageObject\",\"inLanguage\":\"fr-FR\",\"@id\":\"https:\/\/astrea-apotheke.ch\/fr\/les-faits-concernant-la-chute-des-cheveux\/#primaryimage\",\"url\":\"https:\/\/astrea-apotheke.ch\/wp-content\/uploads\/2024\/04\/Haarausfall_221455976_LIGHTFIELD_STUDIOS.jpg\",\"contentUrl\":\"https:\/\/astrea-apotheke.ch\/wp-content\/uploads\/2024\/04\/Haarausfall_221455976_LIGHTFIELD_STUDIOS.jpg\",\"width\":1920,\"height\":1080,\"caption\":\"\u00a9 LIGHTFIELD STUDIOS | stock.adobe.com\"},{\"@type\":\"BreadcrumbList\",\"@id\":\"https:\/\/astrea-apotheke.ch\/fr\/les-faits-concernant-la-chute-des-cheveux\/#breadcrumb\",\"itemListElement\":[{\"@type\":\"ListItem\",\"position\":1,\"name\":\"Startseite\",\"item\":\"https:\/\/astrea-apotheke.ch\/fr\/\"},{\"@type\":\"ListItem\",\"position\":2,\"name\":\"Les faits concernant la chute des cheveux\"}]},{\"@type\":\"WebSite\",\"@id\":\"https:\/\/astrea-apotheke.ch\/fr\/#website\",\"url\":\"https:\/\/astrea-apotheke.ch\/fr\/\",\"name\":\"astrea Bulletin\",\"description\":\"Gesundheitsmagazin\",\"publisher\":{\"@id\":\"https:\/\/astrea-apotheke.ch\/fr\/#organization\"},\"potentialAction\":[{\"@type\":\"SearchAction\",\"target\":{\"@type\":\"EntryPoint\",\"urlTemplate\":\"https:\/\/astrea-apotheke.ch\/fr\/?s={search_term_string}\"},\"query-input\":{\"@type\":\"PropertyValueSpecification\",\"valueRequired\":true,\"valueName\":\"search_term_string\"}}],\"inLanguage\":\"fr-FR\"},{\"@type\":\"Organization\",\"@id\":\"https:\/\/astrea-apotheke.ch\/fr\/#organization\",\"name\":\"astrea Bulletin\",\"url\":\"https:\/\/astrea-apotheke.ch\/fr\/\",\"logo\":{\"@type\":\"ImageObject\",\"inLanguage\":\"fr-FR\",\"@id\":\"https:\/\/astrea-apotheke.ch\/fr\/#\/schema\/logo\/image\/\",\"url\":\"http:\/\/apotheke.astrea-bulletin.ch\/wp-content\/uploads\/2024\/08\/Logo_Astrea-Bulletin_RGB.jpg\",\"contentUrl\":\"http:\/\/apotheke.astrea-bulletin.ch\/wp-content\/uploads\/2024\/08\/Logo_Astrea-Bulletin_RGB.jpg\",\"width\":1429,\"height\":560,\"caption\":\"astrea Bulletin\"},\"image\":{\"@id\":\"https:\/\/astrea-apotheke.ch\/fr\/#\/schema\/logo\/image\/\"}},{\"@type\":\"Person\",\"@id\":\"https:\/\/astrea-apotheke.ch\/fr\/#\/schema\/person\/62e77dc256ca3196cf05e3fe9ec73b47\",\"name\":\"Susanna Steimer Miller\",\"image\":{\"@type\":\"ImageObject\",\"inLanguage\":\"fr-FR\",\"@id\":\"https:\/\/astrea-apotheke.ch\/fr\/#\/schema\/person\/image\/\",\"url\":\"https:\/\/secure.gravatar.com\/avatar\/9e74fb71b032d055c74ad13f10b8b58cb0164d6d3de9ab5cca31fceb99a633ea?s=96&d=mm&r=g\",\"contentUrl\":\"https:\/\/secure.gravatar.com\/avatar\/9e74fb71b032d055c74ad13f10b8b58cb0164d6d3de9ab5cca31fceb99a633ea?s=96&d=mm&r=g\",\"caption\":\"Susanna Steimer Miller\"},\"url\":\"https:\/\/astrea-apotheke.ch\/fr\/author\/susanna-steimer-miller\/\"}]}<\/script>\n<!-- \/ Yoast SEO plugin. -->","yoast_head_json":{"title":"Les faits concernant la chute des cheveux - Astrea Aptheke","description":"Depuis toujours, les cheveux \u00e9pais et brillants sont consid\u00e9r\u00e9s comme un symbole de beaut\u00e9 par les deux sexes. Quiconque perd un nombre excessif de cheveux est g\u00e9n\u00e9ralement inquiet. Diff\u00e9rentes causes peuvent \u00eatre responsables de la chute des cheveux.","robots":{"index":"index","follow":"follow","max-snippet":"max-snippet:-1","max-image-preview":"max-image-preview:large","max-video-preview":"max-video-preview:-1"},"canonical":"https:\/\/astrea-apotheke.ch\/fr\/les-faits-concernant-la-chute-des-cheveux\/","og_locale":"fr_FR","og_type":"article","og_title":"Les faits concernant la chute des cheveux - Astrea Aptheke","og_description":"Depuis toujours, les cheveux \u00e9pais et brillants sont consid\u00e9r\u00e9s comme un symbole de beaut\u00e9 par les deux sexes. Quiconque perd un nombre excessif de cheveux est g\u00e9n\u00e9ralement inquiet. Diff\u00e9rentes causes peuvent \u00eatre responsables de la chute des cheveux.","og_url":"https:\/\/astrea-apotheke.ch\/fr\/les-faits-concernant-la-chute-des-cheveux\/","og_site_name":"Astrea Aptheke","article_published_time":"2024-04-03T09:05:00+00:00","article_modified_time":"2024-12-28T22:39:58+00:00","og_image":[{"width":1920,"height":1080,"url":"https:\/\/astrea-apotheke.ch\/wp-content\/uploads\/2024\/04\/Haarausfall_221455976_LIGHTFIELD_STUDIOS.jpg","type":"image\/jpeg"}],"author":"Susanna Steimer Miller","twitter_card":"summary_large_image","twitter_misc":{"\u00c9crit par":"Susanna Steimer Miller","Dur\u00e9e de lecture estim\u00e9e":"6 minutes"},"schema":{"@context":"https:\/\/schema.org","@graph":[{"@type":"Article","@id":"https:\/\/astrea-apotheke.ch\/fr\/les-faits-concernant-la-chute-des-cheveux\/#article","isPartOf":{"@id":"https:\/\/astrea-apotheke.ch\/fr\/les-faits-concernant-la-chute-des-cheveux\/"},"author":{"name":"Susanna Steimer Miller","@id":"https:\/\/astrea-apotheke.ch\/fr\/#\/schema\/person\/62e77dc256ca3196cf05e3fe9ec73b47"},"headline":"Les faits concernant la chute des cheveux","datePublished":"2024-04-03T09:05:00+00:00","dateModified":"2024-12-28T22:39:58+00:00","mainEntityOfPage":{"@id":"https:\/\/astrea-apotheke.ch\/fr\/les-faits-concernant-la-chute-des-cheveux\/"},"wordCount":840,"publisher":{"@id":"https:\/\/astrea-apotheke.ch\/fr\/#organization"},"image":{"@id":"https:\/\/astrea-apotheke.ch\/fr\/les-faits-concernant-la-chute-des-cheveux\/#primaryimage"},"thumbnailUrl":"https:\/\/astrea-apotheke.ch\/wp-content\/uploads\/2024\/04\/Haarausfall_221455976_LIGHTFIELD_STUDIOS.jpg","articleSection":["Sant\u00e9 - suite"],"inLanguage":"fr-FR"},{"@type":"WebPage","@id":"https:\/\/astrea-apotheke.ch\/fr\/les-faits-concernant-la-chute-des-cheveux\/","url":"https:\/\/astrea-apotheke.ch\/fr\/les-faits-concernant-la-chute-des-cheveux\/","name":"Les faits concernant la chute des cheveux - Astrea Aptheke","isPartOf":{"@id":"https:\/\/astrea-apotheke.ch\/fr\/#website"},"primaryImageOfPage":{"@id":"https:\/\/astrea-apotheke.ch\/fr\/les-faits-concernant-la-chute-des-cheveux\/#primaryimage"},"image":{"@id":"https:\/\/astrea-apotheke.ch\/fr\/les-faits-concernant-la-chute-des-cheveux\/#primaryimage"},"thumbnailUrl":"https:\/\/astrea-apotheke.ch\/wp-content\/uploads\/2024\/04\/Haarausfall_221455976_LIGHTFIELD_STUDIOS.jpg","datePublished":"2024-04-03T09:05:00+00:00","dateModified":"2024-12-28T22:39:58+00:00","description":"Depuis toujours, les cheveux \u00e9pais et brillants sont consid\u00e9r\u00e9s comme un symbole de beaut\u00e9 par les deux sexes. Quiconque perd un nombre excessif de cheveux est g\u00e9n\u00e9ralement inquiet. Diff\u00e9rentes causes peuvent \u00eatre responsables de la chute des cheveux.","breadcrumb":{"@id":"https:\/\/astrea-apotheke.ch\/fr\/les-faits-concernant-la-chute-des-cheveux\/#breadcrumb"},"inLanguage":"fr-FR","potentialAction":[{"@type":"ReadAction","target":["https:\/\/astrea-apotheke.ch\/fr\/les-faits-concernant-la-chute-des-cheveux\/"]}]},{"@type":"ImageObject","inLanguage":"fr-FR","@id":"https:\/\/astrea-apotheke.ch\/fr\/les-faits-concernant-la-chute-des-cheveux\/#primaryimage","url":"https:\/\/astrea-apotheke.ch\/wp-content\/uploads\/2024\/04\/Haarausfall_221455976_LIGHTFIELD_STUDIOS.jpg","contentUrl":"https:\/\/astrea-apotheke.ch\/wp-content\/uploads\/2024\/04\/Haarausfall_221455976_LIGHTFIELD_STUDIOS.jpg","width":1920,"height":1080,"caption":"\u00a9 LIGHTFIELD STUDIOS | stock.adobe.com"},{"@type":"BreadcrumbList","@id":"https:\/\/astrea-apotheke.ch\/fr\/les-faits-concernant-la-chute-des-cheveux\/#breadcrumb","itemListElement":[{"@type":"ListItem","position":1,"name":"Startseite","item":"https:\/\/astrea-apotheke.ch\/fr\/"},{"@type":"ListItem","position":2,"name":"Les faits concernant la chute des cheveux"}]},{"@type":"WebSite","@id":"https:\/\/astrea-apotheke.ch\/fr\/#website","url":"https:\/\/astrea-apotheke.ch\/fr\/","name":"astrea Bulletin","description":"Gesundheitsmagazin","publisher":{"@id":"https:\/\/astrea-apotheke.ch\/fr\/#organization"},"potentialAction":[{"@type":"SearchAction","target":{"@type":"EntryPoint","urlTemplate":"https:\/\/astrea-apotheke.ch\/fr\/?s={search_term_string}"},"query-input":{"@type":"PropertyValueSpecification","valueRequired":true,"valueName":"search_term_string"}}],"inLanguage":"fr-FR"},{"@type":"Organization","@id":"https:\/\/astrea-apotheke.ch\/fr\/#organization","name":"astrea Bulletin","url":"https:\/\/astrea-apotheke.ch\/fr\/","logo":{"@type":"ImageObject","inLanguage":"fr-FR","@id":"https:\/\/astrea-apotheke.ch\/fr\/#\/schema\/logo\/image\/","url":"http:\/\/apotheke.astrea-bulletin.ch\/wp-content\/uploads\/2024\/08\/Logo_Astrea-Bulletin_RGB.jpg","contentUrl":"http:\/\/apotheke.astrea-bulletin.ch\/wp-content\/uploads\/2024\/08\/Logo_Astrea-Bulletin_RGB.jpg","width":1429,"height":560,"caption":"astrea Bulletin"},"image":{"@id":"https:\/\/astrea-apotheke.ch\/fr\/#\/schema\/logo\/image\/"}},{"@type":"Person","@id":"https:\/\/astrea-apotheke.ch\/fr\/#\/schema\/person\/62e77dc256ca3196cf05e3fe9ec73b47","name":"Susanna Steimer Miller","image":{"@type":"ImageObject","inLanguage":"fr-FR","@id":"https:\/\/astrea-apotheke.ch\/fr\/#\/schema\/person\/image\/","url":"https:\/\/secure.gravatar.com\/avatar\/9e74fb71b032d055c74ad13f10b8b58cb0164d6d3de9ab5cca31fceb99a633ea?s=96&d=mm&r=g","contentUrl":"https:\/\/secure.gravatar.com\/avatar\/9e74fb71b032d055c74ad13f10b8b58cb0164d6d3de9ab5cca31fceb99a633ea?s=96&d=mm&r=g","caption":"Susanna Steimer Miller"},"url":"https:\/\/astrea-apotheke.ch\/fr\/author\/susanna-steimer-miller\/"}]}},"_links":{"self":[{"href":"https:\/\/astrea-apotheke.ch\/fr\/wp-json\/wp\/v2\/posts\/27617","targetHints":{"allow":["GET"]}}],"collection":[{"href":"https:\/\/astrea-apotheke.ch\/fr\/wp-json\/wp\/v2\/posts"}],"about":[{"href":"https:\/\/astrea-apotheke.ch\/fr\/wp-json\/wp\/v2\/types\/post"}],"author":[{"embeddable":true,"href":"https:\/\/astrea-apotheke.ch\/fr\/wp-json\/wp\/v2\/users\/12"}],"replies":[{"embeddable":true,"href":"https:\/\/astrea-apotheke.ch\/fr\/wp-json\/wp\/v2\/comments?post=27617"}],"version-history":[{"count":2,"href":"https:\/\/astrea-apotheke.ch\/fr\/wp-json\/wp\/v2\/posts\/27617\/revisions"}],"predecessor-version":[{"id":31089,"href":"https:\/\/astrea-apotheke.ch\/fr\/wp-json\/wp\/v2\/posts\/27617\/revisions\/31089"}],"wp:featuredmedia":[{"embeddable":true,"href":"https:\/\/astrea-apotheke.ch\/fr\/wp-json\/wp\/v2\/media\/30376"}],"wp:attachment":[{"href":"https:\/\/astrea-apotheke.ch\/fr\/wp-json\/wp\/v2\/media?parent=27617"}],"wp:term":[{"taxonomy":"category","embeddable":true,"href":"https:\/\/astrea-apotheke.ch\/fr\/wp-json\/wp\/v2\/categories?post=27617"},{"taxonomy":"post_tag","embeddable":true,"href":"https:\/\/astrea-apotheke.ch\/fr\/wp-json\/wp\/v2\/tags?post=27617"}],"curies":[{"name":"wp","href":"https:\/\/api.w.org\/{rel}","templated":true}]}}