{"id":27838,"date":"2024-05-07T12:53:10","date_gmt":"2024-05-07T10:53:10","guid":{"rendered":"https:\/\/astrea-apotheke.ch\/hoerverlust-ursachen-praevention-und-behandlungsmoeglichkeiten\/"},"modified":"2024-12-29T00:16:06","modified_gmt":"2024-12-28T22:16:06","slug":"entendez-vous-toujours-bien","status":"publish","type":"post","link":"https:\/\/astrea-apotheke.ch\/fr\/entendez-vous-toujours-bien\/","title":{"rendered":"Entendez-vous toujours bien?"},"content":{"rendered":"<h1 style=\"font-size:51px;font-style:normal;font-weight:400; margin-bottom:var(--wp--preset--spacing--50);\" class=\"wp-block-post-title has-roboto-slab-font-family\">Entendez-vous toujours bien?<\/h1>\r\n\r\n\r\n<p class=\"has-primary-color has-text-color has-roboto-font-family\" style=\"margin-bottom: var(--wp--preset--spacing--20); font-size: 23px; line-height: 1.5;\"><em>Lorsque notre audition se d\u00e9t\u00e9riore soudainement, nous consultons imm\u00e9diatement un m\u00e9decin. Mais il est important d\u2019agir aussi en cas de perte d\u2019audition progressive.<\/em><\/p>\r\n\r\n\r\n<div class=\"wp-block-post-author\"><div class=\"wp-block-post-author__content\"><p class=\"wp-block-post-author__name\"><a href=\"https:\/\/astrea-apotheke.ch\/fr\/author\/juerg-lendemann\/\" target=\"_self\">J\u00fcrg Lendenmann<\/a><\/p><\/div><\/div>\r\n\r\n\r\n<div class=\"wp-block-group is-content-justification-left\" style=\"margin-top: var(--wp--preset--spacing--50); margin-bottom: var(--wp--preset--spacing--70);\"><div class=\"wp-block-group__inner-container is-layout-constrained wp-container-core-group-is-layout-b81d822d wp-block-group-is-layout-constrained\"><figure style=\"width:800px;\" class=\"wp-block-post-featured-image\"><img decoding=\"async\" width=\"1920\" height=\"1080\" src=\"https:\/\/astrea-apotheke.ch\/wp-content\/uploads\/2024\/05\/Ohrgesundheit_AdobeStock_224951233.jpg\" class=\"attachment-post-thumbnail size-post-thumbnail lazyload wp-post-image\" alt=\"\" style=\"object-fit:cover;\" srcset=\"data:image\/svg+xml,%3Csvg%20xmlns%3D%27http%3A%2F%2Fwww.w3.org%2F2000%2Fsvg%27%20width%3D%271920%27%20height%3D%271080%27%20viewBox%3D%270%200%201920%201080%27%3E%3Crect%20width%3D%271920%27%20height%3D%271080%27%20fill-opacity%3D%220%22%2F%3E%3C%2Fsvg%3E\" data-orig-src=\"https:\/\/astrea-apotheke.ch\/wp-content\/uploads\/2024\/05\/Ohrgesundheit_AdobeStock_224951233.jpg\" data-srcset=\"https:\/\/astrea-apotheke.ch\/wp-content\/uploads\/2024\/05\/Ohrgesundheit_AdobeStock_224951233-200x113.jpg 200w, https:\/\/astrea-apotheke.ch\/wp-content\/uploads\/2024\/05\/Ohrgesundheit_AdobeStock_224951233-300x169.jpg 300w, https:\/\/astrea-apotheke.ch\/wp-content\/uploads\/2024\/05\/Ohrgesundheit_AdobeStock_224951233-400x225.jpg 400w, https:\/\/astrea-apotheke.ch\/wp-content\/uploads\/2024\/05\/Ohrgesundheit_AdobeStock_224951233-600x338.jpg 600w, https:\/\/astrea-apotheke.ch\/wp-content\/uploads\/2024\/05\/Ohrgesundheit_AdobeStock_224951233-768x432.jpg 768w, https:\/\/astrea-apotheke.ch\/wp-content\/uploads\/2024\/05\/Ohrgesundheit_AdobeStock_224951233-800x450.jpg 800w, https:\/\/astrea-apotheke.ch\/wp-content\/uploads\/2024\/05\/Ohrgesundheit_AdobeStock_224951233-1024x576.jpg 1024w, https:\/\/astrea-apotheke.ch\/wp-content\/uploads\/2024\/05\/Ohrgesundheit_AdobeStock_224951233-1200x675.jpg 1200w, https:\/\/astrea-apotheke.ch\/wp-content\/uploads\/2024\/05\/Ohrgesundheit_AdobeStock_224951233-1536x864.jpg 1536w, https:\/\/astrea-apotheke.ch\/wp-content\/uploads\/2024\/05\/Ohrgesundheit_AdobeStock_224951233.jpg 1920w\" data-sizes=\"auto\" \/><\/figure><\/div><\/div>\r\n\r\n\r\n\r\n<p>Une perte auditive peut survenir soudainement ou se d\u00e9velopper au fil des ann\u00e9es sans que l\u2019on s\u2019en rende compte. Les quatre causes les plus fr\u00e9quentes sont les bouchons de c\u00e9rumen, les infections, le bruit et le vieillissement.<\/p>\r\n\r\n\r\n\r\n<h2 class=\"wp-block-heading\">Bouchon de c\u00e9rumen<\/h2>\r\n\r\n\r\n\r\n<p>Dans le canal auditif se trouvent des glandes qui produisent du c\u00e9rumen. Cette s\u00e9cr\u00e9tion jaun\u00e2tre a une action antibact\u00e9rienne, elle maintient les oreilles humides et contribue \u00e0 leur autonettoyage. Si l\u2019\u00e9coulement de la s\u00e9cr\u00e9tion est perturb\u00e9 ou si la production de c\u00e9rumen augmente, un bouchon peut se former. Environ 10% des enfants et plus de 50% des personnes \u00e2g\u00e9es d\u00e9veloppent un bouchon de c\u00e9rumen. Au contact de l\u2019eau (natation, douche), le bouchon peut gonfler et obstruer partiellement ou compl\u00e8tement le conduit auditif: les sons ne sont alors per\u00e7us que de mani\u00e8re att\u00e9nu\u00e9e.<\/p>\r\n\r\n\r\n\r\n<p>Apr\u00e8s un examen m\u00e9dical pour exclure d\u2019autres causes \u00e9ventuelles responsables de la surdit\u00e9 (corps \u00e9tranger, tumeur), le bouchon est \u00e9limin\u00e9 \u00e0 l\u2019aide d\u2019une seringue auriculaire ou m\u00e9caniquement. La formation d\u2019un bouchon de c\u00e9rumen peut \u00eatre neutralis\u00e9e en instillant de l\u2019eau sal\u00e9e ti\u00e8de ou des solutions sp\u00e9ciales disponibles en pharmacie. N\u2019h\u00e9sitez pas \u00e0 demander conseil.<\/p>\r\n\r\n\r\n\r\n<h2 class=\"wp-block-heading\">Otite moyenne<\/h2>\r\n\r\n\r\n\r\n<p>Dans la cavit\u00e9 tympanique (cavit\u00e9 de l\u2019oreille moyenne), les trois osselets (marteau, enclume, \u00e9trier) transmettent les ondes sonores du tympan \u00e0 la cochl\u00e9e de l\u2019oreille interne. La cavit\u00e9 tympanique est ventil\u00e9e par la trompe d\u2019Eustache, qui d\u00e9bouche dans le rhinopharynx. Cette communication ne s\u2019ouvre que lors de la d\u00e9glutition, du b\u00e2illement et de l\u2019\u00e9mission de certains sons. Il se produit alors un \u00e9quilibrage (compensation) de pression, qui nous permet d\u2019entendre normalement lorsque la pression atmosph\u00e9rique varie.<\/p>\r\n\r\n\r\n\r\n<p>En cas de rhume, des virus et des bact\u00e9ries peuvent remonter du rhinopharynx et provoquer une inflammation de la trompe d\u2019Eustache et de l\u2019oreille moyenne, entra\u00eenant des douleurs et une perte auditive. Comme la trompe d\u2019Eustache est courte chez les enfants, environ 60% souffrent d\u2019une otite au moins une fois au cours des six premi\u00e8res ann\u00e9es de leur vie.<\/p>\r\n\r\n\r\n\r\n<h2 class=\"wp-block-heading\">Le bruit endommage les cellules cili\u00e9es sensorielles<\/h2>\r\n\r\n\r\n\r\n<p>Dans la cochl\u00e9e, les ondes sonores sont transmises \u00e0 15 000 cellules cili\u00e9es qui baignent dans un liquide. L\u00e0, les signaux sont amplifi\u00e9s 20 fois, transform\u00e9s en impulsions \u00e9lectriques et transmis au cerveau. Un bruit extr\u00eame (150 d\u00e9cibels; coup de feu, explosion) entra\u00eene une perte auditive, \u00e9ventuellement accompagn\u00e9e d\u2019acouph\u00e8nes ; les deux \u00e9tant g\u00e9n\u00e9ralement temporaires. Une exposition prolong\u00e9e au bruit (au-dessus de 85 d\u00e9cibels, niveau de bruit) peut endommager durablement les cellules cili\u00e9es. La perte auditive se fait d\u2019abord sentir \u00e0 des fr\u00e9quences d\u2019environ 4000 hertz, l\u00e0 o\u00f9 l\u2019oreille humaine est la plus sensible.<\/p>\r\n\r\n\r\n\r\n<h2 class=\"wp-block-heading\">Perte auditive li\u00e9e \u00e0 l\u2019\u00e2ge (presbyacousie): une personne sur trois est concern\u00e9e<\/h2>\r\n\r\n\r\n\r\n<p>L\u2019audition se d\u00e9t\u00e9riore avec l\u2019\u00e2ge. Des facteurs internes tels que la g\u00e9n\u00e9tique, le stress oxydatif, les carences alimentaires mais aussi des facteurs externes tels que le bruit, le tabagisme et les infections jouent un r\u00f4le. Selon les experts m\u00e9dicaux du NDR, une personne sur trois en moyenne est malentendante des deux oreilles \u00e0 l\u2019\u00e2ge de 65 ans. Comme les cellules cili\u00e9es sensorielles s\u2019atrophient lentement, ce sont surtout les hautes fr\u00e9quences qui ne sont plus entendues et les mots accompagn\u00e9s de sifflements qui ne sont plus compris.<\/p>\r\n\r\n\r\n\r\n<p>\u00abLa d\u00e9ficience auditive peut \u00eatre compens\u00e9e par le port d\u2019un appareil auditif, ce qui permet d\u2019am\u00e9liorer la qualit\u00e9 de vie\u00bb, expliquent les experts. En Suisse, en 2022, seuls 10,3% des hommes \u00e2g\u00e9s de 65 \u00e0 74 ans et 6,4% des femmes, portaient un appareil auditif (BFS, Enqu\u00eate suisse sur la sant\u00e9).<\/p>\r\n\r\n\r\n\r\n<p>\u00abRefouler (refuser d\u2019accepter) sa propre perte auditive peut avoir des cons\u00e9quences importantes: le cerveau s\u2019habitue \u00e0 la baisse d\u2019audition, ce qui acc\u00e9l\u00e8re la perte auditive. Le manque de stimuli acoustiques et le retrait social peuvent en outre entra\u00eener une diminution des performances intellectuelles. Les experts consid\u00e8rent m\u00eame la presbyacousie non trait\u00e9e comme l\u2019un des principaux facteurs de risque de d\u00e9mence s\u00e9nile et de d\u00e9pression chez les personnes \u00e2g\u00e9es.<\/p>\r\n\r\n\r\n\r\n<p class=\"has-small-font-size\"><strong>Sources: <\/strong>doccheck.com, msdmanuals.com, ndr.de &gt; surdit\u00e9li\u00e9e\u00e0l\u2019\u00e2ge, bsf.ch<\/p>\r\n\r\n\r\n","protected":false},"excerpt":{"rendered":"<p>Lorsque notre audition se d\u00e9t\u00e9riore soudainement, nous consultons imm\u00e9diatement un  [&#8230;]<\/p>\n","protected":false},"author":20,"featured_media":30401,"comment_status":"closed","ping_status":"closed","sticky":false,"template":"","format":"standard","meta":{"_acf_changed":false,"footnotes":""},"categories":[770],"tags":[],"class_list":["post-27838","post","type-post","status-publish","format-standard","has-post-thumbnail","hentry","category-yeux-nez-oreilles"],"acf":[],"yoast_head":"<!-- This site is optimized with the Yoast SEO plugin v27.0 - https:\/\/yoast.com\/product\/yoast-seo-wordpress\/ -->\n<title>Entendez-vous toujours bien? - Astrea Aptheke<\/title>\n<meta name=\"description\" content=\"Lorsque notre audition se d\u00e9t\u00e9riore soudainement, nous consultons imm\u00e9diatement un m\u00e9decin. Mais il est important d\u2019agir aussi en cas de perte d\u2019audition progressive.\" \/>\n<meta name=\"robots\" content=\"index, follow, max-snippet:-1, max-image-preview:large, max-video-preview:-1\" \/>\n<link rel=\"canonical\" href=\"https:\/\/astrea-apotheke.ch\/fr\/entendez-vous-toujours-bien\/\" \/>\n<meta property=\"og:locale\" content=\"fr_FR\" \/>\n<meta property=\"og:type\" content=\"article\" \/>\n<meta property=\"og:title\" content=\"Entendez-vous toujours bien? - Astrea Aptheke\" \/>\n<meta property=\"og:description\" content=\"Lorsque notre audition se d\u00e9t\u00e9riore soudainement, nous consultons imm\u00e9diatement un m\u00e9decin. Mais il est important d\u2019agir aussi en cas de perte d\u2019audition progressive.\" \/>\n<meta property=\"og:url\" content=\"https:\/\/astrea-apotheke.ch\/fr\/entendez-vous-toujours-bien\/\" \/>\n<meta property=\"og:site_name\" content=\"Astrea Aptheke\" \/>\n<meta property=\"article:published_time\" content=\"2024-05-07T10:53:10+00:00\" \/>\n<meta property=\"article:modified_time\" content=\"2024-12-28T22:16:06+00:00\" \/>\n<meta property=\"og:image\" content=\"https:\/\/astrea-apotheke.ch\/wp-content\/uploads\/2024\/05\/Ohrgesundheit_AdobeStock_224951233.jpg\" \/>\n\t<meta property=\"og:image:width\" content=\"1920\" \/>\n\t<meta property=\"og:image:height\" content=\"1080\" \/>\n\t<meta property=\"og:image:type\" content=\"image\/jpeg\" \/>\n<meta name=\"author\" content=\"J\u00fcrg Lendenmann\" \/>\n<meta name=\"twitter:card\" content=\"summary_large_image\" \/>\n<meta name=\"twitter:label1\" content=\"\u00c9crit par\" \/>\n\t<meta name=\"twitter:data1\" content=\"J\u00fcrg Lendenmann\" \/>\n\t<meta name=\"twitter:label2\" content=\"Dur\u00e9e de lecture estim\u00e9e\" \/>\n\t<meta name=\"twitter:data2\" content=\"4 minutes\" \/>\n<script type=\"application\/ld+json\" class=\"yoast-schema-graph\">{\"@context\":\"https:\/\/schema.org\",\"@graph\":[{\"@type\":\"Article\",\"@id\":\"https:\/\/astrea-apotheke.ch\/fr\/entendez-vous-toujours-bien\/#article\",\"isPartOf\":{\"@id\":\"https:\/\/astrea-apotheke.ch\/fr\/entendez-vous-toujours-bien\/\"},\"author\":{\"name\":\"J\u00fcrg Lendenmann\",\"@id\":\"https:\/\/astrea-apotheke.ch\/fr\/#\/schema\/person\/ce803b8abbd8e46b197a1320a460b8d6\"},\"headline\":\"Entendez-vous toujours bien?\",\"datePublished\":\"2024-05-07T10:53:10+00:00\",\"dateModified\":\"2024-12-28T22:16:06+00:00\",\"mainEntityOfPage\":{\"@id\":\"https:\/\/astrea-apotheke.ch\/fr\/entendez-vous-toujours-bien\/\"},\"wordCount\":780,\"publisher\":{\"@id\":\"https:\/\/astrea-apotheke.ch\/fr\/#organization\"},\"image\":{\"@id\":\"https:\/\/astrea-apotheke.ch\/fr\/entendez-vous-toujours-bien\/#primaryimage\"},\"thumbnailUrl\":\"https:\/\/astrea-apotheke.ch\/wp-content\/uploads\/2024\/05\/Ohrgesundheit_AdobeStock_224951233.jpg\",\"articleSection\":[\"Yeux, nez, oreilles\"],\"inLanguage\":\"fr-FR\"},{\"@type\":\"WebPage\",\"@id\":\"https:\/\/astrea-apotheke.ch\/fr\/entendez-vous-toujours-bien\/\",\"url\":\"https:\/\/astrea-apotheke.ch\/fr\/entendez-vous-toujours-bien\/\",\"name\":\"Entendez-vous toujours bien? - Astrea Aptheke\",\"isPartOf\":{\"@id\":\"https:\/\/astrea-apotheke.ch\/fr\/#website\"},\"primaryImageOfPage\":{\"@id\":\"https:\/\/astrea-apotheke.ch\/fr\/entendez-vous-toujours-bien\/#primaryimage\"},\"image\":{\"@id\":\"https:\/\/astrea-apotheke.ch\/fr\/entendez-vous-toujours-bien\/#primaryimage\"},\"thumbnailUrl\":\"https:\/\/astrea-apotheke.ch\/wp-content\/uploads\/2024\/05\/Ohrgesundheit_AdobeStock_224951233.jpg\",\"datePublished\":\"2024-05-07T10:53:10+00:00\",\"dateModified\":\"2024-12-28T22:16:06+00:00\",\"description\":\"Lorsque notre audition se d\u00e9t\u00e9riore soudainement, nous consultons imm\u00e9diatement un m\u00e9decin. Mais il est important d\u2019agir aussi en cas de perte d\u2019audition progressive.\",\"breadcrumb\":{\"@id\":\"https:\/\/astrea-apotheke.ch\/fr\/entendez-vous-toujours-bien\/#breadcrumb\"},\"inLanguage\":\"fr-FR\",\"potentialAction\":[{\"@type\":\"ReadAction\",\"target\":[\"https:\/\/astrea-apotheke.ch\/fr\/entendez-vous-toujours-bien\/\"]}]},{\"@type\":\"ImageObject\",\"inLanguage\":\"fr-FR\",\"@id\":\"https:\/\/astrea-apotheke.ch\/fr\/entendez-vous-toujours-bien\/#primaryimage\",\"url\":\"https:\/\/astrea-apotheke.ch\/wp-content\/uploads\/2024\/05\/Ohrgesundheit_AdobeStock_224951233.jpg\",\"contentUrl\":\"https:\/\/astrea-apotheke.ch\/wp-content\/uploads\/2024\/05\/Ohrgesundheit_AdobeStock_224951233.jpg\",\"width\":1920,\"height\":1080,\"caption\":\"\u00a9 Krakenimages.com | stock.adobe.com\"},{\"@type\":\"BreadcrumbList\",\"@id\":\"https:\/\/astrea-apotheke.ch\/fr\/entendez-vous-toujours-bien\/#breadcrumb\",\"itemListElement\":[{\"@type\":\"ListItem\",\"position\":1,\"name\":\"Startseite\",\"item\":\"https:\/\/astrea-apotheke.ch\/fr\/\"},{\"@type\":\"ListItem\",\"position\":2,\"name\":\"Entendez-vous toujours bien?\"}]},{\"@type\":\"WebSite\",\"@id\":\"https:\/\/astrea-apotheke.ch\/fr\/#website\",\"url\":\"https:\/\/astrea-apotheke.ch\/fr\/\",\"name\":\"astrea Bulletin\",\"description\":\"Gesundheitsmagazin\",\"publisher\":{\"@id\":\"https:\/\/astrea-apotheke.ch\/fr\/#organization\"},\"potentialAction\":[{\"@type\":\"SearchAction\",\"target\":{\"@type\":\"EntryPoint\",\"urlTemplate\":\"https:\/\/astrea-apotheke.ch\/fr\/?s={search_term_string}\"},\"query-input\":{\"@type\":\"PropertyValueSpecification\",\"valueRequired\":true,\"valueName\":\"search_term_string\"}}],\"inLanguage\":\"fr-FR\"},{\"@type\":\"Organization\",\"@id\":\"https:\/\/astrea-apotheke.ch\/fr\/#organization\",\"name\":\"astrea Bulletin\",\"url\":\"https:\/\/astrea-apotheke.ch\/fr\/\",\"logo\":{\"@type\":\"ImageObject\",\"inLanguage\":\"fr-FR\",\"@id\":\"https:\/\/astrea-apotheke.ch\/fr\/#\/schema\/logo\/image\/\",\"url\":\"http:\/\/apotheke.astrea-bulletin.ch\/wp-content\/uploads\/2024\/08\/Logo_Astrea-Bulletin_RGB.jpg\",\"contentUrl\":\"http:\/\/apotheke.astrea-bulletin.ch\/wp-content\/uploads\/2024\/08\/Logo_Astrea-Bulletin_RGB.jpg\",\"width\":1429,\"height\":560,\"caption\":\"astrea Bulletin\"},\"image\":{\"@id\":\"https:\/\/astrea-apotheke.ch\/fr\/#\/schema\/logo\/image\/\"}},{\"@type\":\"Person\",\"@id\":\"https:\/\/astrea-apotheke.ch\/fr\/#\/schema\/person\/ce803b8abbd8e46b197a1320a460b8d6\",\"name\":\"J\u00fcrg Lendenmann\",\"image\":{\"@type\":\"ImageObject\",\"inLanguage\":\"fr-FR\",\"@id\":\"https:\/\/astrea-apotheke.ch\/fr\/#\/schema\/person\/image\/\",\"url\":\"https:\/\/secure.gravatar.com\/avatar\/a86d8eb75c259a13eed14bd5bf4454f493ceb520d8bda0a907a7636fd29d6e80?s=96&d=mm&r=g\",\"contentUrl\":\"https:\/\/secure.gravatar.com\/avatar\/a86d8eb75c259a13eed14bd5bf4454f493ceb520d8bda0a907a7636fd29d6e80?s=96&d=mm&r=g\",\"caption\":\"J\u00fcrg Lendenmann\"},\"url\":\"https:\/\/astrea-apotheke.ch\/fr\/author\/juerg-lendemann\/\"}]}<\/script>\n<!-- \/ Yoast SEO plugin. -->","yoast_head_json":{"title":"Entendez-vous toujours bien? - Astrea Aptheke","description":"Lorsque notre audition se d\u00e9t\u00e9riore soudainement, nous consultons imm\u00e9diatement un m\u00e9decin. Mais il est important d\u2019agir aussi en cas de perte d\u2019audition progressive.","robots":{"index":"index","follow":"follow","max-snippet":"max-snippet:-1","max-image-preview":"max-image-preview:large","max-video-preview":"max-video-preview:-1"},"canonical":"https:\/\/astrea-apotheke.ch\/fr\/entendez-vous-toujours-bien\/","og_locale":"fr_FR","og_type":"article","og_title":"Entendez-vous toujours bien? - Astrea Aptheke","og_description":"Lorsque notre audition se d\u00e9t\u00e9riore soudainement, nous consultons imm\u00e9diatement un m\u00e9decin. Mais il est important d\u2019agir aussi en cas de perte d\u2019audition progressive.","og_url":"https:\/\/astrea-apotheke.ch\/fr\/entendez-vous-toujours-bien\/","og_site_name":"Astrea Aptheke","article_published_time":"2024-05-07T10:53:10+00:00","article_modified_time":"2024-12-28T22:16:06+00:00","og_image":[{"width":1920,"height":1080,"url":"https:\/\/astrea-apotheke.ch\/wp-content\/uploads\/2024\/05\/Ohrgesundheit_AdobeStock_224951233.jpg","type":"image\/jpeg"}],"author":"J\u00fcrg Lendenmann","twitter_card":"summary_large_image","twitter_misc":{"\u00c9crit par":"J\u00fcrg Lendenmann","Dur\u00e9e de lecture estim\u00e9e":"4 minutes"},"schema":{"@context":"https:\/\/schema.org","@graph":[{"@type":"Article","@id":"https:\/\/astrea-apotheke.ch\/fr\/entendez-vous-toujours-bien\/#article","isPartOf":{"@id":"https:\/\/astrea-apotheke.ch\/fr\/entendez-vous-toujours-bien\/"},"author":{"name":"J\u00fcrg Lendenmann","@id":"https:\/\/astrea-apotheke.ch\/fr\/#\/schema\/person\/ce803b8abbd8e46b197a1320a460b8d6"},"headline":"Entendez-vous toujours bien?","datePublished":"2024-05-07T10:53:10+00:00","dateModified":"2024-12-28T22:16:06+00:00","mainEntityOfPage":{"@id":"https:\/\/astrea-apotheke.ch\/fr\/entendez-vous-toujours-bien\/"},"wordCount":780,"publisher":{"@id":"https:\/\/astrea-apotheke.ch\/fr\/#organization"},"image":{"@id":"https:\/\/astrea-apotheke.ch\/fr\/entendez-vous-toujours-bien\/#primaryimage"},"thumbnailUrl":"https:\/\/astrea-apotheke.ch\/wp-content\/uploads\/2024\/05\/Ohrgesundheit_AdobeStock_224951233.jpg","articleSection":["Yeux, nez, oreilles"],"inLanguage":"fr-FR"},{"@type":"WebPage","@id":"https:\/\/astrea-apotheke.ch\/fr\/entendez-vous-toujours-bien\/","url":"https:\/\/astrea-apotheke.ch\/fr\/entendez-vous-toujours-bien\/","name":"Entendez-vous toujours bien? - Astrea Aptheke","isPartOf":{"@id":"https:\/\/astrea-apotheke.ch\/fr\/#website"},"primaryImageOfPage":{"@id":"https:\/\/astrea-apotheke.ch\/fr\/entendez-vous-toujours-bien\/#primaryimage"},"image":{"@id":"https:\/\/astrea-apotheke.ch\/fr\/entendez-vous-toujours-bien\/#primaryimage"},"thumbnailUrl":"https:\/\/astrea-apotheke.ch\/wp-content\/uploads\/2024\/05\/Ohrgesundheit_AdobeStock_224951233.jpg","datePublished":"2024-05-07T10:53:10+00:00","dateModified":"2024-12-28T22:16:06+00:00","description":"Lorsque notre audition se d\u00e9t\u00e9riore soudainement, nous consultons imm\u00e9diatement un m\u00e9decin. Mais il est important d\u2019agir aussi en cas de perte d\u2019audition progressive.","breadcrumb":{"@id":"https:\/\/astrea-apotheke.ch\/fr\/entendez-vous-toujours-bien\/#breadcrumb"},"inLanguage":"fr-FR","potentialAction":[{"@type":"ReadAction","target":["https:\/\/astrea-apotheke.ch\/fr\/entendez-vous-toujours-bien\/"]}]},{"@type":"ImageObject","inLanguage":"fr-FR","@id":"https:\/\/astrea-apotheke.ch\/fr\/entendez-vous-toujours-bien\/#primaryimage","url":"https:\/\/astrea-apotheke.ch\/wp-content\/uploads\/2024\/05\/Ohrgesundheit_AdobeStock_224951233.jpg","contentUrl":"https:\/\/astrea-apotheke.ch\/wp-content\/uploads\/2024\/05\/Ohrgesundheit_AdobeStock_224951233.jpg","width":1920,"height":1080,"caption":"\u00a9 Krakenimages.com | stock.adobe.com"},{"@type":"BreadcrumbList","@id":"https:\/\/astrea-apotheke.ch\/fr\/entendez-vous-toujours-bien\/#breadcrumb","itemListElement":[{"@type":"ListItem","position":1,"name":"Startseite","item":"https:\/\/astrea-apotheke.ch\/fr\/"},{"@type":"ListItem","position":2,"name":"Entendez-vous toujours bien?"}]},{"@type":"WebSite","@id":"https:\/\/astrea-apotheke.ch\/fr\/#website","url":"https:\/\/astrea-apotheke.ch\/fr\/","name":"astrea Bulletin","description":"Gesundheitsmagazin","publisher":{"@id":"https:\/\/astrea-apotheke.ch\/fr\/#organization"},"potentialAction":[{"@type":"SearchAction","target":{"@type":"EntryPoint","urlTemplate":"https:\/\/astrea-apotheke.ch\/fr\/?s={search_term_string}"},"query-input":{"@type":"PropertyValueSpecification","valueRequired":true,"valueName":"search_term_string"}}],"inLanguage":"fr-FR"},{"@type":"Organization","@id":"https:\/\/astrea-apotheke.ch\/fr\/#organization","name":"astrea Bulletin","url":"https:\/\/astrea-apotheke.ch\/fr\/","logo":{"@type":"ImageObject","inLanguage":"fr-FR","@id":"https:\/\/astrea-apotheke.ch\/fr\/#\/schema\/logo\/image\/","url":"http:\/\/apotheke.astrea-bulletin.ch\/wp-content\/uploads\/2024\/08\/Logo_Astrea-Bulletin_RGB.jpg","contentUrl":"http:\/\/apotheke.astrea-bulletin.ch\/wp-content\/uploads\/2024\/08\/Logo_Astrea-Bulletin_RGB.jpg","width":1429,"height":560,"caption":"astrea Bulletin"},"image":{"@id":"https:\/\/astrea-apotheke.ch\/fr\/#\/schema\/logo\/image\/"}},{"@type":"Person","@id":"https:\/\/astrea-apotheke.ch\/fr\/#\/schema\/person\/ce803b8abbd8e46b197a1320a460b8d6","name":"J\u00fcrg Lendenmann","image":{"@type":"ImageObject","inLanguage":"fr-FR","@id":"https:\/\/astrea-apotheke.ch\/fr\/#\/schema\/person\/image\/","url":"https:\/\/secure.gravatar.com\/avatar\/a86d8eb75c259a13eed14bd5bf4454f493ceb520d8bda0a907a7636fd29d6e80?s=96&d=mm&r=g","contentUrl":"https:\/\/secure.gravatar.com\/avatar\/a86d8eb75c259a13eed14bd5bf4454f493ceb520d8bda0a907a7636fd29d6e80?s=96&d=mm&r=g","caption":"J\u00fcrg Lendenmann"},"url":"https:\/\/astrea-apotheke.ch\/fr\/author\/juerg-lendemann\/"}]}},"_links":{"self":[{"href":"https:\/\/astrea-apotheke.ch\/fr\/wp-json\/wp\/v2\/posts\/27838","targetHints":{"allow":["GET"]}}],"collection":[{"href":"https:\/\/astrea-apotheke.ch\/fr\/wp-json\/wp\/v2\/posts"}],"about":[{"href":"https:\/\/astrea-apotheke.ch\/fr\/wp-json\/wp\/v2\/types\/post"}],"author":[{"embeddable":true,"href":"https:\/\/astrea-apotheke.ch\/fr\/wp-json\/wp\/v2\/users\/20"}],"replies":[{"embeddable":true,"href":"https:\/\/astrea-apotheke.ch\/fr\/wp-json\/wp\/v2\/comments?post=27838"}],"version-history":[{"count":2,"href":"https:\/\/astrea-apotheke.ch\/fr\/wp-json\/wp\/v2\/posts\/27838\/revisions"}],"predecessor-version":[{"id":31077,"href":"https:\/\/astrea-apotheke.ch\/fr\/wp-json\/wp\/v2\/posts\/27838\/revisions\/31077"}],"wp:featuredmedia":[{"embeddable":true,"href":"https:\/\/astrea-apotheke.ch\/fr\/wp-json\/wp\/v2\/media\/30401"}],"wp:attachment":[{"href":"https:\/\/astrea-apotheke.ch\/fr\/wp-json\/wp\/v2\/media?parent=27838"}],"wp:term":[{"taxonomy":"category","embeddable":true,"href":"https:\/\/astrea-apotheke.ch\/fr\/wp-json\/wp\/v2\/categories?post=27838"},{"taxonomy":"post_tag","embeddable":true,"href":"https:\/\/astrea-apotheke.ch\/fr\/wp-json\/wp\/v2\/tags?post=27838"}],"curies":[{"name":"wp","href":"https:\/\/api.w.org\/{rel}","templated":true}]}}