{"id":28486,"date":"2024-09-09T17:00:48","date_gmt":"2024-09-09T15:00:48","guid":{"rendered":"https:\/\/astrea-apotheke.ch\/babys-gedeihen-auch-mit-flaschenmilch-gut\/"},"modified":"2025-09-01T08:08:28","modified_gmt":"2025-09-01T06:08:28","slug":"les-bebes-sont-aussi-en-bonne-sante-avec-un-biberon-de-lait","status":"publish","type":"post","link":"https:\/\/astrea-apotheke.ch\/fr\/les-bebes-sont-aussi-en-bonne-sante-avec-un-biberon-de-lait\/","title":{"rendered":"Les b\u00e9b\u00e9s sont aussi en bonne sant\u00e9 avec un biberon de lait"},"content":{"rendered":"<div class=\"fusion-fullwidth fullwidth-box fusion-builder-row-1 fusion-flex-container nonhundred-percent-fullwidth non-hundred-percent-height-scrolling\" style=\"--awb-border-radius-top-left:0px;--awb-border-radius-top-right:0px;--awb-border-radius-bottom-right:0px;--awb-border-radius-bottom-left:0px;--awb-flex-wrap:wrap;\" ><div class=\"fusion-builder-row fusion-row fusion-flex-align-items-flex-start fusion-flex-content-wrap\" style=\"max-width:1302px;margin-left: calc(-5% \/ 2 );margin-right: calc(-5% \/ 2 );\"><div class=\"fusion-layout-column fusion_builder_column fusion-builder-column-0 fusion_builder_column_1_1 1_1 fusion-flex-column\" style=\"--awb-bg-blend:overlay;--awb-bg-size:cover;--awb-width-large:100%;--awb-margin-top-large:0px;--awb-spacing-right-large:2.375%;--awb-margin-bottom-large:0px;--awb-spacing-left-large:2.375%;--awb-width-medium:100%;--awb-spacing-right-medium:2.375%;--awb-spacing-left-medium:2.375%;--awb-width-small:100%;--awb-spacing-right-small:2.375%;--awb-spacing-left-small:2.375%;\"><div class=\"fusion-column-wrapper fusion-flex-justify-content-flex-start fusion-content-layout-column\"><div class=\"fusion-image-element \" style=\"--awb-aspect-ratio:4 \/ 1;--awb-caption-title-font-family:var(--h2_typography-font-family);--awb-caption-title-font-weight:var(--h2_typography-font-weight);--awb-caption-title-font-style:var(--h2_typography-font-style);--awb-caption-title-size:var(--h2_typography-font-size);--awb-caption-title-transform:var(--h2_typography-text-transform);--awb-caption-title-line-height:var(--h2_typography-line-height);--awb-caption-title-letter-spacing:var(--h2_typography-letter-spacing);\"><span class=\" fusion-imageframe imageframe-none imageframe-1 hover-type-none has-aspect-ratio\"><a class=\"fusion-no-lightbox\" href=\"https:\/\/www.holle.ch\/fr-ch\/categorie\/lait-de-suite-fr-ch\/\" target=\"_blank\" aria-label=\"994x250px_Holle_Astrea_FR\" rel=\"noopener noreferrer\"><img decoding=\"async\" width=\"300\" height=\"75\" src=\"https:\/\/astrea-apotheke.ch\/wp-content\/uploads\/2025\/09\/994x250px_Holle_Astrea_FR.jpg\" data-orig-src=\"https:\/\/astrea-apotheke.ch\/wp-content\/uploads\/2025\/09\/994x250px_Holle_Astrea_FR-300x75.jpg\" class=\"lazyload img-responsive wp-image-33099 img-with-aspect-ratio\" data-parent-fit=\"cover\" data-parent-container=\".fusion-image-element\" alt srcset=\"data:image\/svg+xml,%3Csvg%20xmlns%3D%27http%3A%2F%2Fwww.w3.org%2F2000%2Fsvg%27%20width%3D%27994%27%20height%3D%27250%27%20viewBox%3D%270%200%20994%20250%27%3E%3Crect%20width%3D%27994%27%20height%3D%27250%27%20fill-opacity%3D%220%22%2F%3E%3C%2Fsvg%3E\" data-srcset=\"https:\/\/astrea-apotheke.ch\/wp-content\/uploads\/2025\/09\/994x250px_Holle_Astrea_FR-200x50.jpg 200w, https:\/\/astrea-apotheke.ch\/wp-content\/uploads\/2025\/09\/994x250px_Holle_Astrea_FR-400x101.jpg 400w, https:\/\/astrea-apotheke.ch\/wp-content\/uploads\/2025\/09\/994x250px_Holle_Astrea_FR-600x151.jpg 600w, https:\/\/astrea-apotheke.ch\/wp-content\/uploads\/2025\/09\/994x250px_Holle_Astrea_FR-800x201.jpg 800w, https:\/\/astrea-apotheke.ch\/wp-content\/uploads\/2025\/09\/994x250px_Holle_Astrea_FR.jpg 994w\" data-sizes=\"auto\" data-orig-sizes=\"(max-width: 800px) 100vw, 300px\" \/><\/a><\/span><\/div><div class=\"fusion-text fusion-text-1\"><p><h1 style=\"font-size:51px;font-style:normal;font-weight:400; margin-bottom:var(--wp--preset--spacing--50);\" class=\"wp-block-post-title has-roboto-slab-font-family\">Les b\u00e9b\u00e9s sont aussi en bonne sant\u00e9 avec un biberon de lait<\/h1>\n<\/p>\n<p>Le lait maternel est le meilleur aliment pour un b\u00e9b\u00e9. S\u2019il n\u2019est pas possible d\u2019allaiter, il n\u2019y a pas lieu de s\u2019inqui\u00e9ter: les nourrissons se portent tr\u00e8s bien m\u00eame avec biberon de lait.<\/p>\n<p>L\u2019alimentation des b\u00e9b\u00e9s n\u00e9cessite d\u2019\u00eatre adapt\u00e9e \u00e0 leurs besoins. Le lait maternel est le plus appropri\u00e9, car il est naturel et contient tous les nutriments essentiels. Autre avantage: une m\u00e8re qui allaite a toujours ce qu\u2019il faut\u00bb, avec elle pour nourrir son enfant, et le b\u00e9b\u00e9 peut t\u00e9ter \u00e0 la demande, aussi longtemps que la m\u00e8re et l\u2019enfant le souhaitent.<\/p>\n<\/p>\n<div style=\"font-size:14px;text-transform:uppercase; margin-bottom:var(--wp--preset--spacing--60);\" class=\"wp-block-post-author\">\n<div class=\"wp-block-post-author__content\">\n<p class=\"wp-block-post-author__byline\">u003cstrongu003eText:u003c\/strongu003e<\/p>\n<p class=\"wp-block-post-author__name\"><a href=\"https:\/\/astrea-apotheke.ch\/fr\/author\/silvia-staehli-schoenthaler\/\" target=\"_self\">Silvia St\u00e4hli-Sch\u00f6nthaler<\/a><\/p>\n<p class=\"wp-block-post-author__bio\">\n<\/div>\n<\/div>\n<\/p>\n<div class=\"wp-block-group is-content-justification-left\" style=\"margin-top: var(--wp--preset--spacing--50); margin-bottom: var(--wp--preset--spacing--70);\">\n<div class=\"wp-block-group__inner-container is-layout-constrained wp-container-core-group-is-layout-b81d822d wp-block-group-is-layout-constrained\">\n<figure style=\"width:800px;\" class=\"wp-block-post-featured-image\"><img decoding=\"async\" width=\"1920\" height=\"1080\" src=\"https:\/\/astrea-apotheke.ch\/wp-content\/uploads\/2024\/09\/Babynahrung_AdobeStock_193982300.jpg\" class=\"attachment-post-thumbnail size-post-thumbnail lazyload wp-post-image\" alt=\"\" style=\"object-fit:cover;\" srcset=\"data:image\/svg+xml,%3Csvg%20xmlns%3D%27http%3A%2F%2Fwww.w3.org%2F2000%2Fsvg%27%20width%3D%271920%27%20height%3D%271080%27%20viewBox%3D%270%200%201920%201080%27%3E%3Crect%20width%3D%271920%27%20height%3D%271080%27%20fill-opacity%3D%220%22%2F%3E%3C%2Fsvg%3E\" data-orig-src=\"https:\/\/astrea-apotheke.ch\/wp-content\/uploads\/2024\/09\/Babynahrung_AdobeStock_193982300.jpg\" data-srcset=\"https:\/\/astrea-apotheke.ch\/wp-content\/uploads\/2024\/09\/Babynahrung_AdobeStock_193982300-200x113.jpg 200w, https:\/\/astrea-apotheke.ch\/wp-content\/uploads\/2024\/09\/Babynahrung_AdobeStock_193982300-300x169.jpg 300w, https:\/\/astrea-apotheke.ch\/wp-content\/uploads\/2024\/09\/Babynahrung_AdobeStock_193982300-400x225.jpg 400w, https:\/\/astrea-apotheke.ch\/wp-content\/uploads\/2024\/09\/Babynahrung_AdobeStock_193982300-600x338.jpg 600w, https:\/\/astrea-apotheke.ch\/wp-content\/uploads\/2024\/09\/Babynahrung_AdobeStock_193982300-768x432.jpg 768w, https:\/\/astrea-apotheke.ch\/wp-content\/uploads\/2024\/09\/Babynahrung_AdobeStock_193982300-800x450.jpg 800w, https:\/\/astrea-apotheke.ch\/wp-content\/uploads\/2024\/09\/Babynahrung_AdobeStock_193982300-1024x576.jpg 1024w, https:\/\/astrea-apotheke.ch\/wp-content\/uploads\/2024\/09\/Babynahrung_AdobeStock_193982300-1200x675.jpg 1200w, https:\/\/astrea-apotheke.ch\/wp-content\/uploads\/2024\/09\/Babynahrung_AdobeStock_193982300-1536x864.jpg 1536w, https:\/\/astrea-apotheke.ch\/wp-content\/uploads\/2024\/09\/Babynahrung_AdobeStock_193982300.jpg 1920w\" data-sizes=\"auto\" \/><\/figure>\n<\/div>\n<\/div>\n<\/p>\n<h2 class=\"wp-block-heading\">Alimentation compl\u00e9mentaire avec du lait infantile<\/h2>\n<\/p>\n<p>Si un b\u00e9b\u00e9 ne prend pas suffisamment de poids malgr\u00e9 une bonne gestion de l\u2019allaitement accompagn\u00e9e par un professionnel, les parents doivent consulter un sp\u00e9cialiste afin de discuter de l\u2019alimentation et de l\u2019adapter \u00e0 l\u2019\u00e2ge de l\u2019enfant. \u00abUne alimentation compl\u00e9mentaire avec du lait infantile peut d\u00e9tendre la situation\u00bb, explique Eva Kern du Centre de conseil aux m\u00e8res et aux p\u00e8res du canton de Berne. \u00abPour cela, un suivi et un soutien de la m\u00e8re est tr\u00e8s important, car c\u2019est son d\u00e9sir d\u2019allaiter qui d\u00e9termine le mode d\u2019alimentation compl\u00e9mentaire. Le cas \u00e9ch\u00e9ant, un retour \u00e0 l\u2019allaitement exclusif devrait, au mieux, \u00eatre \u00e0 nouveau possible.\u00bb<\/p>\n<\/p>\n<div class=\"wp-block-group is-style-default\" style=\"border-radius: 72px; margin-top: var(--wp--preset--spacing--30); margin-bottom: var(--wp--preset--spacing--80);\">\n<div class=\"wp-block-group__inner-container is-layout-constrained wp-container-core-group-is-layout-ef75c296 wp-block-group-is-layout-constrained\">\n<blockquote class=\"wp-block-quote is-style-default has-primary-color has-text-color is-layout-flow wp-block-quote-is-layout-flow\" style=\"font-size: 16px; font-style: normal; font-weight: 600;\">\n<p>Gr\u00e2ce \u00e0 la technologie moderne<br \/>le lait pour nourrissons devient<br \/>s&rsquo;am\u00e9liore de plus en plus.<\/p>\n<\/p>\n<\/blockquote>\n<\/div>\n<\/div>\n<\/p>\n<h3 class=\"wp-block-heading\">Contacter un sp\u00e9cialiste<\/h3>\n<\/p>\n<p style=\"margin-bottom: var(--wp--preset--spacing--60); font-size: 20px; line-height: 1.5;\">\u00abSi une m\u00e8re souffre de mamelons douloureux, il est important de les soulager, de les soigner, et de consulter un sp\u00e9cialiste\u00bb, d\u00e9clare Kern. \u00abCelui-ci doit trouver la cause sous-jacente avec la m\u00e8re et observer attentivement l\u2019allaitement.\u00bb Tirer ou exprimer le lait maternel \u00e0 la main pendant 24 heures peut \u00eatre judicieux pour m\u00e9nager les mamelons.<\/p>\n<\/p>\n<h3 class=\"wp-block-heading\"><strong>Un niveau de d\u00e9veloppement individuel est d\u00e9terminant<\/strong><\/h3>\n<\/p>\n<p>\u00abSi l\u2019allaitement complet est possible pendant six mois, c\u2019est merveilleux\u00bb, explique la pu\u00e9ricultrice. Mais si le b\u00e9b\u00e9 montre plus t\u00f4t de l\u2019int\u00e9r\u00eat pour la nourriture, il est possible d\u2019introduire progressivement des aliments compl\u00e9mentaires \u00e0 partir du cinqui\u00e8me mois de vie, en plus de l\u2019allaitement. \u00abL\u2019accent est mis sur le niveau de d\u00e9veloppement individuel du b\u00e9b\u00e9, chaque enfant \u00e9tant pr\u00eat \u00e0 manger \u00e0 un moment diff\u00e9rent.\u00bb M\u00eame avec des aliments compl\u00e9mentaires, l\u2019allaitement peut et doit \u00eatre poursuivi, \u00abCette nourriture additionnelle compl\u00e8te simplement l\u2019allaitement\u00bb.<\/p>\n<\/p>\n<h3 class=\"wp-block-heading\"><strong>Le lait pour nourrissons s\u2019am\u00e9liore constamment<\/strong><\/h3>\n<\/p>\n<p>Le lait infantile est surtout n\u00e9cessaire lorsque, pour une raison ou une autre, le lait maternel n\u2019est pas disponible en quantit\u00e9 suffisante. Le lait animal ou les boissons v\u00e9g\u00e9tales sont pas adapt\u00e9s et mettraient en danger le bon d\u00e9veloppement de l\u2019enfant. Gr\u00e2ce \u00e0 la technologie moderne, les laits destin\u00e9s aux nourrissons sont de meilleure qualit\u00e9. Leur composition est soumise \u00e0 des r\u00e9glementations l\u00e9gales. Ce qui manque, ce sont de nombreuses substances bioactives pr\u00e9sentes dans le lait maternel et qui ne peuvent pas \u00eatre \u00abreproduites\u00bb. \u00abMais les b\u00e9b\u00e9s s\u2019\u00e9panouissent aussi bien avec des biberons de lait\u00bb, rassure Eva Kern.<\/p>\n<\/p>\n<h3 class=\"wp-block-heading\">Aliments compl\u00e9mentaires \u00e0 partir du septi\u00e8me mois<\/h3>\n<\/p>\n<p>\u00c0 partir du septi\u00e8me mois, il convient de proposer des aliments compl\u00e9mentaires, car apr\u00e8s six mois d\u2019allaitement exclusif ou de lait infantile, les besoins nutritionnels du b\u00e9b\u00e9 ne sont plus suffisamment satisfaits. \u00ab\u00c0 ce stade, la plupart des enfants font preuve de curiosit\u00e9 pour la nourriture et du d\u00e9sir d\u2019imiter les autres membres de la famille.\u00bb L\u00e0 encore, il convient de s\u2019adapter aux besoins du b\u00e9b\u00e9. Certains mangent avec plaisir de la bouillie, d\u2019autres s\u2019int\u00e9ressent davantage aux amuse-bouche (finger foods) appropri\u00e9s.<\/p>\n<\/p>\n<div class=\"wp-block-columns is-layout-flex wp-container-core-columns-is-layout-a80d5108 wp-block-columns-is-layout-flex\" style=\"margin-top: 60px; margin-bottom: 50px;\">\n<div class=\"wp-block-column has-background is-layout-flow wp-block-column-is-layout-flow\" style=\"background-color: #f1f2f4; flex-basis: 800px; padding: var(--wp--preset--spacing--70);\">\n<h3 class=\"wp-block-heading\" style=\"margin-top: var(--wp--preset--spacing--20); margin-bottom: var(--wp--preset--spacing--50); margin-left: 0; font-size: 23px;\">Lait initial et lait de suite<\/h3>\n<\/p>\n<p style=\"margin-bottom: 0; font-size: 18px; line-height: 1.5;\">On distingue le lait initial (\u00e9tiquet\u00e9 \u00abPre\u00bb ou \u00ab1\u00bb) et le lait de suite (\u00e9tiquet\u00e9 \u00ab2\u00bb ou \u00ab3\u00bb). Selon Eva Kern, un lait initial est indispensable jusqu\u2019\u00e0 six mois, car c\u2019est le seul moyen de couvrir les besoins nutritionnels du jeune nourrisson. \u00c0 partir du sixi\u00e8me mois, il est possible, mais pas obligatoire, de passer \u00e0 un lait de suite si l\u2019enfant consomme d\u00e9j\u00e0 suffisamment d\u2019aliments compl\u00e9mentaires, afin d\u2019adjoindre des nutriments. \u00abLe lait de suite n\u2019est donc pas un aliment complet\u00bb, pr\u00e9cise la pu\u00e9ricultrice. \u00abEn principe, les soci\u00e9t\u00e9s sp\u00e9cialis\u00e9es suisses recommandent le lait initial jusqu\u2019\u00e0 la fin de la premi\u00e8re ann\u00e9e de vie, un passage au lait de suite n\u2019est pas n\u00e9cessaire.\u00bb<\/p>\n<\/p>\n<h3 class=\"wp-block-heading\" style=\"margin-top: var(--wp--preset--spacing--20); margin-bottom: var(--wp--preset--spacing--50); margin-left: 0; font-size: 23px;\"><strong>Alimentation sp\u00e9ciale en cas d\u2019allergies<\/strong><\/h3>\n<\/p>\n<p>Si le nourrisson a des besoins nutritionnels sp\u00e9cifiques, il existe des aliments particuliers, parfois soumis \u00e0 prescription, dont l\u2019utilisation se fait en concertation avec un sp\u00e9cialiste. La mention \u00abHA\u00bb d\u00e9signe les pr\u00e9parations hypoallerg\u00e9niques pour nourrissons. Celles-ci peuvent \u00eatre donn\u00e9es aux enfants \u00e0 risque d\u2019allergie, mais cela n\u2019est plus pr\u00e9conis\u00e9 aujourd\u2019hui par les soci\u00e9t\u00e9s sp\u00e9cialis\u00e9es suisses. En cas d\u2019allergie aux prot\u00e9ines de lait de vache, par exemple, il existe des aliments hautement hydrolys\u00e9s, dans lesquels les prot\u00e9ines de lait de vache ont \u00e9t\u00e9 r\u00e9duites \u2013 d\u00e9compos\u00e9es \u2013 de telle sorte que l\u2019organisme ne les reconna\u00eet plus comme \u00e9trang\u00e8res.<\/p>\n<\/p>\n<\/div>\n<\/div>\n<\/p>\n<div class=\"wp-block-columns is-layout-flex wp-container-core-columns-is-layout-a80d5108 wp-block-columns-is-layout-flex\" style=\"margin-top: 60px; margin-bottom: 50px;\">\u00a0<\/div><\/p>\n<\/div><\/div><\/div><\/div><\/div>","protected":false},"excerpt":{"rendered":"","protected":false},"author":36,"featured_media":30504,"comment_status":"closed","ping_status":"closed","sticky":false,"template":"","format":"standard","meta":{"_acf_changed":false,"footnotes":""},"categories":[769,778],"tags":[],"class_list":["post-28486","post","type-post","status-publish","format-standard","has-post-thumbnail","hentry","category-alimentation","category-bebes"],"acf":[],"yoast_head":"<!-- This site is optimized with the Yoast SEO plugin v27.0 - https:\/\/yoast.com\/product\/yoast-seo-wordpress\/ -->\n<title>Les b\u00e9b\u00e9s sont aussi en bonne sant\u00e9 avec un biberon de lait - Astrea Aptheke<\/title>\n<meta name=\"description\" content=\"D\u00e9couvrez comment les b\u00e9b\u00e9s peuvent s&#039;\u00e9panouir de mani\u00e8re optimale, m\u00eame avec du lait au biberon. Des conseils pour une alimentation correcte et un d\u00e9veloppement sain de votre enfant.\" \/>\n<meta name=\"robots\" content=\"index, follow, max-snippet:-1, max-image-preview:large, max-video-preview:-1\" \/>\n<link rel=\"canonical\" href=\"https:\/\/astrea-apotheke.ch\/fr\/les-bebes-sont-aussi-en-bonne-sante-avec-un-biberon-de-lait\/\" \/>\n<meta property=\"og:locale\" content=\"fr_FR\" \/>\n<meta property=\"og:type\" content=\"article\" \/>\n<meta property=\"og:title\" content=\"Les b\u00e9b\u00e9s sont aussi en bonne sant\u00e9 avec un biberon de lait - Astrea Aptheke\" \/>\n<meta property=\"og:description\" content=\"D\u00e9couvrez comment les b\u00e9b\u00e9s peuvent s&#039;\u00e9panouir de mani\u00e8re optimale, m\u00eame avec du lait au biberon. Des conseils pour une alimentation correcte et un d\u00e9veloppement sain de votre enfant.\" \/>\n<meta property=\"og:url\" content=\"https:\/\/astrea-apotheke.ch\/fr\/les-bebes-sont-aussi-en-bonne-sante-avec-un-biberon-de-lait\/\" \/>\n<meta property=\"og:site_name\" content=\"Astrea Aptheke\" \/>\n<meta property=\"article:published_time\" content=\"2024-09-09T15:00:48+00:00\" \/>\n<meta property=\"article:modified_time\" content=\"2025-09-01T06:08:28+00:00\" \/>\n<meta property=\"og:image\" content=\"https:\/\/astrea-apotheke.ch\/wp-content\/uploads\/2024\/09\/Babynahrung_AdobeStock_193982300.jpg\" \/>\n\t<meta property=\"og:image:width\" content=\"1920\" \/>\n\t<meta property=\"og:image:height\" content=\"1080\" \/>\n\t<meta property=\"og:image:type\" content=\"image\/jpeg\" \/>\n<meta name=\"author\" content=\"Silvia St\u00e4hli-Sch\u00f6nthaler\" \/>\n<meta name=\"twitter:card\" content=\"summary_large_image\" \/>\n<meta name=\"twitter:label1\" content=\"\u00c9crit par\" \/>\n\t<meta name=\"twitter:data1\" content=\"Silvia St\u00e4hli-Sch\u00f6nthaler\" \/>\n\t<meta name=\"twitter:label2\" content=\"Dur\u00e9e de lecture estim\u00e9e\" \/>\n\t<meta name=\"twitter:data2\" content=\"5 minutes\" \/>\n<script type=\"application\/ld+json\" class=\"yoast-schema-graph\">{\"@context\":\"https:\/\/schema.org\",\"@graph\":[{\"@type\":\"Article\",\"@id\":\"https:\/\/astrea-apotheke.ch\/fr\/les-bebes-sont-aussi-en-bonne-sante-avec-un-biberon-de-lait\/#article\",\"isPartOf\":{\"@id\":\"https:\/\/astrea-apotheke.ch\/fr\/les-bebes-sont-aussi-en-bonne-sante-avec-un-biberon-de-lait\/\"},\"author\":{\"name\":\"Silvia St\u00e4hli-Sch\u00f6nthaler\",\"@id\":\"https:\/\/astrea-apotheke.ch\/fr\/#\/schema\/person\/9cfc5a4d91f7c5e20cde982cba93f33c\"},\"headline\":\"Les b\u00e9b\u00e9s sont aussi en bonne sant\u00e9 avec un biberon de lait\",\"datePublished\":\"2024-09-09T15:00:48+00:00\",\"dateModified\":\"2025-09-01T06:08:28+00:00\",\"mainEntityOfPage\":{\"@id\":\"https:\/\/astrea-apotheke.ch\/fr\/les-bebes-sont-aussi-en-bonne-sante-avec-un-biberon-de-lait\/\"},\"wordCount\":1185,\"publisher\":{\"@id\":\"https:\/\/astrea-apotheke.ch\/fr\/#organization\"},\"image\":{\"@id\":\"https:\/\/astrea-apotheke.ch\/fr\/les-bebes-sont-aussi-en-bonne-sante-avec-un-biberon-de-lait\/#primaryimage\"},\"thumbnailUrl\":\"https:\/\/astrea-apotheke.ch\/wp-content\/uploads\/2024\/09\/Babynahrung_AdobeStock_193982300.jpg\",\"articleSection\":[\"Alimentation\",\"B\u00e9b\u00e9s\"],\"inLanguage\":\"fr-FR\"},{\"@type\":\"WebPage\",\"@id\":\"https:\/\/astrea-apotheke.ch\/fr\/les-bebes-sont-aussi-en-bonne-sante-avec-un-biberon-de-lait\/\",\"url\":\"https:\/\/astrea-apotheke.ch\/fr\/les-bebes-sont-aussi-en-bonne-sante-avec-un-biberon-de-lait\/\",\"name\":\"Les b\u00e9b\u00e9s sont aussi en bonne sant\u00e9 avec un biberon de lait - Astrea Aptheke\",\"isPartOf\":{\"@id\":\"https:\/\/astrea-apotheke.ch\/fr\/#website\"},\"primaryImageOfPage\":{\"@id\":\"https:\/\/astrea-apotheke.ch\/fr\/les-bebes-sont-aussi-en-bonne-sante-avec-un-biberon-de-lait\/#primaryimage\"},\"image\":{\"@id\":\"https:\/\/astrea-apotheke.ch\/fr\/les-bebes-sont-aussi-en-bonne-sante-avec-un-biberon-de-lait\/#primaryimage\"},\"thumbnailUrl\":\"https:\/\/astrea-apotheke.ch\/wp-content\/uploads\/2024\/09\/Babynahrung_AdobeStock_193982300.jpg\",\"datePublished\":\"2024-09-09T15:00:48+00:00\",\"dateModified\":\"2025-09-01T06:08:28+00:00\",\"description\":\"D\u00e9couvrez comment les b\u00e9b\u00e9s peuvent s'\u00e9panouir de mani\u00e8re optimale, m\u00eame avec du lait au biberon. Des conseils pour une alimentation correcte et un d\u00e9veloppement sain de votre enfant.\",\"breadcrumb\":{\"@id\":\"https:\/\/astrea-apotheke.ch\/fr\/les-bebes-sont-aussi-en-bonne-sante-avec-un-biberon-de-lait\/#breadcrumb\"},\"inLanguage\":\"fr-FR\",\"potentialAction\":[{\"@type\":\"ReadAction\",\"target\":[\"https:\/\/astrea-apotheke.ch\/fr\/les-bebes-sont-aussi-en-bonne-sante-avec-un-biberon-de-lait\/\"]}]},{\"@type\":\"ImageObject\",\"inLanguage\":\"fr-FR\",\"@id\":\"https:\/\/astrea-apotheke.ch\/fr\/les-bebes-sont-aussi-en-bonne-sante-avec-un-biberon-de-lait\/#primaryimage\",\"url\":\"https:\/\/astrea-apotheke.ch\/wp-content\/uploads\/2024\/09\/Babynahrung_AdobeStock_193982300.jpg\",\"contentUrl\":\"https:\/\/astrea-apotheke.ch\/wp-content\/uploads\/2024\/09\/Babynahrung_AdobeStock_193982300.jpg\",\"width\":1920,\"height\":1080,\"caption\":\"\u00a9 morrowlight | stock.adobe.com\"},{\"@type\":\"BreadcrumbList\",\"@id\":\"https:\/\/astrea-apotheke.ch\/fr\/les-bebes-sont-aussi-en-bonne-sante-avec-un-biberon-de-lait\/#breadcrumb\",\"itemListElement\":[{\"@type\":\"ListItem\",\"position\":1,\"name\":\"Startseite\",\"item\":\"https:\/\/astrea-apotheke.ch\/fr\/\"},{\"@type\":\"ListItem\",\"position\":2,\"name\":\"Les b\u00e9b\u00e9s sont aussi en bonne sant\u00e9 avec un biberon de lait\"}]},{\"@type\":\"WebSite\",\"@id\":\"https:\/\/astrea-apotheke.ch\/fr\/#website\",\"url\":\"https:\/\/astrea-apotheke.ch\/fr\/\",\"name\":\"astrea Bulletin\",\"description\":\"Gesundheitsmagazin\",\"publisher\":{\"@id\":\"https:\/\/astrea-apotheke.ch\/fr\/#organization\"},\"potentialAction\":[{\"@type\":\"SearchAction\",\"target\":{\"@type\":\"EntryPoint\",\"urlTemplate\":\"https:\/\/astrea-apotheke.ch\/fr\/?s={search_term_string}\"},\"query-input\":{\"@type\":\"PropertyValueSpecification\",\"valueRequired\":true,\"valueName\":\"search_term_string\"}}],\"inLanguage\":\"fr-FR\"},{\"@type\":\"Organization\",\"@id\":\"https:\/\/astrea-apotheke.ch\/fr\/#organization\",\"name\":\"astrea Bulletin\",\"url\":\"https:\/\/astrea-apotheke.ch\/fr\/\",\"logo\":{\"@type\":\"ImageObject\",\"inLanguage\":\"fr-FR\",\"@id\":\"https:\/\/astrea-apotheke.ch\/fr\/#\/schema\/logo\/image\/\",\"url\":\"http:\/\/apotheke.astrea-bulletin.ch\/wp-content\/uploads\/2024\/08\/Logo_Astrea-Bulletin_RGB.jpg\",\"contentUrl\":\"http:\/\/apotheke.astrea-bulletin.ch\/wp-content\/uploads\/2024\/08\/Logo_Astrea-Bulletin_RGB.jpg\",\"width\":1429,\"height\":560,\"caption\":\"astrea Bulletin\"},\"image\":{\"@id\":\"https:\/\/astrea-apotheke.ch\/fr\/#\/schema\/logo\/image\/\"}},{\"@type\":\"Person\",\"@id\":\"https:\/\/astrea-apotheke.ch\/fr\/#\/schema\/person\/9cfc5a4d91f7c5e20cde982cba93f33c\",\"name\":\"Silvia St\u00e4hli-Sch\u00f6nthaler\",\"image\":{\"@type\":\"ImageObject\",\"inLanguage\":\"fr-FR\",\"@id\":\"https:\/\/astrea-apotheke.ch\/fr\/#\/schema\/person\/image\/\",\"url\":\"https:\/\/secure.gravatar.com\/avatar\/91711b959ad47a51de3000dd7203f97076dc59101af8b219517a29c2b0864869?s=96&d=mm&r=g\",\"contentUrl\":\"https:\/\/secure.gravatar.com\/avatar\/91711b959ad47a51de3000dd7203f97076dc59101af8b219517a29c2b0864869?s=96&d=mm&r=g\",\"caption\":\"Silvia St\u00e4hli-Sch\u00f6nthaler\"},\"url\":\"https:\/\/astrea-apotheke.ch\/fr\/author\/silvia-staehli-schoenthaler\/\"}]}<\/script>\n<!-- \/ Yoast SEO plugin. -->","yoast_head_json":{"title":"Les b\u00e9b\u00e9s sont aussi en bonne sant\u00e9 avec un biberon de lait - Astrea Aptheke","description":"D\u00e9couvrez comment les b\u00e9b\u00e9s peuvent s'\u00e9panouir de mani\u00e8re optimale, m\u00eame avec du lait au biberon. Des conseils pour une alimentation correcte et un d\u00e9veloppement sain de votre enfant.","robots":{"index":"index","follow":"follow","max-snippet":"max-snippet:-1","max-image-preview":"max-image-preview:large","max-video-preview":"max-video-preview:-1"},"canonical":"https:\/\/astrea-apotheke.ch\/fr\/les-bebes-sont-aussi-en-bonne-sante-avec-un-biberon-de-lait\/","og_locale":"fr_FR","og_type":"article","og_title":"Les b\u00e9b\u00e9s sont aussi en bonne sant\u00e9 avec un biberon de lait - Astrea Aptheke","og_description":"D\u00e9couvrez comment les b\u00e9b\u00e9s peuvent s'\u00e9panouir de mani\u00e8re optimale, m\u00eame avec du lait au biberon. Des conseils pour une alimentation correcte et un d\u00e9veloppement sain de votre enfant.","og_url":"https:\/\/astrea-apotheke.ch\/fr\/les-bebes-sont-aussi-en-bonne-sante-avec-un-biberon-de-lait\/","og_site_name":"Astrea Aptheke","article_published_time":"2024-09-09T15:00:48+00:00","article_modified_time":"2025-09-01T06:08:28+00:00","og_image":[{"width":1920,"height":1080,"url":"https:\/\/astrea-apotheke.ch\/wp-content\/uploads\/2024\/09\/Babynahrung_AdobeStock_193982300.jpg","type":"image\/jpeg"}],"author":"Silvia St\u00e4hli-Sch\u00f6nthaler","twitter_card":"summary_large_image","twitter_misc":{"\u00c9crit par":"Silvia St\u00e4hli-Sch\u00f6nthaler","Dur\u00e9e de lecture estim\u00e9e":"5 minutes"},"schema":{"@context":"https:\/\/schema.org","@graph":[{"@type":"Article","@id":"https:\/\/astrea-apotheke.ch\/fr\/les-bebes-sont-aussi-en-bonne-sante-avec-un-biberon-de-lait\/#article","isPartOf":{"@id":"https:\/\/astrea-apotheke.ch\/fr\/les-bebes-sont-aussi-en-bonne-sante-avec-un-biberon-de-lait\/"},"author":{"name":"Silvia St\u00e4hli-Sch\u00f6nthaler","@id":"https:\/\/astrea-apotheke.ch\/fr\/#\/schema\/person\/9cfc5a4d91f7c5e20cde982cba93f33c"},"headline":"Les b\u00e9b\u00e9s sont aussi en bonne sant\u00e9 avec un biberon de lait","datePublished":"2024-09-09T15:00:48+00:00","dateModified":"2025-09-01T06:08:28+00:00","mainEntityOfPage":{"@id":"https:\/\/astrea-apotheke.ch\/fr\/les-bebes-sont-aussi-en-bonne-sante-avec-un-biberon-de-lait\/"},"wordCount":1185,"publisher":{"@id":"https:\/\/astrea-apotheke.ch\/fr\/#organization"},"image":{"@id":"https:\/\/astrea-apotheke.ch\/fr\/les-bebes-sont-aussi-en-bonne-sante-avec-un-biberon-de-lait\/#primaryimage"},"thumbnailUrl":"https:\/\/astrea-apotheke.ch\/wp-content\/uploads\/2024\/09\/Babynahrung_AdobeStock_193982300.jpg","articleSection":["Alimentation","B\u00e9b\u00e9s"],"inLanguage":"fr-FR"},{"@type":"WebPage","@id":"https:\/\/astrea-apotheke.ch\/fr\/les-bebes-sont-aussi-en-bonne-sante-avec-un-biberon-de-lait\/","url":"https:\/\/astrea-apotheke.ch\/fr\/les-bebes-sont-aussi-en-bonne-sante-avec-un-biberon-de-lait\/","name":"Les b\u00e9b\u00e9s sont aussi en bonne sant\u00e9 avec un biberon de lait - Astrea Aptheke","isPartOf":{"@id":"https:\/\/astrea-apotheke.ch\/fr\/#website"},"primaryImageOfPage":{"@id":"https:\/\/astrea-apotheke.ch\/fr\/les-bebes-sont-aussi-en-bonne-sante-avec-un-biberon-de-lait\/#primaryimage"},"image":{"@id":"https:\/\/astrea-apotheke.ch\/fr\/les-bebes-sont-aussi-en-bonne-sante-avec-un-biberon-de-lait\/#primaryimage"},"thumbnailUrl":"https:\/\/astrea-apotheke.ch\/wp-content\/uploads\/2024\/09\/Babynahrung_AdobeStock_193982300.jpg","datePublished":"2024-09-09T15:00:48+00:00","dateModified":"2025-09-01T06:08:28+00:00","description":"D\u00e9couvrez comment les b\u00e9b\u00e9s peuvent s'\u00e9panouir de mani\u00e8re optimale, m\u00eame avec du lait au biberon. Des conseils pour une alimentation correcte et un d\u00e9veloppement sain de votre enfant.","breadcrumb":{"@id":"https:\/\/astrea-apotheke.ch\/fr\/les-bebes-sont-aussi-en-bonne-sante-avec-un-biberon-de-lait\/#breadcrumb"},"inLanguage":"fr-FR","potentialAction":[{"@type":"ReadAction","target":["https:\/\/astrea-apotheke.ch\/fr\/les-bebes-sont-aussi-en-bonne-sante-avec-un-biberon-de-lait\/"]}]},{"@type":"ImageObject","inLanguage":"fr-FR","@id":"https:\/\/astrea-apotheke.ch\/fr\/les-bebes-sont-aussi-en-bonne-sante-avec-un-biberon-de-lait\/#primaryimage","url":"https:\/\/astrea-apotheke.ch\/wp-content\/uploads\/2024\/09\/Babynahrung_AdobeStock_193982300.jpg","contentUrl":"https:\/\/astrea-apotheke.ch\/wp-content\/uploads\/2024\/09\/Babynahrung_AdobeStock_193982300.jpg","width":1920,"height":1080,"caption":"\u00a9 morrowlight | stock.adobe.com"},{"@type":"BreadcrumbList","@id":"https:\/\/astrea-apotheke.ch\/fr\/les-bebes-sont-aussi-en-bonne-sante-avec-un-biberon-de-lait\/#breadcrumb","itemListElement":[{"@type":"ListItem","position":1,"name":"Startseite","item":"https:\/\/astrea-apotheke.ch\/fr\/"},{"@type":"ListItem","position":2,"name":"Les b\u00e9b\u00e9s sont aussi en bonne sant\u00e9 avec un biberon de lait"}]},{"@type":"WebSite","@id":"https:\/\/astrea-apotheke.ch\/fr\/#website","url":"https:\/\/astrea-apotheke.ch\/fr\/","name":"astrea Bulletin","description":"Gesundheitsmagazin","publisher":{"@id":"https:\/\/astrea-apotheke.ch\/fr\/#organization"},"potentialAction":[{"@type":"SearchAction","target":{"@type":"EntryPoint","urlTemplate":"https:\/\/astrea-apotheke.ch\/fr\/?s={search_term_string}"},"query-input":{"@type":"PropertyValueSpecification","valueRequired":true,"valueName":"search_term_string"}}],"inLanguage":"fr-FR"},{"@type":"Organization","@id":"https:\/\/astrea-apotheke.ch\/fr\/#organization","name":"astrea Bulletin","url":"https:\/\/astrea-apotheke.ch\/fr\/","logo":{"@type":"ImageObject","inLanguage":"fr-FR","@id":"https:\/\/astrea-apotheke.ch\/fr\/#\/schema\/logo\/image\/","url":"http:\/\/apotheke.astrea-bulletin.ch\/wp-content\/uploads\/2024\/08\/Logo_Astrea-Bulletin_RGB.jpg","contentUrl":"http:\/\/apotheke.astrea-bulletin.ch\/wp-content\/uploads\/2024\/08\/Logo_Astrea-Bulletin_RGB.jpg","width":1429,"height":560,"caption":"astrea Bulletin"},"image":{"@id":"https:\/\/astrea-apotheke.ch\/fr\/#\/schema\/logo\/image\/"}},{"@type":"Person","@id":"https:\/\/astrea-apotheke.ch\/fr\/#\/schema\/person\/9cfc5a4d91f7c5e20cde982cba93f33c","name":"Silvia St\u00e4hli-Sch\u00f6nthaler","image":{"@type":"ImageObject","inLanguage":"fr-FR","@id":"https:\/\/astrea-apotheke.ch\/fr\/#\/schema\/person\/image\/","url":"https:\/\/secure.gravatar.com\/avatar\/91711b959ad47a51de3000dd7203f97076dc59101af8b219517a29c2b0864869?s=96&d=mm&r=g","contentUrl":"https:\/\/secure.gravatar.com\/avatar\/91711b959ad47a51de3000dd7203f97076dc59101af8b219517a29c2b0864869?s=96&d=mm&r=g","caption":"Silvia St\u00e4hli-Sch\u00f6nthaler"},"url":"https:\/\/astrea-apotheke.ch\/fr\/author\/silvia-staehli-schoenthaler\/"}]}},"_links":{"self":[{"href":"https:\/\/astrea-apotheke.ch\/fr\/wp-json\/wp\/v2\/posts\/28486","targetHints":{"allow":["GET"]}}],"collection":[{"href":"https:\/\/astrea-apotheke.ch\/fr\/wp-json\/wp\/v2\/posts"}],"about":[{"href":"https:\/\/astrea-apotheke.ch\/fr\/wp-json\/wp\/v2\/types\/post"}],"author":[{"embeddable":true,"href":"https:\/\/astrea-apotheke.ch\/fr\/wp-json\/wp\/v2\/users\/36"}],"replies":[{"embeddable":true,"href":"https:\/\/astrea-apotheke.ch\/fr\/wp-json\/wp\/v2\/comments?post=28486"}],"version-history":[{"count":5,"href":"https:\/\/astrea-apotheke.ch\/fr\/wp-json\/wp\/v2\/posts\/28486\/revisions"}],"predecessor-version":[{"id":33112,"href":"https:\/\/astrea-apotheke.ch\/fr\/wp-json\/wp\/v2\/posts\/28486\/revisions\/33112"}],"wp:featuredmedia":[{"embeddable":true,"href":"https:\/\/astrea-apotheke.ch\/fr\/wp-json\/wp\/v2\/media\/30504"}],"wp:attachment":[{"href":"https:\/\/astrea-apotheke.ch\/fr\/wp-json\/wp\/v2\/media?parent=28486"}],"wp:term":[{"taxonomy":"category","embeddable":true,"href":"https:\/\/astrea-apotheke.ch\/fr\/wp-json\/wp\/v2\/categories?post=28486"},{"taxonomy":"post_tag","embeddable":true,"href":"https:\/\/astrea-apotheke.ch\/fr\/wp-json\/wp\/v2\/tags?post=28486"}],"curies":[{"name":"wp","href":"https:\/\/api.w.org\/{rel}","templated":true}]}}