{"id":28667,"date":"2024-10-07T08:07:00","date_gmt":"2024-10-07T06:07:00","guid":{"rendered":"https:\/\/astrea-apotheke.ch\/?p=28667"},"modified":"2024-12-28T22:01:15","modified_gmt":"2024-12-28T20:01:15","slug":"depister-et-traiter-le-cancer-du-sein","status":"publish","type":"post","link":"https:\/\/astrea-apotheke.ch\/fr\/depister-et-traiter-le-cancer-du-sein\/","title":{"rendered":"D\u00e9pister et traiter le cancer du sein"},"content":{"rendered":"<h1 style=\"font-size:51px;font-style:normal;font-weight:400; margin-bottom:var(--wp--preset--spacing--50);\" class=\"wp-block-post-title has-roboto-slab-font-family\">D\u00e9pister et traiter le cancer du sein<\/h1>\r\n\r\n\r\n<p class=\"has-primary-color has-text-color has-roboto-font-family\" style=\"margin-bottom: var(--wp--preset--spacing--20); font-size: 23px; line-height: 1.5;\">En Suisse, 6500 femmes et 50 hommes d\u00e9veloppent un cancer du sein chaque ann\u00e9e. \u00c0 partir de 50 ans, le risque de maladie augmente.<\/p>\r\n\r\n\r\n<div style=\"font-size:14px;text-transform:uppercase; margin-bottom:var(--wp--preset--spacing--60);\" class=\"wp-block-post-author\"><div class=\"wp-block-post-author__avatar\"><img alt='' src='https:\/\/secure.gravatar.com\/avatar\/9e74fb71b032d055c74ad13f10b8b58cb0164d6d3de9ab5cca31fceb99a633ea?s=48&#038;d=mm&#038;r=g' srcset='https:\/\/secure.gravatar.com\/avatar\/9e74fb71b032d055c74ad13f10b8b58cb0164d6d3de9ab5cca31fceb99a633ea?s=96&#038;d=mm&#038;r=g 2x' class='avatar avatar-48 photo' height='48' width='48' \/><\/div><div class=\"wp-block-post-author__content\"><p class=\"wp-block-post-author__byline\"><strong>Text:<\/strong><\/p><p class=\"wp-block-post-author__name\"><a href=\"https:\/\/astrea-apotheke.ch\/fr\/author\/susanna-steimer-miller\/\" target=\"_blank\">Susanna Steimer Miller<\/a><\/p><p class=\"wp-block-post-author__bio\"><\/p><\/div><\/div>\r\n\r\n\r\n<div class=\"wp-block-group is-content-justification-left\" style=\"margin-top: var(--wp--preset--spacing--50); margin-bottom: var(--wp--preset--spacing--70);\"><div class=\"wp-block-group__inner-container is-layout-constrained wp-container-core-group-is-layout-b81d822d wp-block-group-is-layout-constrained\"><figure style=\"width:800px;\" class=\"wp-block-post-featured-image\"><img decoding=\"async\" width=\"1920\" height=\"1080\" src=\"https:\/\/astrea-apotheke.ch\/wp-content\/uploads\/2024\/10\/Brustkrebs_AdobeStock_287674972-Kopie.jpg\" class=\"attachment-post-thumbnail size-post-thumbnail lazyload wp-post-image\" alt=\"\" style=\"object-fit:cover;\" srcset=\"data:image\/svg+xml,%3Csvg%20xmlns%3D%27http%3A%2F%2Fwww.w3.org%2F2000%2Fsvg%27%20width%3D%271920%27%20height%3D%271080%27%20viewBox%3D%270%200%201920%201080%27%3E%3Crect%20width%3D%271920%27%20height%3D%271080%27%20fill-opacity%3D%220%22%2F%3E%3C%2Fsvg%3E\" data-orig-src=\"https:\/\/astrea-apotheke.ch\/wp-content\/uploads\/2024\/10\/Brustkrebs_AdobeStock_287674972-Kopie.jpg\" data-srcset=\"https:\/\/astrea-apotheke.ch\/wp-content\/uploads\/2024\/10\/Brustkrebs_AdobeStock_287674972-Kopie-200x113.jpg 200w, https:\/\/astrea-apotheke.ch\/wp-content\/uploads\/2024\/10\/Brustkrebs_AdobeStock_287674972-Kopie-300x169.jpg 300w, https:\/\/astrea-apotheke.ch\/wp-content\/uploads\/2024\/10\/Brustkrebs_AdobeStock_287674972-Kopie-400x225.jpg 400w, https:\/\/astrea-apotheke.ch\/wp-content\/uploads\/2024\/10\/Brustkrebs_AdobeStock_287674972-Kopie-600x338.jpg 600w, https:\/\/astrea-apotheke.ch\/wp-content\/uploads\/2024\/10\/Brustkrebs_AdobeStock_287674972-Kopie-768x432.jpg 768w, https:\/\/astrea-apotheke.ch\/wp-content\/uploads\/2024\/10\/Brustkrebs_AdobeStock_287674972-Kopie-800x450.jpg 800w, https:\/\/astrea-apotheke.ch\/wp-content\/uploads\/2024\/10\/Brustkrebs_AdobeStock_287674972-Kopie-1024x576.jpg 1024w, https:\/\/astrea-apotheke.ch\/wp-content\/uploads\/2024\/10\/Brustkrebs_AdobeStock_287674972-Kopie-1200x675.jpg 1200w, https:\/\/astrea-apotheke.ch\/wp-content\/uploads\/2024\/10\/Brustkrebs_AdobeStock_287674972-Kopie-1536x864.jpg 1536w, https:\/\/astrea-apotheke.ch\/wp-content\/uploads\/2024\/10\/Brustkrebs_AdobeStock_287674972-Kopie.jpg 1920w\" data-sizes=\"auto\" \/><\/figure><\/div><\/div>\r\n\r\n\r\n\r\n<p>Le cancer du sein suscite des craintes chez toutes les femmes. Les chances de gu\u00e9rison sont meilleures lorsqu\u2019il est d\u00e9tect\u00e9 t\u00f4t. Anna Zahno, responsable du service d\u2019information et de conseil de la Ligue suisse contre le cancer, recommande donc aux femmes de participer aux programmes de d\u00e9pistage et de surveiller tout changement au niveau des seins.<\/p>\r\n\r\n\r\n\r\n<h2 class=\"wp-block-heading\">Signes de cancer du sein<\/h2>\r\n\r\n\r\n\r\n<p>La plupart des femmes s\u2019alarment lorsqu\u2019elles sentent une grosseur dans le sein ou l\u2019aisselle. Cependant, le cancer du sein peut aussi entra\u00eener une hypertrophie ou une modification de la forme ou de couleur de la peau (rougeur) du sein. Une alt\u00e9ration de la peau \u2013 capitons, peau d\u2019orange, rougeur\u2026 &#8211; de la peau, une r\u00e9traction ou une inflammation du mamelon, ainsi que l\u2019\u00e9coulement de liquide chez les femmes qui ne sont ni enceintes ni allaitantes, peuvent \u00e9galement \u00eatre des signes de cancer du sein.<br \/>Anna Zahno conseille aux femmes de faire examiner tout changement: \u00abParfois, ce n\u2019est rien de grave.\u00bb N\u00e9anmoins, le cancer du sein n\u2019entra\u00eene pas toujours une modification mammaire ou une masse palpable. Il est donc important que les femmes de plus de 50 ans, m\u00eame sans sympt\u00f4me, passent r\u00e9guli\u00e8rement une mammographie.<\/p>\r\n\r\n\r\n\r\n<h2 class=\"wp-block-heading\">Facteurs de risque du cancer du sein<\/h2>\r\n\r\n\r\n\r\n<p>Le risque de cancer du sein peut \u00eatre accru pour des raisons g\u00e9n\u00e9tiques. Cela s\u2019applique aux mutations g\u00e9n\u00e9tiques BRCA1 et BRCA2. Cinq \u00e0 dix pour cent des femmes atteintes d\u2019un cancer du sein sont concern\u00e9es par ces mutations ou d\u2019autres mutations connues.<br \/>Mais celui-ci peut \u00e9galement survenir dans des familles sans mutation g\u00e9n\u00e9tique. Si votre m\u00e8re, votre s\u0153ur ou votre fille tombe malade, votre risque personnel augmente. Toutefois, le cancer du sein touche souvent des femmes sans ant\u00e9c\u00e9dents g\u00e9n\u00e9tiques ni familiaux, et qui m\u00e8nent une vie saine.<br \/>Le mode de vie joue un r\u00f4le dans tous les cancers. Une alimentation \u00e9quilibr\u00e9e, de l\u2019exercice physique, le maintien d\u2019un poids corporel normal et l\u2019abstention de tabac et d\u2019alcool r\u00e9duisent le risque.<\/p>\r\n\r\n\r\n\r\n<h2 class=\"wp-block-heading\">Diagnostic du cancer du sein<\/h2>\r\n\r\n\r\n\r\n<p>En cas de suspicion, une mammographie et souvent une \u00e9chographie sont r\u00e9alis\u00e9es. \u00abSi le tissu mammaire est tr\u00e8s dense, une IRM peut remplacer la mammographie\u00bb, explique Anna Zahno. Si les soup\u00e7ons se confirment, une biopsie \u2013 pr\u00e9l\u00e8vement d\u2019un tissu- est r\u00e9alis\u00e9e pour rechercher des cellules canc\u00e9reuses. Selon la situation, on d\u00e9termine si la tumeur a d\u00e9j\u00e0 form\u00e9 des ramifications (m\u00e9tastases), par exemple dans le foie, les poumons ou les os.<\/p>\r\n\r\n\r\n\r\n<h2 class=\"wp-block-heading\">Traitement du cancer du sein<\/h2>\r\n\r\n\r\n\r\n<p>Le traitement d\u00e9pend du stade de la maladie et se fait de mani\u00e8re individuelle et personnalis\u00e9e. Anna Zahno pr\u00e9cise \u00e0 ce sujet: \u00abSi la tumeur peut \u00eatre enlev\u00e9e avec une marge de s\u00e9curit\u00e9, on op\u00e8re souvent en conservant le sein, puis on recours \u00e0 une radioth\u00e9rapie.\u00bb Si la tumeur est agressive ou \u00e0 un stade avanc\u00e9, une chimioth\u00e9rapie est souvent n\u00e9cessaire avant ou apr\u00e8s la chirurgie.<br \/>En cas de cellules canc\u00e9reuses hormonod\u00e9pendantes, un traitement antihormonal est recommand\u00e9 pendant cinq \u00e0 dix ans. Pour le cancer du sein avec m\u00e9tastases, on envisage, selon les cas, une immunoth\u00e9rapie ou une th\u00e9rapie cibl\u00e9e. Souvent, les traitements sont administr\u00e9s simultan\u00e9ment ou successivement. La Ligue contre le cancer recommande de se faire traiter dans un centre du sein certifi\u00e9.<\/p>\r\n\r\n\r\n\r\n<h2 class=\"wp-block-heading\">Utile pendant le traitement<\/h2>\r\n\r\n\r\n\r\n<p>Pour de nombreuses femmes, l\u2019exercice physique, comme le yoga ou la marche, est b\u00e9n\u00e9fique pendant la th\u00e9rapie. Cela permet de r\u00e9duire la fatigue et le risque de r\u00e9cidive tumorale. Pour certaines femmes, il est utile que leur routine quotidienne ne change pas pendant le traitement. D\u2019autres ont besoin de plus de temps pour elles.<\/p>\r\n\r\n\r\n\r\n<h2 class=\"wp-block-heading\">Mastectomie et reconstruction mammaire<\/h2>\r\n\r\n\r\n\r\n<p>Aujourd\u2019hui, trois patientes sur quatre subissent une chirurgie conservatrice du sein, suivie d\u2019une radioth\u00e9rapie. Selon Anna Zahno, la radioth\u00e9rapie est n\u00e9cessaire pour tuer les \u00e9ventuelles cellules tumorales encore pr\u00e9sentes. Une mastectomie est souvent n\u00e9cessaire lorsque plusieurs nodules sont r\u00e9partis sur le sein, ou en pr\u00e9sence d\u2019une tr\u00e8s grosse tumeur, d\u2019un cancer du sein inflammatoire ou tr\u00e8s agressif, ou lorsque la tumeur a d\u00e9j\u00e0 envahi la peau ou la cage thoracique.<br \/>Apr\u00e8s une mastectomie, certaines femmes renoncent \u00e0 une reconstruction mammaire et utilisent des proth\u00e8ses en silicone dans leur soutien-gorge. Si une reconstruction est souhait\u00e9e, un implant en silicone peut \u00eatre ins\u00e9r\u00e9 imm\u00e9diatement apr\u00e8s la mastectomie. Selon la constitution de la femme, le sein peut \u00e9galement \u00eatre reconstruit avec ses propres tissus, provenant par exemple du ventre. Cette option n\u00e9cessite g\u00e9n\u00e9ralement plusieurs interventions et n\u2019est souvent pas r\u00e9alis\u00e9e imm\u00e9diatement apr\u00e8s la mastectomie.<\/p>\r\n\r\n\r\n\r\n<h2 class=\"wp-block-heading\">Chances de survie au cancer du sein<\/h2>\r\n\r\n\r\n\r\n<p>Aujourd\u2019hui, 88% des femmes sont en vie cinq ans apr\u00e8s la maladie. De plus en plus de femmes peuvent \u00eatre gu\u00e9ries. Le d\u00e9pistage pr\u00e9coce augmente les chances de gu\u00e9rison. Anna Zahno fait cependant remarquer que des femmes meurent encore du cancer du sein, surtout s\u2019il s\u2019agit de tumeurs agressives.<\/p>\r\n\r\n\r\n\r\n<h2 class=\"wp-block-heading\">Aide en cas de cancer du sein<\/h2>\r\n\r\n\r\n\r\n<p>Cette maladie entra\u00eene une modification de l\u2019image corporelle. De nombreuses femmes ont du mal \u00e0 accepter la perte de leurs cheveux et la modification ou l\u2019absence de leurs seins. Anna Zahno explique: \u00abLe cancer du sein touche la f\u00e9minit\u00e9 et peut affecter la relation de couple.\u00bb Pour beaucoup de femmes, il est bon de pouvoir \u00e9changer avec un sp\u00e9cialiste de la Ligue InfoCancer, m\u00eame si celui-ci ne peut pas donner de recommandations th\u00e9rapeutiques. La Ligue InfoCancer de la Ligue suisse contre le cancer informe et conseille les personnes concern\u00e9es, leurs proches et toutes les personnes int\u00e9ress\u00e9es sur toute question relative au cancer. Ce service est gratuit pour les appelants.<\/p>\r\n\r\n\r\n","protected":false},"excerpt":{"rendered":"<p>En Suisse, 6500 femmes et 50 hommes d\u00e9veloppent un cancer  [&#8230;]<\/p>\n","protected":false},"author":12,"featured_media":28603,"comment_status":"closed","ping_status":"closed","sticky":false,"template":"","format":"standard","meta":{"_acf_changed":false,"footnotes":""},"categories":[779,775],"tags":[],"class_list":["post-28667","post","type-post","status-publish","format-standard","has-post-thumbnail","hentry","category-femmes","category-sante-des-organes"],"acf":[],"yoast_head":"<!-- This site is optimized with the Yoast SEO plugin v27.0 - https:\/\/yoast.com\/product\/yoast-seo-wordpress\/ -->\n<title>D\u00e9pister et traiter le cancer du sein - Astrea Aptheke<\/title>\n<meta name=\"description\" content=\"D\u00e9couvrez tout ce qu&#039;il faut savoir sur le cancer du sein : des facteurs de risque et des sympt\u00f4mes au diagnostic, au traitement et au soutien.\" \/>\n<meta name=\"robots\" content=\"index, follow, max-snippet:-1, max-image-preview:large, max-video-preview:-1\" \/>\n<link rel=\"canonical\" href=\"https:\/\/astrea-apotheke.ch\/fr\/depister-et-traiter-le-cancer-du-sein\/\" \/>\n<meta property=\"og:locale\" content=\"fr_FR\" \/>\n<meta property=\"og:type\" content=\"article\" \/>\n<meta property=\"og:title\" content=\"D\u00e9pister et traiter le cancer du sein - Astrea Aptheke\" \/>\n<meta property=\"og:description\" content=\"D\u00e9couvrez tout ce qu&#039;il faut savoir sur le cancer du sein : des facteurs de risque et des sympt\u00f4mes au diagnostic, au traitement et au soutien.\" \/>\n<meta property=\"og:url\" content=\"https:\/\/astrea-apotheke.ch\/fr\/depister-et-traiter-le-cancer-du-sein\/\" \/>\n<meta property=\"og:site_name\" content=\"Astrea Aptheke\" \/>\n<meta property=\"article:published_time\" content=\"2024-10-07T06:07:00+00:00\" \/>\n<meta property=\"article:modified_time\" content=\"2024-12-28T20:01:15+00:00\" \/>\n<meta property=\"og:image\" content=\"https:\/\/astrea-apotheke.ch\/wp-content\/uploads\/2024\/10\/Brustkrebs_AdobeStock_287674972-Kopie.jpg\" \/>\n\t<meta property=\"og:image:width\" content=\"1920\" \/>\n\t<meta property=\"og:image:height\" content=\"1080\" \/>\n\t<meta property=\"og:image:type\" content=\"image\/jpeg\" \/>\n<meta name=\"author\" content=\"Susanna Steimer Miller\" \/>\n<meta name=\"twitter:card\" content=\"summary_large_image\" \/>\n<meta name=\"twitter:label1\" content=\"\u00c9crit par\" \/>\n\t<meta name=\"twitter:data1\" content=\"Susanna Steimer Miller\" \/>\n\t<meta name=\"twitter:label2\" content=\"Dur\u00e9e de lecture estim\u00e9e\" \/>\n\t<meta name=\"twitter:data2\" content=\"6 minutes\" \/>\n<script type=\"application\/ld+json\" class=\"yoast-schema-graph\">{\"@context\":\"https:\/\/schema.org\",\"@graph\":[{\"@type\":\"Article\",\"@id\":\"https:\/\/astrea-apotheke.ch\/fr\/depister-et-traiter-le-cancer-du-sein\/#article\",\"isPartOf\":{\"@id\":\"https:\/\/astrea-apotheke.ch\/fr\/depister-et-traiter-le-cancer-du-sein\/\"},\"author\":{\"name\":\"Susanna Steimer Miller\",\"@id\":\"https:\/\/astrea-apotheke.ch\/fr\/#\/schema\/person\/62e77dc256ca3196cf05e3fe9ec73b47\"},\"headline\":\"D\u00e9pister et traiter le cancer du sein\",\"datePublished\":\"2024-10-07T06:07:00+00:00\",\"dateModified\":\"2024-12-28T20:01:15+00:00\",\"mainEntityOfPage\":{\"@id\":\"https:\/\/astrea-apotheke.ch\/fr\/depister-et-traiter-le-cancer-du-sein\/\"},\"wordCount\":1050,\"publisher\":{\"@id\":\"https:\/\/astrea-apotheke.ch\/fr\/#organization\"},\"image\":{\"@id\":\"https:\/\/astrea-apotheke.ch\/fr\/depister-et-traiter-le-cancer-du-sein\/#primaryimage\"},\"thumbnailUrl\":\"https:\/\/astrea-apotheke.ch\/wp-content\/uploads\/2024\/10\/Brustkrebs_AdobeStock_287674972-Kopie.jpg\",\"articleSection\":[\"Femmes\",\"Sant\u00e9 des organes\"],\"inLanguage\":\"fr-FR\"},{\"@type\":\"WebPage\",\"@id\":\"https:\/\/astrea-apotheke.ch\/fr\/depister-et-traiter-le-cancer-du-sein\/\",\"url\":\"https:\/\/astrea-apotheke.ch\/fr\/depister-et-traiter-le-cancer-du-sein\/\",\"name\":\"D\u00e9pister et traiter le cancer du sein - Astrea Aptheke\",\"isPartOf\":{\"@id\":\"https:\/\/astrea-apotheke.ch\/fr\/#website\"},\"primaryImageOfPage\":{\"@id\":\"https:\/\/astrea-apotheke.ch\/fr\/depister-et-traiter-le-cancer-du-sein\/#primaryimage\"},\"image\":{\"@id\":\"https:\/\/astrea-apotheke.ch\/fr\/depister-et-traiter-le-cancer-du-sein\/#primaryimage\"},\"thumbnailUrl\":\"https:\/\/astrea-apotheke.ch\/wp-content\/uploads\/2024\/10\/Brustkrebs_AdobeStock_287674972-Kopie.jpg\",\"datePublished\":\"2024-10-07T06:07:00+00:00\",\"dateModified\":\"2024-12-28T20:01:15+00:00\",\"description\":\"D\u00e9couvrez tout ce qu'il faut savoir sur le cancer du sein : des facteurs de risque et des sympt\u00f4mes au diagnostic, au traitement et au soutien.\",\"breadcrumb\":{\"@id\":\"https:\/\/astrea-apotheke.ch\/fr\/depister-et-traiter-le-cancer-du-sein\/#breadcrumb\"},\"inLanguage\":\"fr-FR\",\"potentialAction\":[{\"@type\":\"ReadAction\",\"target\":[\"https:\/\/astrea-apotheke.ch\/fr\/depister-et-traiter-le-cancer-du-sein\/\"]}]},{\"@type\":\"ImageObject\",\"inLanguage\":\"fr-FR\",\"@id\":\"https:\/\/astrea-apotheke.ch\/fr\/depister-et-traiter-le-cancer-du-sein\/#primaryimage\",\"url\":\"https:\/\/astrea-apotheke.ch\/wp-content\/uploads\/2024\/10\/Brustkrebs_AdobeStock_287674972-Kopie.jpg\",\"contentUrl\":\"https:\/\/astrea-apotheke.ch\/wp-content\/uploads\/2024\/10\/Brustkrebs_AdobeStock_287674972-Kopie.jpg\",\"width\":1920,\"height\":1080,\"caption\":\"\u00a9 Siam | stock.adobe.com\"},{\"@type\":\"BreadcrumbList\",\"@id\":\"https:\/\/astrea-apotheke.ch\/fr\/depister-et-traiter-le-cancer-du-sein\/#breadcrumb\",\"itemListElement\":[{\"@type\":\"ListItem\",\"position\":1,\"name\":\"Startseite\",\"item\":\"https:\/\/astrea-apotheke.ch\/fr\/\"},{\"@type\":\"ListItem\",\"position\":2,\"name\":\"D\u00e9pister et traiter le cancer du sein\"}]},{\"@type\":\"WebSite\",\"@id\":\"https:\/\/astrea-apotheke.ch\/fr\/#website\",\"url\":\"https:\/\/astrea-apotheke.ch\/fr\/\",\"name\":\"astrea Bulletin\",\"description\":\"Gesundheitsmagazin\",\"publisher\":{\"@id\":\"https:\/\/astrea-apotheke.ch\/fr\/#organization\"},\"potentialAction\":[{\"@type\":\"SearchAction\",\"target\":{\"@type\":\"EntryPoint\",\"urlTemplate\":\"https:\/\/astrea-apotheke.ch\/fr\/?s={search_term_string}\"},\"query-input\":{\"@type\":\"PropertyValueSpecification\",\"valueRequired\":true,\"valueName\":\"search_term_string\"}}],\"inLanguage\":\"fr-FR\"},{\"@type\":\"Organization\",\"@id\":\"https:\/\/astrea-apotheke.ch\/fr\/#organization\",\"name\":\"astrea Bulletin\",\"url\":\"https:\/\/astrea-apotheke.ch\/fr\/\",\"logo\":{\"@type\":\"ImageObject\",\"inLanguage\":\"fr-FR\",\"@id\":\"https:\/\/astrea-apotheke.ch\/fr\/#\/schema\/logo\/image\/\",\"url\":\"http:\/\/apotheke.astrea-bulletin.ch\/wp-content\/uploads\/2024\/08\/Logo_Astrea-Bulletin_RGB.jpg\",\"contentUrl\":\"http:\/\/apotheke.astrea-bulletin.ch\/wp-content\/uploads\/2024\/08\/Logo_Astrea-Bulletin_RGB.jpg\",\"width\":1429,\"height\":560,\"caption\":\"astrea Bulletin\"},\"image\":{\"@id\":\"https:\/\/astrea-apotheke.ch\/fr\/#\/schema\/logo\/image\/\"}},{\"@type\":\"Person\",\"@id\":\"https:\/\/astrea-apotheke.ch\/fr\/#\/schema\/person\/62e77dc256ca3196cf05e3fe9ec73b47\",\"name\":\"Susanna Steimer Miller\",\"image\":{\"@type\":\"ImageObject\",\"inLanguage\":\"fr-FR\",\"@id\":\"https:\/\/astrea-apotheke.ch\/fr\/#\/schema\/person\/image\/\",\"url\":\"https:\/\/secure.gravatar.com\/avatar\/9e74fb71b032d055c74ad13f10b8b58cb0164d6d3de9ab5cca31fceb99a633ea?s=96&d=mm&r=g\",\"contentUrl\":\"https:\/\/secure.gravatar.com\/avatar\/9e74fb71b032d055c74ad13f10b8b58cb0164d6d3de9ab5cca31fceb99a633ea?s=96&d=mm&r=g\",\"caption\":\"Susanna Steimer Miller\"},\"url\":\"https:\/\/astrea-apotheke.ch\/fr\/author\/susanna-steimer-miller\/\"}]}<\/script>\n<!-- \/ Yoast SEO plugin. -->","yoast_head_json":{"title":"D\u00e9pister et traiter le cancer du sein - Astrea Aptheke","description":"D\u00e9couvrez tout ce qu'il faut savoir sur le cancer du sein : des facteurs de risque et des sympt\u00f4mes au diagnostic, au traitement et au soutien.","robots":{"index":"index","follow":"follow","max-snippet":"max-snippet:-1","max-image-preview":"max-image-preview:large","max-video-preview":"max-video-preview:-1"},"canonical":"https:\/\/astrea-apotheke.ch\/fr\/depister-et-traiter-le-cancer-du-sein\/","og_locale":"fr_FR","og_type":"article","og_title":"D\u00e9pister et traiter le cancer du sein - Astrea Aptheke","og_description":"D\u00e9couvrez tout ce qu'il faut savoir sur le cancer du sein : des facteurs de risque et des sympt\u00f4mes au diagnostic, au traitement et au soutien.","og_url":"https:\/\/astrea-apotheke.ch\/fr\/depister-et-traiter-le-cancer-du-sein\/","og_site_name":"Astrea Aptheke","article_published_time":"2024-10-07T06:07:00+00:00","article_modified_time":"2024-12-28T20:01:15+00:00","og_image":[{"width":1920,"height":1080,"url":"https:\/\/astrea-apotheke.ch\/wp-content\/uploads\/2024\/10\/Brustkrebs_AdobeStock_287674972-Kopie.jpg","type":"image\/jpeg"}],"author":"Susanna Steimer Miller","twitter_card":"summary_large_image","twitter_misc":{"\u00c9crit par":"Susanna Steimer Miller","Dur\u00e9e de lecture estim\u00e9e":"6 minutes"},"schema":{"@context":"https:\/\/schema.org","@graph":[{"@type":"Article","@id":"https:\/\/astrea-apotheke.ch\/fr\/depister-et-traiter-le-cancer-du-sein\/#article","isPartOf":{"@id":"https:\/\/astrea-apotheke.ch\/fr\/depister-et-traiter-le-cancer-du-sein\/"},"author":{"name":"Susanna Steimer Miller","@id":"https:\/\/astrea-apotheke.ch\/fr\/#\/schema\/person\/62e77dc256ca3196cf05e3fe9ec73b47"},"headline":"D\u00e9pister et traiter le cancer du sein","datePublished":"2024-10-07T06:07:00+00:00","dateModified":"2024-12-28T20:01:15+00:00","mainEntityOfPage":{"@id":"https:\/\/astrea-apotheke.ch\/fr\/depister-et-traiter-le-cancer-du-sein\/"},"wordCount":1050,"publisher":{"@id":"https:\/\/astrea-apotheke.ch\/fr\/#organization"},"image":{"@id":"https:\/\/astrea-apotheke.ch\/fr\/depister-et-traiter-le-cancer-du-sein\/#primaryimage"},"thumbnailUrl":"https:\/\/astrea-apotheke.ch\/wp-content\/uploads\/2024\/10\/Brustkrebs_AdobeStock_287674972-Kopie.jpg","articleSection":["Femmes","Sant\u00e9 des organes"],"inLanguage":"fr-FR"},{"@type":"WebPage","@id":"https:\/\/astrea-apotheke.ch\/fr\/depister-et-traiter-le-cancer-du-sein\/","url":"https:\/\/astrea-apotheke.ch\/fr\/depister-et-traiter-le-cancer-du-sein\/","name":"D\u00e9pister et traiter le cancer du sein - Astrea Aptheke","isPartOf":{"@id":"https:\/\/astrea-apotheke.ch\/fr\/#website"},"primaryImageOfPage":{"@id":"https:\/\/astrea-apotheke.ch\/fr\/depister-et-traiter-le-cancer-du-sein\/#primaryimage"},"image":{"@id":"https:\/\/astrea-apotheke.ch\/fr\/depister-et-traiter-le-cancer-du-sein\/#primaryimage"},"thumbnailUrl":"https:\/\/astrea-apotheke.ch\/wp-content\/uploads\/2024\/10\/Brustkrebs_AdobeStock_287674972-Kopie.jpg","datePublished":"2024-10-07T06:07:00+00:00","dateModified":"2024-12-28T20:01:15+00:00","description":"D\u00e9couvrez tout ce qu'il faut savoir sur le cancer du sein : des facteurs de risque et des sympt\u00f4mes au diagnostic, au traitement et au soutien.","breadcrumb":{"@id":"https:\/\/astrea-apotheke.ch\/fr\/depister-et-traiter-le-cancer-du-sein\/#breadcrumb"},"inLanguage":"fr-FR","potentialAction":[{"@type":"ReadAction","target":["https:\/\/astrea-apotheke.ch\/fr\/depister-et-traiter-le-cancer-du-sein\/"]}]},{"@type":"ImageObject","inLanguage":"fr-FR","@id":"https:\/\/astrea-apotheke.ch\/fr\/depister-et-traiter-le-cancer-du-sein\/#primaryimage","url":"https:\/\/astrea-apotheke.ch\/wp-content\/uploads\/2024\/10\/Brustkrebs_AdobeStock_287674972-Kopie.jpg","contentUrl":"https:\/\/astrea-apotheke.ch\/wp-content\/uploads\/2024\/10\/Brustkrebs_AdobeStock_287674972-Kopie.jpg","width":1920,"height":1080,"caption":"\u00a9 Siam | stock.adobe.com"},{"@type":"BreadcrumbList","@id":"https:\/\/astrea-apotheke.ch\/fr\/depister-et-traiter-le-cancer-du-sein\/#breadcrumb","itemListElement":[{"@type":"ListItem","position":1,"name":"Startseite","item":"https:\/\/astrea-apotheke.ch\/fr\/"},{"@type":"ListItem","position":2,"name":"D\u00e9pister et traiter le cancer du sein"}]},{"@type":"WebSite","@id":"https:\/\/astrea-apotheke.ch\/fr\/#website","url":"https:\/\/astrea-apotheke.ch\/fr\/","name":"astrea Bulletin","description":"Gesundheitsmagazin","publisher":{"@id":"https:\/\/astrea-apotheke.ch\/fr\/#organization"},"potentialAction":[{"@type":"SearchAction","target":{"@type":"EntryPoint","urlTemplate":"https:\/\/astrea-apotheke.ch\/fr\/?s={search_term_string}"},"query-input":{"@type":"PropertyValueSpecification","valueRequired":true,"valueName":"search_term_string"}}],"inLanguage":"fr-FR"},{"@type":"Organization","@id":"https:\/\/astrea-apotheke.ch\/fr\/#organization","name":"astrea Bulletin","url":"https:\/\/astrea-apotheke.ch\/fr\/","logo":{"@type":"ImageObject","inLanguage":"fr-FR","@id":"https:\/\/astrea-apotheke.ch\/fr\/#\/schema\/logo\/image\/","url":"http:\/\/apotheke.astrea-bulletin.ch\/wp-content\/uploads\/2024\/08\/Logo_Astrea-Bulletin_RGB.jpg","contentUrl":"http:\/\/apotheke.astrea-bulletin.ch\/wp-content\/uploads\/2024\/08\/Logo_Astrea-Bulletin_RGB.jpg","width":1429,"height":560,"caption":"astrea Bulletin"},"image":{"@id":"https:\/\/astrea-apotheke.ch\/fr\/#\/schema\/logo\/image\/"}},{"@type":"Person","@id":"https:\/\/astrea-apotheke.ch\/fr\/#\/schema\/person\/62e77dc256ca3196cf05e3fe9ec73b47","name":"Susanna Steimer Miller","image":{"@type":"ImageObject","inLanguage":"fr-FR","@id":"https:\/\/astrea-apotheke.ch\/fr\/#\/schema\/person\/image\/","url":"https:\/\/secure.gravatar.com\/avatar\/9e74fb71b032d055c74ad13f10b8b58cb0164d6d3de9ab5cca31fceb99a633ea?s=96&d=mm&r=g","contentUrl":"https:\/\/secure.gravatar.com\/avatar\/9e74fb71b032d055c74ad13f10b8b58cb0164d6d3de9ab5cca31fceb99a633ea?s=96&d=mm&r=g","caption":"Susanna Steimer Miller"},"url":"https:\/\/astrea-apotheke.ch\/fr\/author\/susanna-steimer-miller\/"}]}},"_links":{"self":[{"href":"https:\/\/astrea-apotheke.ch\/fr\/wp-json\/wp\/v2\/posts\/28667","targetHints":{"allow":["GET"]}}],"collection":[{"href":"https:\/\/astrea-apotheke.ch\/fr\/wp-json\/wp\/v2\/posts"}],"about":[{"href":"https:\/\/astrea-apotheke.ch\/fr\/wp-json\/wp\/v2\/types\/post"}],"author":[{"embeddable":true,"href":"https:\/\/astrea-apotheke.ch\/fr\/wp-json\/wp\/v2\/users\/12"}],"replies":[{"embeddable":true,"href":"https:\/\/astrea-apotheke.ch\/fr\/wp-json\/wp\/v2\/comments?post=28667"}],"version-history":[{"count":2,"href":"https:\/\/astrea-apotheke.ch\/fr\/wp-json\/wp\/v2\/posts\/28667\/revisions"}],"predecessor-version":[{"id":31031,"href":"https:\/\/astrea-apotheke.ch\/fr\/wp-json\/wp\/v2\/posts\/28667\/revisions\/31031"}],"wp:featuredmedia":[{"embeddable":true,"href":"https:\/\/astrea-apotheke.ch\/fr\/wp-json\/wp\/v2\/media\/28603"}],"wp:attachment":[{"href":"https:\/\/astrea-apotheke.ch\/fr\/wp-json\/wp\/v2\/media?parent=28667"}],"wp:term":[{"taxonomy":"category","embeddable":true,"href":"https:\/\/astrea-apotheke.ch\/fr\/wp-json\/wp\/v2\/categories?post=28667"},{"taxonomy":"post_tag","embeddable":true,"href":"https:\/\/astrea-apotheke.ch\/fr\/wp-json\/wp\/v2\/tags?post=28667"}],"curies":[{"name":"wp","href":"https:\/\/api.w.org\/{rel}","templated":true}]}}