{"id":28800,"date":"2024-11-08T08:03:00","date_gmt":"2024-11-08T06:03:00","guid":{"rendered":"https:\/\/astrea-apotheke.ch\/?p=28800"},"modified":"2024-12-28T21:38:00","modified_gmt":"2024-12-28T19:38:00","slug":"peau-seche-du-papier-au-velours","status":"publish","type":"post","link":"https:\/\/astrea-apotheke.ch\/fr\/peau-seche-du-papier-au-velours\/","title":{"rendered":"Peau s\u00e8che \u2013 du papier au velours"},"content":{"rendered":"<h1 style=\"font-size:51px;font-style:normal;font-weight:400; margin-bottom:var(--wp--preset--spacing--50);\" class=\"wp-block-post-title has-roboto-slab-font-family\">Peau s\u00e8che \u2013 du papier au velours<\/h1>\r\n\r\n\r\n<p class=\"has-primary-color has-text-color has-roboto-font-family\" style=\"margin-bottom: var(--wp--preset--spacing--20); font-size: 23px; line-height: 1.5;\">La peau d\u00e9mange et tiraille, elle ressemble \u00e0 du papier et les rides de s\u00e9cheresse se transforment en v\u00e9ritables rides. Mais avec l\u2019aide de la pharmacie, cela n\u2019est pas une fatalit\u00e9.<\/p>\r\n\r\n\r\n<div style=\"font-size:14px;text-transform:uppercase; margin-bottom:var(--wp--preset--spacing--60);\" class=\"wp-block-post-author\"><div class=\"wp-block-post-author__avatar\"><img alt='' src='https:\/\/secure.gravatar.com\/avatar\/114452f353b8e3e7dfd0bc24116c773e126d7afb48b2e65ff3ce631ae0a63e21?s=48&#038;d=mm&#038;r=g' srcset='https:\/\/secure.gravatar.com\/avatar\/114452f353b8e3e7dfd0bc24116c773e126d7afb48b2e65ff3ce631ae0a63e21?s=96&#038;d=mm&#038;r=g 2x' class='avatar avatar-48 photo' height='48' width='48' \/><\/div><div class=\"wp-block-post-author__content\"><p class=\"wp-block-post-author__byline\"><strong>Text:<\/strong><\/p><p class=\"wp-block-post-author__name\"><a href=\"https:\/\/astrea-apotheke.ch\/fr\/author\/tanja-baertschiger\/\" target=\"_blank\">Tanja B\u00e4rtschiger<\/a><\/p><p class=\"wp-block-post-author__bio\"><\/p><\/div><\/div>\r\n\r\n\r\n<div class=\"wp-block-group is-content-justification-left\" style=\"margin-top: var(--wp--preset--spacing--50); margin-bottom: var(--wp--preset--spacing--70);\"><div class=\"wp-block-group__inner-container is-layout-constrained wp-container-core-group-is-layout-b81d822d wp-block-group-is-layout-constrained\"><figure style=\"width:800px;\" class=\"wp-block-post-featured-image\"><img decoding=\"async\" width=\"1920\" height=\"1080\" src=\"https:\/\/astrea-apotheke.ch\/wp-content\/uploads\/2024\/10\/TrockeneHaut_charnsitr_AdobeStock_229327091.jpg\" class=\"attachment-post-thumbnail size-post-thumbnail lazyload wp-post-image\" alt=\"\" style=\"object-fit:cover;\" srcset=\"data:image\/svg+xml,%3Csvg%20xmlns%3D%27http%3A%2F%2Fwww.w3.org%2F2000%2Fsvg%27%20width%3D%271920%27%20height%3D%271080%27%20viewBox%3D%270%200%201920%201080%27%3E%3Crect%20width%3D%271920%27%20height%3D%271080%27%20fill-opacity%3D%220%22%2F%3E%3C%2Fsvg%3E\" data-orig-src=\"https:\/\/astrea-apotheke.ch\/wp-content\/uploads\/2024\/10\/TrockeneHaut_charnsitr_AdobeStock_229327091.jpg\" data-srcset=\"https:\/\/astrea-apotheke.ch\/wp-content\/uploads\/2024\/10\/TrockeneHaut_charnsitr_AdobeStock_229327091-200x113.jpg 200w, https:\/\/astrea-apotheke.ch\/wp-content\/uploads\/2024\/10\/TrockeneHaut_charnsitr_AdobeStock_229327091-300x169.jpg 300w, https:\/\/astrea-apotheke.ch\/wp-content\/uploads\/2024\/10\/TrockeneHaut_charnsitr_AdobeStock_229327091-400x225.jpg 400w, https:\/\/astrea-apotheke.ch\/wp-content\/uploads\/2024\/10\/TrockeneHaut_charnsitr_AdobeStock_229327091-600x338.jpg 600w, https:\/\/astrea-apotheke.ch\/wp-content\/uploads\/2024\/10\/TrockeneHaut_charnsitr_AdobeStock_229327091-768x432.jpg 768w, https:\/\/astrea-apotheke.ch\/wp-content\/uploads\/2024\/10\/TrockeneHaut_charnsitr_AdobeStock_229327091-800x450.jpg 800w, https:\/\/astrea-apotheke.ch\/wp-content\/uploads\/2024\/10\/TrockeneHaut_charnsitr_AdobeStock_229327091-1024x576.jpg 1024w, https:\/\/astrea-apotheke.ch\/wp-content\/uploads\/2024\/10\/TrockeneHaut_charnsitr_AdobeStock_229327091-1200x675.jpg 1200w, https:\/\/astrea-apotheke.ch\/wp-content\/uploads\/2024\/10\/TrockeneHaut_charnsitr_AdobeStock_229327091-1536x864.jpg 1536w, https:\/\/astrea-apotheke.ch\/wp-content\/uploads\/2024\/10\/TrockeneHaut_charnsitr_AdobeStock_229327091.jpg 1920w\" data-sizes=\"auto\" \/><\/figure><\/div><\/div>\r\n\r\n\r\n\r\n<p>Avec l\u2019\u00e2ge, la peau devient de plus en plus s\u00e8che et, par cons\u00e9quent, plus sensible. Il convient alors de remettre en question nos habitudes de soin quotidiennes, tout en tenant compte de l\u2019influence d\u00e9terminante de notre alimentation sur l\u2019aspect de la peau. Si la \u00abjeunesse \u00e9ternelle \u00bb ne fonctionne malheureusement pas, m\u00eame avec les meilleurs conseils en mati\u00e8re de soins et d\u2019alimentation, il existe n\u00e9anmoins des moyens de conserver une peau de p\u00eache le plus longtemps possible.<\/p>\r\n\r\n\r\n\r\n<div class=\"wp-block-group is-style-default\" style=\"border-radius: 72px; margin-top: var(--wp--preset--spacing--30); margin-bottom: var(--wp--preset--spacing--80);\"><div class=\"wp-block-group__inner-container is-layout-constrained wp-container-core-group-is-layout-ef75c296 wp-block-group-is-layout-constrained\">\r\n<blockquote class=\"wp-block-quote is-style-default has-primary-color has-text-color is-layout-flow wp-block-quote-is-layout-flow\" style=\"font-size: 16px; font-style: normal; font-weight: 600;\">\r\n<p>\u00abLa peau s\u00e8che devient<br \/>plus fine et moins<br \/>capable de se r\u00e9g\u00e9n\u00e9rer.\u00bb<\/p>\r\n<\/blockquote>\r\n<\/div><\/div>\r\n\r\n\r\n\r\n<h2 class=\"wp-block-heading\">Le changement climatique sur le corps<\/h2>\r\n\r\n\r\n\r\n<p>La perte d\u2019hydratation et d\u2019\u00e9lasticit\u00e9 de la peau peut avoir de nombreuses causes. Par exemple, l\u2019air sec du chauffage en hiver, les conditions climatiques telles que le froid, le vent et le soleil, mais aussi les produits de nettoyage agressifs, les lavages trop fr\u00e9quents, ainsi que les ingr\u00e9dients irritants pr\u00e9sents dans les produits de soin, en particulier l\u2019alcool, les huiles essentielles et les parfums en g\u00e9n\u00e9ral. D\u00e8s l\u2019\u00e2ge de 30 ans, la peau devient plus fine et plus s\u00e8che, ce qui la rend moins apte \u00e0 se r\u00e9g\u00e9n\u00e9rer et les dommages caus\u00e9s \u00e0 la barri\u00e8re naturelle de la peau peuvent entra\u00eener un vieillissement pr\u00e9matur\u00e9.<\/p>\r\n\r\n\r\n\r\n<h2 class=\"wp-block-heading\">Votre type de peau est aussi individuel et unique que vous<\/h2>\r\n\r\n\r\n\r\n<p>Il existe une grande diversit\u00e9 de types de peau. On trouve d\u2019abord la peau normale, qui ne pose pas de probl\u00e8me particulier et ne sera donc pas abord\u00e9e en d\u00e9tail ici. Suivie de la peau \u00ab plus \u00e9paisse \u00bb, grasse, qui a l\u2019avantage de mieux r\u00e9sister aux rides gr\u00e2ce \u00e0 son film lipidique protecteur. Puis, la peau mixte qui ne produit plus de s\u00e9bum, sauf sur la zone T (front, nez, menton), ce qui la rend sujette \u00e0 des pores dilat\u00e9s et des imperfections, tandis que les joues sont normales \u00e0 s\u00e8ches. La peau sensible a de nombreux points communs avec la peau s\u00e8che, car elles sont souvent associ\u00e9es. Comme la peau s\u00e8che n\u2019assure plus suffisamment ses fonctions protectrices, des rougeurs et des irritations sont monnaie courante, tout comme des desquamations, voire des \u00e9tats ecz\u00e9mateux de la peau.<\/p>\r\n\r\n\r\n\r\n<h2 class=\"wp-block-heading\">Douce et pourtant efficace<\/h2>\r\n\r\n\r\n\r\n<p>Pour les soins des peaux d\u00e9shydrat\u00e9es et irrit\u00e9es, \u00abdoux\u00bb ne signifie en aucun cas \u00abinefficace \u00bb. Bien au contraire, seul un programme de soins adapt\u00e9 aux conditions individuelles, test\u00e9 en dermatologie et hypoallerg\u00e9nique, avec le moins d\u2019ingr\u00e9dients possible, peut aider ce type de peau. Le nettoyage ne doit contenir que des tensioactifs doux (substances actives de lavage), et les dermatologues recommandent de nettoyer le visage de pr\u00e9f\u00e9rence uniquement le soir. Sous nos latitudes, une cr\u00e8me de jour hydratante et apaisante de qualit\u00e9 est g\u00e9n\u00e9ralement suffisante, tandis qu\u2019en montagne, il est judicieux de remplacer la cr\u00e8me de jour l\u00e9g\u00e8re par un soin plus riche avec un facteur UV plus \u00e9lev\u00e9, car celui-ci prot\u00e8ge mieux la peau contre le froid et les rayons intenses du soleil.<\/p>\r\n\r\n\r\n\r\n<h2 class=\"wp-block-heading\">Soutien int\u00e9rieur<\/h2>\r\n\r\n\r\n\r\n<p>La cl\u00e9 de du bonheur se trouve \u00e0 l\u2019int\u00e9rieur\u2013 il en va de m\u00eame pour la \u00ab beaut\u00e9 \u00bb. Un sommeil suffisant, bien se relaxer et une bonne hydratation en buvant de l\u2019eau plate cr\u00e9ent une base solide pour un teint frais et repos\u00e9. Les compl\u00e9ments alimentaires, en particulier les vitamines, les antioxydants et les min\u00e9raux, mais aussi les acides gras essentiels comme les om\u00e9ga-3, constituent un soutien pr\u00e9cieux non seulement pour votre peau, mais aussi pour l\u2019ensemble de vos cellules et votre sant\u00e9.<\/p>\r\n\r\n\r\n\r\n<div class=\"wp-block-columns is-layout-flex wp-container-core-columns-is-layout-a80d5108 wp-block-columns-is-layout-flex\" style=\"margin-top: 60px; margin-bottom: 50px;\">\r\n<div class=\"wp-block-column has-background is-layout-flow wp-block-column-is-layout-flow\" style=\"background-color: #f1f2f4; flex-basis: 800px; padding: var(--wp--preset--spacing--70);\">\r\n<h2 class=\"wp-block-heading\" style=\"margin-top: var(--wp--preset--spacing--20); margin-bottom: var(--wp--preset--spacing--50); margin-left: 0; font-size: 23px;\">Aper\u00e7u des substances actives des produits de soin<\/h2>\r\n\r\n\r\n\r\n<p>Ingr\u00e9dient Effet<br \/><strong><br \/><\/strong><\/p>\r\n\r\n\r\n\r\n<p><strong>Acide hyaluronique <\/strong><\/p>\r\n\r\n\r\n\r\n<ul class=\"wp-block-list\">\r\n<li>Bien tol\u00e9r\u00e9<\/li>\r\n\r\n\r\n\r\n<li>Un hydratant efficace<\/li>\r\n\r\n\r\n\r\n<li>Substance naturelle de l\u2019organisme<br \/><br \/><strong>Collag\u00e8ne<\/strong> <\/li>\r\n\r\n\r\n\r\n<li>Prot\u00e9ine qui hydrate la peau<\/li>\r\n\r\n\r\n\r\n<li>Joue un r\u00f4le essentiel dans l\u2019\u00e9lasticit\u00e9 de la peau et la fermet\u00e9 des tissus<\/li>\r\n\r\n\r\n\r\n<li>Favorise la r\u00e9g\u00e9n\u00e9ration cellulaire<br \/><br \/><strong>C\u00e9ramides<\/strong> <\/li>\r\n\r\n\r\n\r\n<li>Lipides naturellement pr\u00e9sents dans les cellules<\/li>\r\n\r\n\r\n\r\n<li>Aident \u00e0 construire et \u00e0 maintenir la barri\u00e8re<br \/>cutan\u00e9e<br \/><br \/><strong>Ur\u00e9e<\/strong> <\/li>\r\n\r\n\r\n\r\n<li>Agit contre la peau s\u00e8che et squameuse<\/li>\r\n\r\n\r\n\r\n<li>Excellentes propri\u00e9t\u00e9s hydratantes<br \/><br \/><strong>Vitamine E<\/strong> <\/li>\r\n\r\n\r\n\r\n<li>Antioxydant puissant<\/li>\r\n\r\n\r\n\r\n<li>Prot\u00e8ge la peau des polluants environnementaux<\/li>\r\n<\/ul>\r\n<\/div>\r\n<\/div>\r\n\r\n\r\n","protected":false},"excerpt":{"rendered":"<p>La peau d\u00e9mange et tiraille, elle ressemble \u00e0 du papier  [&#8230;]<\/p>\n","protected":false},"author":15,"featured_media":30570,"comment_status":"closed","ping_status":"closed","sticky":false,"template":"","format":"standard","meta":{"_acf_changed":false,"footnotes":""},"categories":[775],"tags":[],"class_list":["post-28800","post","type-post","status-publish","format-standard","has-post-thumbnail","hentry","category-sante-des-organes"],"acf":[],"yoast_head":"<!-- This site is optimized with the Yoast SEO plugin v27.0 - https:\/\/yoast.com\/product\/yoast-seo-wordpress\/ -->\n<title>Peau s\u00e8che \u2013 du papier au velours - Astrea Aptheke<\/title>\n<meta name=\"description\" content=\"D\u00e9couvrez les meilleurs ingr\u00e9dients actifs pour la peau s\u00e8che ! D\u00e9couvrez les ingr\u00e9dients qui hydratent intens\u00e9ment votre peau.\" \/>\n<meta name=\"robots\" content=\"index, follow, max-snippet:-1, max-image-preview:large, max-video-preview:-1\" \/>\n<link rel=\"canonical\" href=\"https:\/\/astrea-apotheke.ch\/fr\/peau-seche-du-papier-au-velours\/\" \/>\n<meta property=\"og:locale\" content=\"fr_FR\" \/>\n<meta property=\"og:type\" content=\"article\" \/>\n<meta property=\"og:title\" content=\"Peau s\u00e8che \u2013 du papier au velours - Astrea Aptheke\" \/>\n<meta property=\"og:description\" content=\"D\u00e9couvrez les meilleurs ingr\u00e9dients actifs pour la peau s\u00e8che ! D\u00e9couvrez les ingr\u00e9dients qui hydratent intens\u00e9ment votre peau.\" \/>\n<meta property=\"og:url\" content=\"https:\/\/astrea-apotheke.ch\/fr\/peau-seche-du-papier-au-velours\/\" \/>\n<meta property=\"og:site_name\" content=\"Astrea Aptheke\" \/>\n<meta property=\"article:published_time\" content=\"2024-11-08T06:03:00+00:00\" \/>\n<meta property=\"article:modified_time\" content=\"2024-12-28T19:38:00+00:00\" \/>\n<meta property=\"og:image\" content=\"https:\/\/astrea-apotheke.ch\/wp-content\/uploads\/2024\/10\/TrockeneHaut_charnsitr_AdobeStock_229327091.jpg\" \/>\n\t<meta property=\"og:image:width\" content=\"1920\" \/>\n\t<meta property=\"og:image:height\" content=\"1080\" \/>\n\t<meta property=\"og:image:type\" content=\"image\/jpeg\" \/>\n<meta name=\"author\" content=\"Tanja B\u00e4rtschiger\" \/>\n<meta name=\"twitter:card\" content=\"summary_large_image\" \/>\n<meta name=\"twitter:label1\" content=\"\u00c9crit par\" \/>\n\t<meta name=\"twitter:data1\" content=\"Tanja B\u00e4rtschiger\" \/>\n\t<meta name=\"twitter:label2\" content=\"Dur\u00e9e de lecture estim\u00e9e\" \/>\n\t<meta name=\"twitter:data2\" content=\"5 minutes\" \/>\n<script type=\"application\/ld+json\" class=\"yoast-schema-graph\">{\"@context\":\"https:\/\/schema.org\",\"@graph\":[{\"@type\":\"Article\",\"@id\":\"https:\/\/astrea-apotheke.ch\/fr\/peau-seche-du-papier-au-velours\/#article\",\"isPartOf\":{\"@id\":\"https:\/\/astrea-apotheke.ch\/fr\/peau-seche-du-papier-au-velours\/\"},\"author\":{\"name\":\"Tanja B\u00e4rtschiger\",\"@id\":\"https:\/\/astrea-apotheke.ch\/fr\/#\/schema\/person\/752082d5171f2a3de988b023bc392c7e\"},\"headline\":\"Peau s\u00e8che \u2013 du papier au velours\",\"datePublished\":\"2024-11-08T06:03:00+00:00\",\"dateModified\":\"2024-12-28T19:38:00+00:00\",\"mainEntityOfPage\":{\"@id\":\"https:\/\/astrea-apotheke.ch\/fr\/peau-seche-du-papier-au-velours\/\"},\"wordCount\":764,\"publisher\":{\"@id\":\"https:\/\/astrea-apotheke.ch\/fr\/#organization\"},\"image\":{\"@id\":\"https:\/\/astrea-apotheke.ch\/fr\/peau-seche-du-papier-au-velours\/#primaryimage\"},\"thumbnailUrl\":\"https:\/\/astrea-apotheke.ch\/wp-content\/uploads\/2024\/10\/TrockeneHaut_charnsitr_AdobeStock_229327091.jpg\",\"articleSection\":[\"Sant\u00e9 des organes\"],\"inLanguage\":\"fr-FR\"},{\"@type\":\"WebPage\",\"@id\":\"https:\/\/astrea-apotheke.ch\/fr\/peau-seche-du-papier-au-velours\/\",\"url\":\"https:\/\/astrea-apotheke.ch\/fr\/peau-seche-du-papier-au-velours\/\",\"name\":\"Peau s\u00e8che \u2013 du papier au velours - Astrea Aptheke\",\"isPartOf\":{\"@id\":\"https:\/\/astrea-apotheke.ch\/fr\/#website\"},\"primaryImageOfPage\":{\"@id\":\"https:\/\/astrea-apotheke.ch\/fr\/peau-seche-du-papier-au-velours\/#primaryimage\"},\"image\":{\"@id\":\"https:\/\/astrea-apotheke.ch\/fr\/peau-seche-du-papier-au-velours\/#primaryimage\"},\"thumbnailUrl\":\"https:\/\/astrea-apotheke.ch\/wp-content\/uploads\/2024\/10\/TrockeneHaut_charnsitr_AdobeStock_229327091.jpg\",\"datePublished\":\"2024-11-08T06:03:00+00:00\",\"dateModified\":\"2024-12-28T19:38:00+00:00\",\"description\":\"D\u00e9couvrez les meilleurs ingr\u00e9dients actifs pour la peau s\u00e8che ! D\u00e9couvrez les ingr\u00e9dients qui hydratent intens\u00e9ment votre peau.\",\"breadcrumb\":{\"@id\":\"https:\/\/astrea-apotheke.ch\/fr\/peau-seche-du-papier-au-velours\/#breadcrumb\"},\"inLanguage\":\"fr-FR\",\"potentialAction\":[{\"@type\":\"ReadAction\",\"target\":[\"https:\/\/astrea-apotheke.ch\/fr\/peau-seche-du-papier-au-velours\/\"]}]},{\"@type\":\"ImageObject\",\"inLanguage\":\"fr-FR\",\"@id\":\"https:\/\/astrea-apotheke.ch\/fr\/peau-seche-du-papier-au-velours\/#primaryimage\",\"url\":\"https:\/\/astrea-apotheke.ch\/wp-content\/uploads\/2024\/10\/TrockeneHaut_charnsitr_AdobeStock_229327091.jpg\",\"contentUrl\":\"https:\/\/astrea-apotheke.ch\/wp-content\/uploads\/2024\/10\/TrockeneHaut_charnsitr_AdobeStock_229327091.jpg\",\"width\":1920,\"height\":1080,\"caption\":\"\u00a9Charnsitr | stock.adobe.com\"},{\"@type\":\"BreadcrumbList\",\"@id\":\"https:\/\/astrea-apotheke.ch\/fr\/peau-seche-du-papier-au-velours\/#breadcrumb\",\"itemListElement\":[{\"@type\":\"ListItem\",\"position\":1,\"name\":\"Startseite\",\"item\":\"https:\/\/astrea-apotheke.ch\/fr\/\"},{\"@type\":\"ListItem\",\"position\":2,\"name\":\"Peau s\u00e8che \u2013 du papier au velours\"}]},{\"@type\":\"WebSite\",\"@id\":\"https:\/\/astrea-apotheke.ch\/fr\/#website\",\"url\":\"https:\/\/astrea-apotheke.ch\/fr\/\",\"name\":\"astrea Bulletin\",\"description\":\"Gesundheitsmagazin\",\"publisher\":{\"@id\":\"https:\/\/astrea-apotheke.ch\/fr\/#organization\"},\"potentialAction\":[{\"@type\":\"SearchAction\",\"target\":{\"@type\":\"EntryPoint\",\"urlTemplate\":\"https:\/\/astrea-apotheke.ch\/fr\/?s={search_term_string}\"},\"query-input\":{\"@type\":\"PropertyValueSpecification\",\"valueRequired\":true,\"valueName\":\"search_term_string\"}}],\"inLanguage\":\"fr-FR\"},{\"@type\":\"Organization\",\"@id\":\"https:\/\/astrea-apotheke.ch\/fr\/#organization\",\"name\":\"astrea Bulletin\",\"url\":\"https:\/\/astrea-apotheke.ch\/fr\/\",\"logo\":{\"@type\":\"ImageObject\",\"inLanguage\":\"fr-FR\",\"@id\":\"https:\/\/astrea-apotheke.ch\/fr\/#\/schema\/logo\/image\/\",\"url\":\"http:\/\/apotheke.astrea-bulletin.ch\/wp-content\/uploads\/2024\/08\/Logo_Astrea-Bulletin_RGB.jpg\",\"contentUrl\":\"http:\/\/apotheke.astrea-bulletin.ch\/wp-content\/uploads\/2024\/08\/Logo_Astrea-Bulletin_RGB.jpg\",\"width\":1429,\"height\":560,\"caption\":\"astrea Bulletin\"},\"image\":{\"@id\":\"https:\/\/astrea-apotheke.ch\/fr\/#\/schema\/logo\/image\/\"}},{\"@type\":\"Person\",\"@id\":\"https:\/\/astrea-apotheke.ch\/fr\/#\/schema\/person\/752082d5171f2a3de988b023bc392c7e\",\"name\":\"Tanja B\u00e4rtschiger\",\"image\":{\"@type\":\"ImageObject\",\"inLanguage\":\"fr-FR\",\"@id\":\"https:\/\/astrea-apotheke.ch\/fr\/#\/schema\/person\/image\/\",\"url\":\"https:\/\/secure.gravatar.com\/avatar\/114452f353b8e3e7dfd0bc24116c773e126d7afb48b2e65ff3ce631ae0a63e21?s=96&d=mm&r=g\",\"contentUrl\":\"https:\/\/secure.gravatar.com\/avatar\/114452f353b8e3e7dfd0bc24116c773e126d7afb48b2e65ff3ce631ae0a63e21?s=96&d=mm&r=g\",\"caption\":\"Tanja B\u00e4rtschiger\"},\"url\":\"https:\/\/astrea-apotheke.ch\/fr\/author\/tanja-baertschiger\/\"}]}<\/script>\n<!-- \/ Yoast SEO plugin. -->","yoast_head_json":{"title":"Peau s\u00e8che \u2013 du papier au velours - Astrea Aptheke","description":"D\u00e9couvrez les meilleurs ingr\u00e9dients actifs pour la peau s\u00e8che ! D\u00e9couvrez les ingr\u00e9dients qui hydratent intens\u00e9ment votre peau.","robots":{"index":"index","follow":"follow","max-snippet":"max-snippet:-1","max-image-preview":"max-image-preview:large","max-video-preview":"max-video-preview:-1"},"canonical":"https:\/\/astrea-apotheke.ch\/fr\/peau-seche-du-papier-au-velours\/","og_locale":"fr_FR","og_type":"article","og_title":"Peau s\u00e8che \u2013 du papier au velours - Astrea Aptheke","og_description":"D\u00e9couvrez les meilleurs ingr\u00e9dients actifs pour la peau s\u00e8che ! D\u00e9couvrez les ingr\u00e9dients qui hydratent intens\u00e9ment votre peau.","og_url":"https:\/\/astrea-apotheke.ch\/fr\/peau-seche-du-papier-au-velours\/","og_site_name":"Astrea Aptheke","article_published_time":"2024-11-08T06:03:00+00:00","article_modified_time":"2024-12-28T19:38:00+00:00","og_image":[{"width":1920,"height":1080,"url":"https:\/\/astrea-apotheke.ch\/wp-content\/uploads\/2024\/10\/TrockeneHaut_charnsitr_AdobeStock_229327091.jpg","type":"image\/jpeg"}],"author":"Tanja B\u00e4rtschiger","twitter_card":"summary_large_image","twitter_misc":{"\u00c9crit par":"Tanja B\u00e4rtschiger","Dur\u00e9e de lecture estim\u00e9e":"5 minutes"},"schema":{"@context":"https:\/\/schema.org","@graph":[{"@type":"Article","@id":"https:\/\/astrea-apotheke.ch\/fr\/peau-seche-du-papier-au-velours\/#article","isPartOf":{"@id":"https:\/\/astrea-apotheke.ch\/fr\/peau-seche-du-papier-au-velours\/"},"author":{"name":"Tanja B\u00e4rtschiger","@id":"https:\/\/astrea-apotheke.ch\/fr\/#\/schema\/person\/752082d5171f2a3de988b023bc392c7e"},"headline":"Peau s\u00e8che \u2013 du papier au velours","datePublished":"2024-11-08T06:03:00+00:00","dateModified":"2024-12-28T19:38:00+00:00","mainEntityOfPage":{"@id":"https:\/\/astrea-apotheke.ch\/fr\/peau-seche-du-papier-au-velours\/"},"wordCount":764,"publisher":{"@id":"https:\/\/astrea-apotheke.ch\/fr\/#organization"},"image":{"@id":"https:\/\/astrea-apotheke.ch\/fr\/peau-seche-du-papier-au-velours\/#primaryimage"},"thumbnailUrl":"https:\/\/astrea-apotheke.ch\/wp-content\/uploads\/2024\/10\/TrockeneHaut_charnsitr_AdobeStock_229327091.jpg","articleSection":["Sant\u00e9 des organes"],"inLanguage":"fr-FR"},{"@type":"WebPage","@id":"https:\/\/astrea-apotheke.ch\/fr\/peau-seche-du-papier-au-velours\/","url":"https:\/\/astrea-apotheke.ch\/fr\/peau-seche-du-papier-au-velours\/","name":"Peau s\u00e8che \u2013 du papier au velours - Astrea Aptheke","isPartOf":{"@id":"https:\/\/astrea-apotheke.ch\/fr\/#website"},"primaryImageOfPage":{"@id":"https:\/\/astrea-apotheke.ch\/fr\/peau-seche-du-papier-au-velours\/#primaryimage"},"image":{"@id":"https:\/\/astrea-apotheke.ch\/fr\/peau-seche-du-papier-au-velours\/#primaryimage"},"thumbnailUrl":"https:\/\/astrea-apotheke.ch\/wp-content\/uploads\/2024\/10\/TrockeneHaut_charnsitr_AdobeStock_229327091.jpg","datePublished":"2024-11-08T06:03:00+00:00","dateModified":"2024-12-28T19:38:00+00:00","description":"D\u00e9couvrez les meilleurs ingr\u00e9dients actifs pour la peau s\u00e8che ! D\u00e9couvrez les ingr\u00e9dients qui hydratent intens\u00e9ment votre peau.","breadcrumb":{"@id":"https:\/\/astrea-apotheke.ch\/fr\/peau-seche-du-papier-au-velours\/#breadcrumb"},"inLanguage":"fr-FR","potentialAction":[{"@type":"ReadAction","target":["https:\/\/astrea-apotheke.ch\/fr\/peau-seche-du-papier-au-velours\/"]}]},{"@type":"ImageObject","inLanguage":"fr-FR","@id":"https:\/\/astrea-apotheke.ch\/fr\/peau-seche-du-papier-au-velours\/#primaryimage","url":"https:\/\/astrea-apotheke.ch\/wp-content\/uploads\/2024\/10\/TrockeneHaut_charnsitr_AdobeStock_229327091.jpg","contentUrl":"https:\/\/astrea-apotheke.ch\/wp-content\/uploads\/2024\/10\/TrockeneHaut_charnsitr_AdobeStock_229327091.jpg","width":1920,"height":1080,"caption":"\u00a9Charnsitr | stock.adobe.com"},{"@type":"BreadcrumbList","@id":"https:\/\/astrea-apotheke.ch\/fr\/peau-seche-du-papier-au-velours\/#breadcrumb","itemListElement":[{"@type":"ListItem","position":1,"name":"Startseite","item":"https:\/\/astrea-apotheke.ch\/fr\/"},{"@type":"ListItem","position":2,"name":"Peau s\u00e8che \u2013 du papier au velours"}]},{"@type":"WebSite","@id":"https:\/\/astrea-apotheke.ch\/fr\/#website","url":"https:\/\/astrea-apotheke.ch\/fr\/","name":"astrea Bulletin","description":"Gesundheitsmagazin","publisher":{"@id":"https:\/\/astrea-apotheke.ch\/fr\/#organization"},"potentialAction":[{"@type":"SearchAction","target":{"@type":"EntryPoint","urlTemplate":"https:\/\/astrea-apotheke.ch\/fr\/?s={search_term_string}"},"query-input":{"@type":"PropertyValueSpecification","valueRequired":true,"valueName":"search_term_string"}}],"inLanguage":"fr-FR"},{"@type":"Organization","@id":"https:\/\/astrea-apotheke.ch\/fr\/#organization","name":"astrea Bulletin","url":"https:\/\/astrea-apotheke.ch\/fr\/","logo":{"@type":"ImageObject","inLanguage":"fr-FR","@id":"https:\/\/astrea-apotheke.ch\/fr\/#\/schema\/logo\/image\/","url":"http:\/\/apotheke.astrea-bulletin.ch\/wp-content\/uploads\/2024\/08\/Logo_Astrea-Bulletin_RGB.jpg","contentUrl":"http:\/\/apotheke.astrea-bulletin.ch\/wp-content\/uploads\/2024\/08\/Logo_Astrea-Bulletin_RGB.jpg","width":1429,"height":560,"caption":"astrea Bulletin"},"image":{"@id":"https:\/\/astrea-apotheke.ch\/fr\/#\/schema\/logo\/image\/"}},{"@type":"Person","@id":"https:\/\/astrea-apotheke.ch\/fr\/#\/schema\/person\/752082d5171f2a3de988b023bc392c7e","name":"Tanja B\u00e4rtschiger","image":{"@type":"ImageObject","inLanguage":"fr-FR","@id":"https:\/\/astrea-apotheke.ch\/fr\/#\/schema\/person\/image\/","url":"https:\/\/secure.gravatar.com\/avatar\/114452f353b8e3e7dfd0bc24116c773e126d7afb48b2e65ff3ce631ae0a63e21?s=96&d=mm&r=g","contentUrl":"https:\/\/secure.gravatar.com\/avatar\/114452f353b8e3e7dfd0bc24116c773e126d7afb48b2e65ff3ce631ae0a63e21?s=96&d=mm&r=g","caption":"Tanja B\u00e4rtschiger"},"url":"https:\/\/astrea-apotheke.ch\/fr\/author\/tanja-baertschiger\/"}]}},"_links":{"self":[{"href":"https:\/\/astrea-apotheke.ch\/fr\/wp-json\/wp\/v2\/posts\/28800","targetHints":{"allow":["GET"]}}],"collection":[{"href":"https:\/\/astrea-apotheke.ch\/fr\/wp-json\/wp\/v2\/posts"}],"about":[{"href":"https:\/\/astrea-apotheke.ch\/fr\/wp-json\/wp\/v2\/types\/post"}],"author":[{"embeddable":true,"href":"https:\/\/astrea-apotheke.ch\/fr\/wp-json\/wp\/v2\/users\/15"}],"replies":[{"embeddable":true,"href":"https:\/\/astrea-apotheke.ch\/fr\/wp-json\/wp\/v2\/comments?post=28800"}],"version-history":[{"count":2,"href":"https:\/\/astrea-apotheke.ch\/fr\/wp-json\/wp\/v2\/posts\/28800\/revisions"}],"predecessor-version":[{"id":31021,"href":"https:\/\/astrea-apotheke.ch\/fr\/wp-json\/wp\/v2\/posts\/28800\/revisions\/31021"}],"wp:featuredmedia":[{"embeddable":true,"href":"https:\/\/astrea-apotheke.ch\/fr\/wp-json\/wp\/v2\/media\/30570"}],"wp:attachment":[{"href":"https:\/\/astrea-apotheke.ch\/fr\/wp-json\/wp\/v2\/media?parent=28800"}],"wp:term":[{"taxonomy":"category","embeddable":true,"href":"https:\/\/astrea-apotheke.ch\/fr\/wp-json\/wp\/v2\/categories?post=28800"},{"taxonomy":"post_tag","embeddable":true,"href":"https:\/\/astrea-apotheke.ch\/fr\/wp-json\/wp\/v2\/tags?post=28800"}],"curies":[{"name":"wp","href":"https:\/\/api.w.org\/{rel}","templated":true}]}}