{"id":31696,"date":"2025-01-07T16:42:27","date_gmt":"2025-01-07T14:42:27","guid":{"rendered":"https:\/\/apotheke.astrea-bulletin.ch\/?p=31696"},"modified":"2025-01-13T14:53:35","modified_gmt":"2025-01-13T12:53:35","slug":"les-pharmacies","status":"publish","type":"post","link":"https:\/\/astrea-apotheke.ch\/fr\/les-pharmacies\/","title":{"rendered":"Les pharmacies"},"content":{"rendered":"<div class=\"fusion-fullwidth fullwidth-box fusion-builder-row-1 fusion-flex-container has-pattern-background has-mask-background nonhundred-percent-fullwidth non-hundred-percent-height-scrolling\" style=\"--awb-border-radius-top-left:0px;--awb-border-radius-top-right:0px;--awb-border-radius-bottom-right:0px;--awb-border-radius-bottom-left:0px;--awb-flex-wrap:wrap;\" ><div class=\"fusion-builder-row fusion-row fusion-flex-align-items-flex-start fusion-flex-content-wrap\" style=\"max-width:1302px;margin-left: calc(-5% \/ 2 );margin-right: calc(-5% \/ 2 );\"><div class=\"fusion-layout-column fusion_builder_column fusion-builder-column-0 fusion_builder_column_1_1 1_1 fusion-flex-column\" style=\"--awb-bg-size:cover;--awb-width-large:100%;--awb-margin-top-large:0px;--awb-spacing-right-large:2.375%;--awb-margin-bottom-large:0px;--awb-spacing-left-large:2.375%;--awb-width-medium:100%;--awb-order-medium:0;--awb-spacing-right-medium:2.375%;--awb-spacing-left-medium:2.375%;--awb-width-small:100%;--awb-order-small:0;--awb-spacing-right-small:2.375%;--awb-spacing-left-small:2.375%;\"><div class=\"fusion-column-wrapper fusion-column-has-shadow fusion-flex-justify-content-flex-start fusion-content-layout-column\"><div class=\"fusion-text fusion-text-1\"><p><b>Hausse des co\u00fbts de la sant\u00e9, primes \u00e9lev\u00e9es, manque de m\u00e9decins g\u00e9n\u00e9ralistes, surcharge des services d\u2019urgence, p\u00e9nuries de m\u00e9dicaments&#8230; les d\u00e9fis du syst\u00e8me de sant\u00e9 sont nombreux&#8230; Les pharmacies s\u2019efforcent de contribuer durablement, par leurs prestations, \u00e0 la s\u00e9curit\u00e9 de l\u2019approvisionnement et \u00e0 l\u2019all\u00e8gement du syst\u00e8me de sant\u00e9, sans faire augmenter davantage les co\u00fbts. Voici quelques chiffres int\u00e9ressants et un jeu-concours pour tester vos connaissances factuelles \u00e0 ce sujet. <\/b><\/p>\n<\/div><div class=\"fusion-text fusion-text-2\"><p>Chaque jour, plusieurs centaines de milliers de personnes se rendent dans l\u2019une des 1800 pharmacies publiques de Suisse pour se procurer des m\u00e9dicaments, obtenir des conseils de sant\u00e9 ou b\u00e9n\u00e9ficier d\u2019une prestation de pr\u00e9vention. Dans de nombreux cas, les pharmacies peuvent r\u00e9soudre directement et \u00e0 moindre co\u00fbt des probl\u00e8mes de sant\u00e9 simples gr\u00e2ce \u00e0 des conseils rapides et cibl\u00e9s. Les pharmaciennes et pharmaciens sont de plus les sp\u00e9cialistes des m\u00e9dicaments: ils poss\u00e8dent des connaissances approfondies en pharmacologie, chimie et sciences biom\u00e9dicales, ce qui leur permet de ma\u00eetriser parfaitement les m\u00e9canismes d\u2019action des m\u00e9dicaments, d\u2019en expliquer les effets et d\u2019identifier les interactions potentielles. Tout au long des heures d\u2019ouverture de la pharmacie, les clientes et clients y ont \u00e0 leur disposition un professionnel de la sant\u00e9. Ce que beaucoup de personnes ignorent encore: en Suisse, les pharmaciens peuvent d\u00e9livrer certains m\u00e9dicaments soumis \u00e0 ordonnance m\u00eame sans prescription m\u00e9dicale. \u00c0 une p\u00e9riode marqu\u00e9e par la p\u00e9nurie de m\u00e9decins de famille, le vieillissement de la population et l\u2019augmentation des maladies chroniques, les pharmacies assument un r\u00f4le important en tant que premier point de contact pour les soins m\u00e9dicaux de base.<\/p>\n<\/div><div class=\"fusion-text fusion-text-3\"><p><b><span style=\"color: var(--awb-text-color); font-family: var(--awb-text-font-family); font-size: var(--awb-font-size); font-style: var(--awb-text-font-style); letter-spacing: var(--awb-letter-spacing); text-align: var(--awb-content-alignment); text-transform: var(--awb-text-transform); background-color: var(--awb-bg-color-hover);\">Vue d\u2019ensemble des prestations officinales les plus fr\u00e9quentes<\/span> <\/b><\/p>\n<\/div><div class=\"fusion-separator fusion-full-width-sep\" style=\"align-self: center;margin-left: auto;margin-right: auto;width:100%;\"><div class=\"fusion-separator-border sep-double\" style=\"--awb-height:20px;--awb-amount:20px;border-color:var(--awb-color3);border-top-width:1px;border-bottom-width:1px;\"><\/div><\/div><div class=\"awb-gallery-wrapper awb-gallery-wrapper-1 button-span-no\" style=\"--more-btn-alignment:center;\"><div style=\"margin:-5px;--awb-bordersize:0px;\" class=\"fusion-gallery fusion-gallery-container fusion-grid-3 fusion-columns-total-2 fusion-gallery-layout-grid fusion-gallery-1\"><div style=\"padding:5px;\" class=\"fusion-grid-column fusion-gallery-column fusion-gallery-column-3 hover-type-none\"><div class=\"fusion-gallery-image\"><a href=\"https:\/\/astrea-apotheke.ch\/wp-content\/uploads\/2025\/01\/Bild-07.01.25-um-15.55-1.jpeg\" rel=\"noreferrer\" data-rel=\"iLightbox[gallery_image_1]\" class=\"fusion-lightbox\" target=\"_self\"><img decoding=\"async\" src=\"https:\/\/astrea-apotheke.ch\/wp-content\/uploads\/2025\/01\/Bild-07.01.25-um-15.55-1.jpeg\" data-orig-src=\"https:\/\/astrea-apotheke.ch\/wp-content\/uploads\/2025\/01\/Bild-07.01.25-um-15.55-1.jpeg\" width=\"1004\" height=\"912\" alt=\"\" title=\"Bild 07.01.25 um 15.55 (1)\" aria-label=\"Bild 07.01.25 um 15.55 (1)\" class=\"lazyload img-responsive wp-image-31698\" srcset=\"data:image\/svg+xml,%3Csvg%20xmlns%3D%27http%3A%2F%2Fwww.w3.org%2F2000%2Fsvg%27%20width%3D%271004%27%20height%3D%27912%27%20viewBox%3D%270%200%201004%20912%27%3E%3Crect%20width%3D%271004%27%20height%3D%27912%27%20fill-opacity%3D%220%22%2F%3E%3C%2Fsvg%3E\" data-srcset=\"https:\/\/astrea-apotheke.ch\/wp-content\/uploads\/2025\/01\/Bild-07.01.25-um-15.55-1-200x182.jpeg 200w, https:\/\/astrea-apotheke.ch\/wp-content\/uploads\/2025\/01\/Bild-07.01.25-um-15.55-1-400x363.jpeg 400w, https:\/\/astrea-apotheke.ch\/wp-content\/uploads\/2025\/01\/Bild-07.01.25-um-15.55-1-600x545.jpeg 600w, https:\/\/astrea-apotheke.ch\/wp-content\/uploads\/2025\/01\/Bild-07.01.25-um-15.55-1-800x727.jpeg 800w, https:\/\/astrea-apotheke.ch\/wp-content\/uploads\/2025\/01\/Bild-07.01.25-um-15.55-1.jpeg 1004w\" data-sizes=\"auto\" data-orig-sizes=\"(min-width: 2200px) 100vw, (min-width: 784px) 410px, (min-width: 712px) 615px, (min-width: 640px) 712px, \" \/><\/a><\/div><\/div><div style=\"padding:5px;\" class=\"fusion-grid-column fusion-gallery-column fusion-gallery-column-3 hover-type-none\"><div class=\"fusion-gallery-image\"><a href=\"https:\/\/astrea-apotheke.ch\/wp-content\/uploads\/2025\/01\/Bild-07.01.25-um-15.55.jpeg\" rel=\"noreferrer\" data-rel=\"iLightbox[gallery_image_1]\" class=\"fusion-lightbox\" target=\"_self\"><img decoding=\"async\" src=\"https:\/\/astrea-apotheke.ch\/wp-content\/uploads\/2025\/01\/Bild-07.01.25-um-15.55.jpeg\" data-orig-src=\"https:\/\/astrea-apotheke.ch\/wp-content\/uploads\/2025\/01\/Bild-07.01.25-um-15.55.jpeg\" width=\"1002\" height=\"978\" alt=\"\" title=\"Bild 07.01.25 um 15.55\" aria-label=\"Bild 07.01.25 um 15.55\" class=\"lazyload img-responsive wp-image-31700\" srcset=\"data:image\/svg+xml,%3Csvg%20xmlns%3D%27http%3A%2F%2Fwww.w3.org%2F2000%2Fsvg%27%20width%3D%271002%27%20height%3D%27978%27%20viewBox%3D%270%200%201002%20978%27%3E%3Crect%20width%3D%271002%27%20height%3D%27978%27%20fill-opacity%3D%220%22%2F%3E%3C%2Fsvg%3E\" data-srcset=\"https:\/\/astrea-apotheke.ch\/wp-content\/uploads\/2025\/01\/Bild-07.01.25-um-15.55-200x195.jpeg 200w, https:\/\/astrea-apotheke.ch\/wp-content\/uploads\/2025\/01\/Bild-07.01.25-um-15.55-400x390.jpeg 400w, https:\/\/astrea-apotheke.ch\/wp-content\/uploads\/2025\/01\/Bild-07.01.25-um-15.55-600x586.jpeg 600w, https:\/\/astrea-apotheke.ch\/wp-content\/uploads\/2025\/01\/Bild-07.01.25-um-15.55-800x781.jpeg 800w, https:\/\/astrea-apotheke.ch\/wp-content\/uploads\/2025\/01\/Bild-07.01.25-um-15.55.jpeg 1002w\" data-sizes=\"auto\" data-orig-sizes=\"(min-width: 2200px) 100vw, (min-width: 784px) 410px, (min-width: 712px) 615px, (min-width: 640px) 712px, \" \/><\/a><\/div><\/div><\/div><\/div><div class=\"fusion-separator fusion-full-width-sep\" style=\"align-self: center;margin-left: auto;margin-right: auto;width:100%;\"><div class=\"fusion-separator-border sep-double\" style=\"--awb-height:20px;--awb-amount:20px;border-color:var(--awb-color3);border-top-width:1px;border-bottom-width:1px;\"><\/div><\/div><\/div><\/div><div class=\"fusion-layout-column fusion_builder_column fusion-builder-column-1 fusion_builder_column_1_1 1_1 fusion-flex-column\" style=\"--awb-bg-size:cover;--awb-width-large:100%;--awb-margin-top-large:0px;--awb-spacing-right-large:2.375%;--awb-margin-bottom-large:0px;--awb-spacing-left-large:2.375%;--awb-width-medium:100%;--awb-order-medium:0;--awb-spacing-right-medium:2.375%;--awb-spacing-left-medium:2.375%;--awb-width-small:100%;--awb-order-small:0;--awb-spacing-right-small:2.375%;--awb-spacing-left-small:2.375%;\"><div class=\"fusion-column-wrapper fusion-column-has-shadow fusion-flex-justify-content-flex-start fusion-content-layout-column\"><div class=\"fusion-text fusion-text-4\"><p>&nbsp;<\/p>\n<p><b>Une grande confiance dans les \u00e9quipes de pharmacies<\/b><\/p>\n<\/div><div class=\"fusion-text fusion-text-5\"><p><span style=\"color: var(--awb-text-color); font-family: var(--awb-text-font-family); font-size: var(--awb-font-size); font-style: var(--awb-text-font-style); font-weight: var(--awb-text-font-weight); letter-spacing: var(--awb-letter-spacing); text-align: var(--awb-content-alignment); text-transform: var(--awb-text-transform); background-color: var(--awb-bg-color-hover);\">La population suisse appr\u00e9cie les soins de premier recours fournis par les pharmacies, les qualifiant de tr\u00e8s bons. C\u2019est ce que montre un sondage repr\u00e9sentatif r\u00e9alis\u00e9 par l\u2019institut de recherche Sotomo en 2022. Parmi les personnes interrog\u00e9es, 92% ont \u00e9valu\u00e9 positivement l\u2019offre des pharmacies. En outre, le personnel des pharmacies figure parmi les premiers interlocuteurs qui jouissent de la confiance de la population lorsqu\u2019il s\u2019agit de probl\u00e8mes de sant\u00e9 mineurs, en deuxi\u00e8me place apr\u00e8s les m\u00e9decins. La population entretient un lien de confiance avec les pharmacies: en effet, 93% des personnes interrog\u00e9es ont un m\u00e9decin de famille, mais 82% se rendent syst\u00e9matiquement ou g\u00e9n\u00e9ralement dans la m\u00eame pharmacie. La population fr\u00e9quente davantage les pharmacies que les cabinets m\u00e9dicaux, ce qui souligne leur r\u00f4le crucial dans les soins de premiers recours.<\/span><\/p>\n<\/div><div class=\"fusion-text fusion-text-6\"><p><b>Pr\u00e9vention et promotion des g\u00e9n\u00e9riques et des biosimilaires<\/b><\/p>\n<\/div><div class=\"fusion-text fusion-text-7\"><p>Les pharmacies contribuent \u00e0 la ma\u00eetrise des co\u00fbts de la sant\u00e9, non seulement en d\u00e9livrant des m\u00e9dicaments, mais aussi en effectuant un pr\u00e9cieux travail de pr\u00e9vention. Les pharmaciens proposent par exemple des vaccinations sans rendez-vous et peuvent donner de nombreux conseils de pr\u00e9vention. Pour l\u2019instant, la vaccination en pharmacie n\u2019est pas rembours\u00e9e par l\u2019assurance obligatoire des soins (AOS), mais cela pourrait bient\u00f4t changer puisque le Parlement est en train de r\u00e9viser la loi f\u00e9d\u00e9rale sur l\u2019assurance-maladie (LAMal). Ainsi, la prise en charge des co\u00fbts des vaccins par l\u2019AOS pourrait devenir possible dans les pharmacies.<\/p>\n<p>La promotion des g\u00e9n\u00e9riques et des biosimilaires est \u00e9galement tr\u00e8s importante. Or, il y a encore du potentiel en Suisse dans ce domaine, car les g\u00e9n\u00e9riques sont moins utilis\u00e9s chez nous qu\u2019\u00e0 l\u2019\u00e9tranger. Le Conseil f\u00e9d\u00e9ral mise sur des alternatives moins ch\u00e8res et pr\u00e9voit des \u00e9conomies annuelles d\u2019environ 250 millions de francs gr\u00e2ce \u00e0 l\u2019introduction d\u2019une quote-part plus \u00e9lev\u00e9e pour les m\u00e9dicaments plus chers et \u00e0 l\u2019adaptation des prix des g\u00e9n\u00e9riques. Les pharmacies jouent \u00e9galement un r\u00f4le important dans ce contexte en informant de mani\u00e8re cibl\u00e9e leur client\u00e8le sur les alternatives bon march\u00e9.<\/p>\n<\/div><div class=\"fusion-text fusion-text-8\"><p><b>Les pharmacies g\u00e9n\u00e8rent des \u00e9conomies et favorisent ainsi la baisse du co\u00fbt des m\u00e9dicaments<\/b><\/p>\n<\/div><div class=\"fusion-text fusion-text-9\"><p>Un fait souvent ignor\u00e9 est que les pharmacies accordent des rabais significatifs sur les m\u00e9dicaments. Depuis des ann\u00e9es, les pharmacies sont les seuls fournisseurs \u00e0 accorder aux caisses maladie un rabais de 2,5 % sur les m\u00e9dicaments de la liste des sp\u00e9cialit\u00e9s (LS). Cela repr\u00e9sente plusieurs millions de francs d\u2019\u00e9conomies annuelles pour les personnes assur\u00e9es \u2013 une contribution qu\u2019aucun autre groupe professionnel du secteur de la sant\u00e9 n\u2019apporte.<\/p>\n<p>De plus, l\u2019Office f\u00e9d\u00e9ral de la sant\u00e9 publique (OFSP) v\u00e9rifie tous les trois ans les prix des m\u00e9dicaments de la listes des sp\u00e9cialit\u00e9s (LS), permettant ainsi de r\u00e9aliser des \u00e9conomies de plus de 3,8 milliards de francs ces derni\u00e8res ann\u00e9es. Ces baisses de prix n\u2019ont pas seulement un impact sur le prix d\u2019usine des m\u00e9dicaments, mais aussi sur la part de distribution qui, selon la loi, devrait couvrir les co\u00fbts des prestations logistiques li\u00e9es \u00e0 la d\u00e9livrance des m\u00e9dicaments. Cela repr\u00e9sente un d\u00e9fi pour les pharmaciens, car ils doivent pouvoir payer les frais de transport, d\u2019infrastructure et de personnel qui augmentent r\u00e9guli\u00e8rement.<\/p>\n<\/div><div class=\"fusion-text fusion-text-10\"><p><b>Seuls 2,46 % des co\u00fbts totaux des soins de sant\u00e9 sont imputables aux pharmacies.<\/b><\/p>\n<\/div><div class=\"fusion-text fusion-text-11\"><p>En 2022, la part des co\u00fbts attribu\u00e9e aux pharmacies s\u2019\u00e9levait \u00e0 7 %. Mais ce chiffre comprend \u00e9galement la part des prix des m\u00e9dicaments et des dispositifs m\u00e9dicaux qui revient aux fabricants. Si l\u2019on d\u00e9duit cette part, seuls 2,46 % des co\u00fbts sont directement imputables au canal des pharmacies pour l\u2019approvisionnement en m\u00e9dicaments, le conseil et d\u2019autres prestations. La part des pharmacies dans le syst\u00e8me global reste donc tr\u00e8s faible, bien que leurs prestations am\u00e9liorent consid\u00e9rablement l\u2019acc\u00e8s aux soins de sant\u00e9 et la s\u00e9curit\u00e9 de l\u2019approvisionnement pour de nombreuses personnes.<\/p>\n<p><b>Les pharmacies, une solution durable dans le syst\u00e8me de sant\u00e9<\/b><\/p>\n<p>Malgr\u00e9 une demande croissante, une population en augmentation et des exigences de sant\u00e9 de plus en plus complexes, la contribution des pharmacies \u00e0 la stabilisation des co\u00fbts de la sant\u00e9 reste consid\u00e9rable. Elles soulagent les m\u00e9decins de famille, les services d\u2019urgence et encouragent la prise correcte de m\u00e9dicaments. Leur r\u00f4le devient de plus en plus indispensable, notamment dans les zones rurales o\u00f9 l\u2019acc\u00e8s aux soins m\u00e9dicaux est souvent limit\u00e9.<\/p>\n<p>Pour continuer \u00e0 d\u00e9velopper la ma\u00eetrise durable des co\u00fbts par les pharmacies, il est crucial d\u2019int\u00e9grer enfin les services des pharmacies dans l\u2019assurance obligatoire des soins (AOS). En outre, les diff\u00e9rences cantonales dans l\u2019offre de vaccination, tr\u00e8s appr\u00e9ci\u00e9e par la population, devraient absolument \u00eatre harmonis\u00e9es conform\u00e9ment \u00e0 la recommandation de la Commission f\u00e9d\u00e9rale pour les vaccinations (CFV), ce qui permettrait d&rsquo;am\u00e9liorer l&rsquo;acc\u00e8s aux services de pr\u00e9vention.<\/p>\n<p><b>Les p\u00e9nuries de m\u00e9dicaments sont un probl\u00e8me persistant <\/b><\/p>\n<p>Les ruptures d\u2019approvisionnement n\u2019ont cess\u00e9 d\u2019augmenter ces derni\u00e8res ann\u00e9es et stagnent aujourd\u2019hui \u00e0 un niveau \u00e9lev\u00e9. Les p\u00e9nuries d\u2019approvisionnement concernent toutes les cat\u00e9gories de m\u00e9dicaments, mais en premier lieu les m\u00e9dicaments bon march\u00e9 dont les brevets ont expir\u00e9, qui sont les plus touch\u00e9s.<\/p>\n<p>Le prix \u00e9lev\u00e9 des m\u00e9dicaments de la liste des sp\u00e9cialit\u00e9s (LS) fait l\u2019objet de nombreux d\u00e9bats et de diverses mesures. Malheureusement, ces d\u00e9bats se focalisent souvent sur le prix des g\u00e9n\u00e9riques, qui est beaucoup plus \u00e9lev\u00e9 qu\u2019\u00e0 l\u2019\u00e9tranger. Or, c\u2019est pr\u00e9cis\u00e9ment dans ce segment des m\u00e9dicaments bon march\u00e9, principalement utilis\u00e9s dans les soins de base par les cabinets m\u00e9dicaux et les pharmacies, que les p\u00e9nuries sont les plus importantes: plus d\u20191\/3 des m\u00e9dicaments \u00e0 moins de 11 francs ont fait d\u00e9faut l\u2019ann\u00e9e derni\u00e8re. Les pharmacies sont en premi\u00e8re ligne pour faire face \u00e0 cette probl\u00e9matique. Elles investissent \u00e9norm\u00e9ment de temps afin de trouver des alternatives th\u00e9rapeutiques sans compromettre la qualit\u00e9 des soins et en rassurant les patients.<\/p>\n<\/div><\/div><\/div><div class=\"fusion-layout-column fusion_builder_column fusion-builder-column-2 fusion_builder_column_1_1 1_1 fusion-flex-column\" style=\"--awb-bg-size:cover;--awb-width-large:100%;--awb-margin-top-large:0px;--awb-spacing-right-large:2.375%;--awb-margin-bottom-large:0px;--awb-spacing-left-large:2.375%;--awb-width-medium:100%;--awb-order-medium:0;--awb-spacing-right-medium:2.375%;--awb-spacing-left-medium:2.375%;--awb-width-small:100%;--awb-order-small:0;--awb-spacing-right-small:2.375%;--awb-spacing-left-small:2.375%;\"><div class=\"fusion-column-wrapper fusion-column-has-shadow fusion-flex-justify-content-flex-start fusion-content-layout-column\"><div class=\"fusion-reading-box-container reading-box-container-1\" style=\"--awb-title-color:var(--awb-color8);--awb-margin-top:0px;--awb-margin-bottom:20px;\"><div class=\"reading-box\" style=\"background-color:var(--awb-color2);border-width:1px;border-color:rgba(226,226,226,0);border-left-width:3px;border-left-color:var(--primary_color);border-style:solid;\"><h2>Les pharmacies<\/h2><div class=\"reading-box-description fusion-reading-box-additional\">La publication Faits et chiffres fournit des donn\u00e9es de r\u00e9f\u00e9rence sur le syst\u00e8me de sant\u00e9, les prestations des pharmaciens et, de mani\u00e8re g\u00e9n\u00e9rale, sur la profession de pharmacien. Elle r\u00e9pond \u00e0 toutes les questions relatives \u00e0 l\u2019importance des pharmacies en Suisse en mati\u00e8re de politique de la sant\u00e9 et d\u2019\u00e9conomie publique. <\/div><div class=\"reading-box-additional\">\n<p>&nbsp;<\/p>\n<p><img decoding=\"async\" class=\"lazyload alignnone wp-image-31704\" src=\"https:\/\/apotheke.astrea-bulletin.ch\/wp-content\/uploads\/2025\/01\/Fakten_und_Zahlen_fr-3-300x300.png\" data-orig-src=\"https:\/\/apotheke.astrea-bulletin.ch\/wp-content\/uploads\/2025\/01\/Fakten_und_Zahlen_fr-3-300x300.png\" alt=\"\" width=\"177\" height=\"177\" srcset=\"data:image\/svg+xml,%3Csvg%20xmlns%3D%27http%3A%2F%2Fwww.w3.org%2F2000%2Fsvg%27%20width%3D%27177%27%20height%3D%27177%27%20viewBox%3D%270%200%20177%20177%27%3E%3Crect%20width%3D%27177%27%20height%3D%27177%27%20fill-opacity%3D%220%22%2F%3E%3C%2Fsvg%3E\" data-srcset=\"https:\/\/astrea-apotheke.ch\/wp-content\/uploads\/2025\/01\/Fakten_und_Zahlen_fr-3-66x66.png 66w, https:\/\/astrea-apotheke.ch\/wp-content\/uploads\/2025\/01\/Fakten_und_Zahlen_fr-3-150x150.png 150w, https:\/\/astrea-apotheke.ch\/wp-content\/uploads\/2025\/01\/Fakten_und_Zahlen_fr-3-200x200.png 200w, https:\/\/astrea-apotheke.ch\/wp-content\/uploads\/2025\/01\/Fakten_und_Zahlen_fr-3-300x300.png 300w, https:\/\/astrea-apotheke.ch\/wp-content\/uploads\/2025\/01\/Fakten_und_Zahlen_fr-3-400x400.png 400w, https:\/\/astrea-apotheke.ch\/wp-content\/uploads\/2025\/01\/Fakten_und_Zahlen_fr-3-600x600.png 600w, https:\/\/astrea-apotheke.ch\/wp-content\/uploads\/2025\/01\/Fakten_und_Zahlen_fr-3-768x768.png 768w, https:\/\/astrea-apotheke.ch\/wp-content\/uploads\/2025\/01\/Fakten_und_Zahlen_fr-3-800x800.png 800w, https:\/\/astrea-apotheke.ch\/wp-content\/uploads\/2025\/01\/Fakten_und_Zahlen_fr-3-1024x1024.png 1024w, https:\/\/astrea-apotheke.ch\/wp-content\/uploads\/2025\/01\/Fakten_und_Zahlen_fr-3-1200x1200.png 1200w, https:\/\/astrea-apotheke.ch\/wp-content\/uploads\/2025\/01\/Fakten_und_Zahlen_fr-3-1536x1536.png 1536w, https:\/\/astrea-apotheke.ch\/wp-content\/uploads\/2025\/01\/Fakten_und_Zahlen_fr-3.png 3000w\" data-sizes=\"auto\" data-orig-sizes=\"(max-width: 177px) 100vw, 177px\" \/><\/p>\n<\/div><div class=\"fusion-clearfix\"><\/div><\/div><\/div><div class=\"fusion-text fusion-text-12\"><p><a href=\"https:\/\/pharmasuisse.org\/fr\/politique-et-medias\" target=\"_blank\" rel=\"noopener noreferrer\">https:\/\/pharmasuisse.org\/fr\/politique-et-medias<\/a><\/p>\n<\/div><\/div><\/div><\/div><\/div>\n","protected":false},"excerpt":{"rendered":"","protected":false},"author":4,"featured_media":31662,"comment_status":"open","ping_status":"open","sticky":false,"template":"","format":"standard","meta":{"_acf_changed":false,"footnotes":""},"categories":[794],"tags":[900,905,901,902,904,903,906],"class_list":["post-31696","post","type-post","status-publish","format-standard","has-post-thumbnail","hentry","category-pharmasuisse-fr","tag-apotheken-fr","tag-faits-et-chiffres","tag-fakten-und-zahlen-fr","tag-gesundheitswesen-fr-fr","tag-pharmacies","tag-pharmasuisse-fr","tag-sante-publique"],"acf":[],"yoast_head":"<!-- This site is optimized with the Yoast SEO plugin v27.0 - https:\/\/yoast.com\/product\/yoast-seo-wordpress\/ -->\n<title>Les pharmacies - Astrea Aptheke<\/title>\n<meta name=\"description\" content=\"Les pharmacies r\u00e9duisent les co\u00fbts de la sant\u00e9 gr\u00e2ce \u00e0 la pr\u00e9vention, aux m\u00e9dicaments g\u00e9n\u00e9riques et \u00e0 un conseil efficace - un partenaire important dans le syst\u00e8me de sant\u00e9.\" \/>\n<meta name=\"robots\" content=\"index, follow, max-snippet:-1, max-image-preview:large, max-video-preview:-1\" \/>\n<link rel=\"canonical\" href=\"https:\/\/astrea-apotheke.ch\/fr\/les-pharmacies\/\" \/>\n<meta property=\"og:locale\" content=\"fr_FR\" \/>\n<meta property=\"og:type\" content=\"article\" \/>\n<meta property=\"og:title\" content=\"Les pharmacies - Astrea Aptheke\" \/>\n<meta property=\"og:description\" content=\"Les pharmacies r\u00e9duisent les co\u00fbts de la sant\u00e9 gr\u00e2ce \u00e0 la pr\u00e9vention, aux m\u00e9dicaments g\u00e9n\u00e9riques et \u00e0 un conseil efficace - un partenaire important dans le syst\u00e8me de sant\u00e9.\" \/>\n<meta property=\"og:url\" content=\"https:\/\/astrea-apotheke.ch\/fr\/les-pharmacies\/\" \/>\n<meta property=\"og:site_name\" content=\"Astrea Aptheke\" \/>\n<meta property=\"article:published_time\" content=\"2025-01-07T14:42:27+00:00\" \/>\n<meta property=\"article:modified_time\" content=\"2025-01-13T12:53:35+00:00\" \/>\n<meta property=\"og:image\" content=\"https:\/\/astrea-apotheke.ch\/wp-content\/uploads\/2025\/01\/Beratung_Conseil_122.jpeg\" \/>\n\t<meta property=\"og:image:width\" content=\"1835\" \/>\n\t<meta property=\"og:image:height\" content=\"1328\" \/>\n\t<meta property=\"og:image:type\" content=\"image\/jpeg\" \/>\n<meta name=\"author\" content=\"Ramona Ruppanner\" \/>\n<meta name=\"twitter:card\" content=\"summary_large_image\" \/>\n<meta name=\"twitter:label1\" content=\"\u00c9crit par\" \/>\n\t<meta name=\"twitter:data1\" content=\"Ramona Ruppanner\" \/>\n\t<meta name=\"twitter:label2\" content=\"Dur\u00e9e de lecture estim\u00e9e\" \/>\n\t<meta name=\"twitter:data2\" content=\"8 minutes\" \/>\n<script type=\"application\/ld+json\" class=\"yoast-schema-graph\">{\"@context\":\"https:\/\/schema.org\",\"@graph\":[{\"@type\":\"Article\",\"@id\":\"https:\/\/astrea-apotheke.ch\/fr\/les-pharmacies\/#article\",\"isPartOf\":{\"@id\":\"https:\/\/astrea-apotheke.ch\/fr\/les-pharmacies\/\"},\"author\":{\"name\":\"Ramona Ruppanner\",\"@id\":\"https:\/\/astrea-apotheke.ch\/fr\/#\/schema\/person\/9e04bb94d57469769041ed5e14e1c90b\"},\"headline\":\"Les pharmacies\",\"datePublished\":\"2025-01-07T14:42:27+00:00\",\"dateModified\":\"2025-01-13T12:53:35+00:00\",\"mainEntityOfPage\":{\"@id\":\"https:\/\/astrea-apotheke.ch\/fr\/les-pharmacies\/\"},\"wordCount\":2941,\"commentCount\":0,\"publisher\":{\"@id\":\"https:\/\/astrea-apotheke.ch\/fr\/#organization\"},\"image\":{\"@id\":\"https:\/\/astrea-apotheke.ch\/fr\/les-pharmacies\/#primaryimage\"},\"thumbnailUrl\":\"https:\/\/astrea-apotheke.ch\/wp-content\/uploads\/2025\/01\/Beratung_Conseil_122.jpeg\",\"keywords\":[\"Apotheken\",\"Faits et Chiffres\",\"Fakten und Zahlen\",\"Gesundheitswesen\",\"Pharmacies\",\"PharmaSuisse\",\"Sant\u00e9 publique\"],\"articleSection\":[\"pharmaSuisse\"],\"inLanguage\":\"fr-FR\",\"potentialAction\":[{\"@type\":\"CommentAction\",\"name\":\"Comment\",\"target\":[\"https:\/\/astrea-apotheke.ch\/fr\/les-pharmacies\/#respond\"]}]},{\"@type\":\"WebPage\",\"@id\":\"https:\/\/astrea-apotheke.ch\/fr\/les-pharmacies\/\",\"url\":\"https:\/\/astrea-apotheke.ch\/fr\/les-pharmacies\/\",\"name\":\"Les pharmacies - Astrea Aptheke\",\"isPartOf\":{\"@id\":\"https:\/\/astrea-apotheke.ch\/fr\/#website\"},\"primaryImageOfPage\":{\"@id\":\"https:\/\/astrea-apotheke.ch\/fr\/les-pharmacies\/#primaryimage\"},\"image\":{\"@id\":\"https:\/\/astrea-apotheke.ch\/fr\/les-pharmacies\/#primaryimage\"},\"thumbnailUrl\":\"https:\/\/astrea-apotheke.ch\/wp-content\/uploads\/2025\/01\/Beratung_Conseil_122.jpeg\",\"datePublished\":\"2025-01-07T14:42:27+00:00\",\"dateModified\":\"2025-01-13T12:53:35+00:00\",\"description\":\"Les pharmacies r\u00e9duisent les co\u00fbts de la sant\u00e9 gr\u00e2ce \u00e0 la pr\u00e9vention, aux m\u00e9dicaments g\u00e9n\u00e9riques et \u00e0 un conseil efficace - un partenaire important dans le syst\u00e8me de sant\u00e9.\",\"breadcrumb\":{\"@id\":\"https:\/\/astrea-apotheke.ch\/fr\/les-pharmacies\/#breadcrumb\"},\"inLanguage\":\"fr-FR\",\"potentialAction\":[{\"@type\":\"ReadAction\",\"target\":[\"https:\/\/astrea-apotheke.ch\/fr\/les-pharmacies\/\"]}]},{\"@type\":\"ImageObject\",\"inLanguage\":\"fr-FR\",\"@id\":\"https:\/\/astrea-apotheke.ch\/fr\/les-pharmacies\/#primaryimage\",\"url\":\"https:\/\/astrea-apotheke.ch\/wp-content\/uploads\/2025\/01\/Beratung_Conseil_122.jpeg\",\"contentUrl\":\"https:\/\/astrea-apotheke.ch\/wp-content\/uploads\/2025\/01\/Beratung_Conseil_122.jpeg\",\"width\":1835,\"height\":1328},{\"@type\":\"BreadcrumbList\",\"@id\":\"https:\/\/astrea-apotheke.ch\/fr\/les-pharmacies\/#breadcrumb\",\"itemListElement\":[{\"@type\":\"ListItem\",\"position\":1,\"name\":\"Startseite\",\"item\":\"https:\/\/astrea-apotheke.ch\/fr\/\"},{\"@type\":\"ListItem\",\"position\":2,\"name\":\"Les pharmacies\"}]},{\"@type\":\"WebSite\",\"@id\":\"https:\/\/astrea-apotheke.ch\/fr\/#website\",\"url\":\"https:\/\/astrea-apotheke.ch\/fr\/\",\"name\":\"astrea Bulletin\",\"description\":\"Gesundheitsmagazin\",\"publisher\":{\"@id\":\"https:\/\/astrea-apotheke.ch\/fr\/#organization\"},\"potentialAction\":[{\"@type\":\"SearchAction\",\"target\":{\"@type\":\"EntryPoint\",\"urlTemplate\":\"https:\/\/astrea-apotheke.ch\/fr\/?s={search_term_string}\"},\"query-input\":{\"@type\":\"PropertyValueSpecification\",\"valueRequired\":true,\"valueName\":\"search_term_string\"}}],\"inLanguage\":\"fr-FR\"},{\"@type\":\"Organization\",\"@id\":\"https:\/\/astrea-apotheke.ch\/fr\/#organization\",\"name\":\"astrea Bulletin\",\"url\":\"https:\/\/astrea-apotheke.ch\/fr\/\",\"logo\":{\"@type\":\"ImageObject\",\"inLanguage\":\"fr-FR\",\"@id\":\"https:\/\/astrea-apotheke.ch\/fr\/#\/schema\/logo\/image\/\",\"url\":\"http:\/\/apotheke.astrea-bulletin.ch\/wp-content\/uploads\/2024\/08\/Logo_Astrea-Bulletin_RGB.jpg\",\"contentUrl\":\"http:\/\/apotheke.astrea-bulletin.ch\/wp-content\/uploads\/2024\/08\/Logo_Astrea-Bulletin_RGB.jpg\",\"width\":1429,\"height\":560,\"caption\":\"astrea Bulletin\"},\"image\":{\"@id\":\"https:\/\/astrea-apotheke.ch\/fr\/#\/schema\/logo\/image\/\"}},{\"@type\":\"Person\",\"@id\":\"https:\/\/astrea-apotheke.ch\/fr\/#\/schema\/person\/9e04bb94d57469769041ed5e14e1c90b\",\"name\":\"Ramona Ruppanner\",\"image\":{\"@type\":\"ImageObject\",\"inLanguage\":\"fr-FR\",\"@id\":\"https:\/\/astrea-apotheke.ch\/fr\/#\/schema\/person\/image\/\",\"url\":\"https:\/\/secure.gravatar.com\/avatar\/1ac69febedb35268f70a45972f68b8310c3f4edf42ac55b30773e0131b973bfa?s=96&d=mm&r=g\",\"contentUrl\":\"https:\/\/secure.gravatar.com\/avatar\/1ac69febedb35268f70a45972f68b8310c3f4edf42ac55b30773e0131b973bfa?s=96&d=mm&r=g\",\"caption\":\"Ramona Ruppanner\"},\"url\":\"https:\/\/astrea-apotheke.ch\/fr\/author\/ramona-ruppannerhcg-ag-ch\/\"}]}<\/script>\n<!-- \/ Yoast SEO plugin. -->","yoast_head_json":{"title":"Les pharmacies - Astrea Aptheke","description":"Les pharmacies r\u00e9duisent les co\u00fbts de la sant\u00e9 gr\u00e2ce \u00e0 la pr\u00e9vention, aux m\u00e9dicaments g\u00e9n\u00e9riques et \u00e0 un conseil efficace - un partenaire important dans le syst\u00e8me de sant\u00e9.","robots":{"index":"index","follow":"follow","max-snippet":"max-snippet:-1","max-image-preview":"max-image-preview:large","max-video-preview":"max-video-preview:-1"},"canonical":"https:\/\/astrea-apotheke.ch\/fr\/les-pharmacies\/","og_locale":"fr_FR","og_type":"article","og_title":"Les pharmacies - Astrea Aptheke","og_description":"Les pharmacies r\u00e9duisent les co\u00fbts de la sant\u00e9 gr\u00e2ce \u00e0 la pr\u00e9vention, aux m\u00e9dicaments g\u00e9n\u00e9riques et \u00e0 un conseil efficace - un partenaire important dans le syst\u00e8me de sant\u00e9.","og_url":"https:\/\/astrea-apotheke.ch\/fr\/les-pharmacies\/","og_site_name":"Astrea Aptheke","article_published_time":"2025-01-07T14:42:27+00:00","article_modified_time":"2025-01-13T12:53:35+00:00","og_image":[{"width":1835,"height":1328,"url":"https:\/\/astrea-apotheke.ch\/wp-content\/uploads\/2025\/01\/Beratung_Conseil_122.jpeg","type":"image\/jpeg"}],"author":"Ramona Ruppanner","twitter_card":"summary_large_image","twitter_misc":{"\u00c9crit par":"Ramona Ruppanner","Dur\u00e9e de lecture estim\u00e9e":"8 minutes"},"schema":{"@context":"https:\/\/schema.org","@graph":[{"@type":"Article","@id":"https:\/\/astrea-apotheke.ch\/fr\/les-pharmacies\/#article","isPartOf":{"@id":"https:\/\/astrea-apotheke.ch\/fr\/les-pharmacies\/"},"author":{"name":"Ramona Ruppanner","@id":"https:\/\/astrea-apotheke.ch\/fr\/#\/schema\/person\/9e04bb94d57469769041ed5e14e1c90b"},"headline":"Les pharmacies","datePublished":"2025-01-07T14:42:27+00:00","dateModified":"2025-01-13T12:53:35+00:00","mainEntityOfPage":{"@id":"https:\/\/astrea-apotheke.ch\/fr\/les-pharmacies\/"},"wordCount":2941,"commentCount":0,"publisher":{"@id":"https:\/\/astrea-apotheke.ch\/fr\/#organization"},"image":{"@id":"https:\/\/astrea-apotheke.ch\/fr\/les-pharmacies\/#primaryimage"},"thumbnailUrl":"https:\/\/astrea-apotheke.ch\/wp-content\/uploads\/2025\/01\/Beratung_Conseil_122.jpeg","keywords":["Apotheken","Faits et Chiffres","Fakten und Zahlen","Gesundheitswesen","Pharmacies","PharmaSuisse","Sant\u00e9 publique"],"articleSection":["pharmaSuisse"],"inLanguage":"fr-FR","potentialAction":[{"@type":"CommentAction","name":"Comment","target":["https:\/\/astrea-apotheke.ch\/fr\/les-pharmacies\/#respond"]}]},{"@type":"WebPage","@id":"https:\/\/astrea-apotheke.ch\/fr\/les-pharmacies\/","url":"https:\/\/astrea-apotheke.ch\/fr\/les-pharmacies\/","name":"Les pharmacies - Astrea Aptheke","isPartOf":{"@id":"https:\/\/astrea-apotheke.ch\/fr\/#website"},"primaryImageOfPage":{"@id":"https:\/\/astrea-apotheke.ch\/fr\/les-pharmacies\/#primaryimage"},"image":{"@id":"https:\/\/astrea-apotheke.ch\/fr\/les-pharmacies\/#primaryimage"},"thumbnailUrl":"https:\/\/astrea-apotheke.ch\/wp-content\/uploads\/2025\/01\/Beratung_Conseil_122.jpeg","datePublished":"2025-01-07T14:42:27+00:00","dateModified":"2025-01-13T12:53:35+00:00","description":"Les pharmacies r\u00e9duisent les co\u00fbts de la sant\u00e9 gr\u00e2ce \u00e0 la pr\u00e9vention, aux m\u00e9dicaments g\u00e9n\u00e9riques et \u00e0 un conseil efficace - un partenaire important dans le syst\u00e8me de sant\u00e9.","breadcrumb":{"@id":"https:\/\/astrea-apotheke.ch\/fr\/les-pharmacies\/#breadcrumb"},"inLanguage":"fr-FR","potentialAction":[{"@type":"ReadAction","target":["https:\/\/astrea-apotheke.ch\/fr\/les-pharmacies\/"]}]},{"@type":"ImageObject","inLanguage":"fr-FR","@id":"https:\/\/astrea-apotheke.ch\/fr\/les-pharmacies\/#primaryimage","url":"https:\/\/astrea-apotheke.ch\/wp-content\/uploads\/2025\/01\/Beratung_Conseil_122.jpeg","contentUrl":"https:\/\/astrea-apotheke.ch\/wp-content\/uploads\/2025\/01\/Beratung_Conseil_122.jpeg","width":1835,"height":1328},{"@type":"BreadcrumbList","@id":"https:\/\/astrea-apotheke.ch\/fr\/les-pharmacies\/#breadcrumb","itemListElement":[{"@type":"ListItem","position":1,"name":"Startseite","item":"https:\/\/astrea-apotheke.ch\/fr\/"},{"@type":"ListItem","position":2,"name":"Les pharmacies"}]},{"@type":"WebSite","@id":"https:\/\/astrea-apotheke.ch\/fr\/#website","url":"https:\/\/astrea-apotheke.ch\/fr\/","name":"astrea Bulletin","description":"Gesundheitsmagazin","publisher":{"@id":"https:\/\/astrea-apotheke.ch\/fr\/#organization"},"potentialAction":[{"@type":"SearchAction","target":{"@type":"EntryPoint","urlTemplate":"https:\/\/astrea-apotheke.ch\/fr\/?s={search_term_string}"},"query-input":{"@type":"PropertyValueSpecification","valueRequired":true,"valueName":"search_term_string"}}],"inLanguage":"fr-FR"},{"@type":"Organization","@id":"https:\/\/astrea-apotheke.ch\/fr\/#organization","name":"astrea Bulletin","url":"https:\/\/astrea-apotheke.ch\/fr\/","logo":{"@type":"ImageObject","inLanguage":"fr-FR","@id":"https:\/\/astrea-apotheke.ch\/fr\/#\/schema\/logo\/image\/","url":"http:\/\/apotheke.astrea-bulletin.ch\/wp-content\/uploads\/2024\/08\/Logo_Astrea-Bulletin_RGB.jpg","contentUrl":"http:\/\/apotheke.astrea-bulletin.ch\/wp-content\/uploads\/2024\/08\/Logo_Astrea-Bulletin_RGB.jpg","width":1429,"height":560,"caption":"astrea Bulletin"},"image":{"@id":"https:\/\/astrea-apotheke.ch\/fr\/#\/schema\/logo\/image\/"}},{"@type":"Person","@id":"https:\/\/astrea-apotheke.ch\/fr\/#\/schema\/person\/9e04bb94d57469769041ed5e14e1c90b","name":"Ramona Ruppanner","image":{"@type":"ImageObject","inLanguage":"fr-FR","@id":"https:\/\/astrea-apotheke.ch\/fr\/#\/schema\/person\/image\/","url":"https:\/\/secure.gravatar.com\/avatar\/1ac69febedb35268f70a45972f68b8310c3f4edf42ac55b30773e0131b973bfa?s=96&d=mm&r=g","contentUrl":"https:\/\/secure.gravatar.com\/avatar\/1ac69febedb35268f70a45972f68b8310c3f4edf42ac55b30773e0131b973bfa?s=96&d=mm&r=g","caption":"Ramona Ruppanner"},"url":"https:\/\/astrea-apotheke.ch\/fr\/author\/ramona-ruppannerhcg-ag-ch\/"}]}},"_links":{"self":[{"href":"https:\/\/astrea-apotheke.ch\/fr\/wp-json\/wp\/v2\/posts\/31696","targetHints":{"allow":["GET"]}}],"collection":[{"href":"https:\/\/astrea-apotheke.ch\/fr\/wp-json\/wp\/v2\/posts"}],"about":[{"href":"https:\/\/astrea-apotheke.ch\/fr\/wp-json\/wp\/v2\/types\/post"}],"author":[{"embeddable":true,"href":"https:\/\/astrea-apotheke.ch\/fr\/wp-json\/wp\/v2\/users\/4"}],"replies":[{"embeddable":true,"href":"https:\/\/astrea-apotheke.ch\/fr\/wp-json\/wp\/v2\/comments?post=31696"}],"version-history":[{"count":3,"href":"https:\/\/astrea-apotheke.ch\/fr\/wp-json\/wp\/v2\/posts\/31696\/revisions"}],"predecessor-version":[{"id":31707,"href":"https:\/\/astrea-apotheke.ch\/fr\/wp-json\/wp\/v2\/posts\/31696\/revisions\/31707"}],"wp:featuredmedia":[{"embeddable":true,"href":"https:\/\/astrea-apotheke.ch\/fr\/wp-json\/wp\/v2\/media\/31662"}],"wp:attachment":[{"href":"https:\/\/astrea-apotheke.ch\/fr\/wp-json\/wp\/v2\/media?parent=31696"}],"wp:term":[{"taxonomy":"category","embeddable":true,"href":"https:\/\/astrea-apotheke.ch\/fr\/wp-json\/wp\/v2\/categories?post=31696"},{"taxonomy":"post_tag","embeddable":true,"href":"https:\/\/astrea-apotheke.ch\/fr\/wp-json\/wp\/v2\/tags?post=31696"}],"curies":[{"name":"wp","href":"https:\/\/api.w.org\/{rel}","templated":true}]}}