{"id":32416,"date":"2025-05-01T08:10:07","date_gmt":"2025-05-01T06:10:07","guid":{"rendered":"https:\/\/apotheke.astrea-bulletin.ch\/?p=32416"},"modified":"2025-05-01T08:10:16","modified_gmt":"2025-05-01T06:10:16","slug":"sur-les-talons-de-la-premiere-pharmacienne-de-suisse","status":"publish","type":"post","link":"https:\/\/astrea-apotheke.ch\/fr\/sur-les-talons-de-la-premiere-pharmacienne-de-suisse\/","title":{"rendered":"Sur les talons de la \u00abpremi\u00e8re\u00bb pharmacienne de Suisse"},"content":{"rendered":"<div class=\"fusion-fullwidth fullwidth-box fusion-builder-row-1 fusion-flex-container has-pattern-background has-mask-background nonhundred-percent-fullwidth non-hundred-percent-height-scrolling\" style=\"--awb-border-radius-top-left:0px;--awb-border-radius-top-right:0px;--awb-border-radius-bottom-right:0px;--awb-border-radius-bottom-left:0px;--awb-flex-wrap:wrap;\" ><div class=\"fusion-builder-row fusion-row fusion-flex-align-items-flex-start fusion-flex-content-wrap\" style=\"max-width:1302px;margin-left: calc(-5% \/ 2 );margin-right: calc(-5% \/ 2 );\"><div class=\"fusion-layout-column fusion_builder_column fusion-builder-column-0 fusion_builder_column_1_1 1_1 fusion-flex-column\" style=\"--awb-bg-size:cover;--awb-width-large:100%;--awb-margin-top-large:0px;--awb-spacing-right-large:2.375%;--awb-margin-bottom-large:0px;--awb-spacing-left-large:2.375%;--awb-width-medium:100%;--awb-order-medium:0;--awb-spacing-right-medium:2.375%;--awb-spacing-left-medium:2.375%;--awb-width-small:100%;--awb-order-small:0;--awb-spacing-right-small:2.375%;--awb-spacing-left-small:2.375%;\"><div class=\"fusion-column-wrapper fusion-column-has-shadow fusion-flex-justify-content-flex-start fusion-content-layout-column\"><div class=\"fusion-text fusion-text-1\"><p>Pour Martine Ruggli, 24 heures par jour ne suffisent pas. Nous allons chercher la pr\u00e9sidente engag\u00e9e de la Soci\u00e9t\u00e9 Suisse des Pharmaciens pharmaSuisse \u00e0 son domicile au bord du lac L\u00e9man pour partager avec elle son quotidien jusqu\u2019au d\u00e9but de l\u2019apr\u00e8s-midi.<\/p>\n<\/div><div class=\"fusion-text fusion-text-2\"><p>Comment tenir le rythme avec un emploi du temps comme celui de Martine Ruggli? Son domicile se trouve \u00e0 une heure et demie de son lieu de travail \u00e0 Berne. Pour l\u2019accompagner, il faut se lever t\u00f4t.<\/p>\n<p>Il est six heures du matin, nous allons prendre le train r\u00e9gional \u00e0 destination de Morges. De loin d\u00e9j\u00e0, Martine Ruggli nous fait signe sur le quai. C\u2019est ici que commence la journ\u00e9e de travail de la pr\u00e9sidente. Elle est rayonnante, nous raconte son programme de la journ\u00e9e et parle avec enthousiasme de son travail, le tout avec une \u00e9nergie d\u00e9bordante. Quant \u00e0 nous, qui avons encore du mal \u00e0 aligner les mots devant notre double espresso, nous nous contentons de l\u2019\u00e9couter.<\/p>\n<p>La premi\u00e8re pharmacienne de Suisse pendule plusieurs fois par semaine entre le L\u00e9man et Berne-Liebefeld. Dans le train, elle peut se d\u00e9tendre, r\u00e9pondre aux e-mails, t\u00e9l\u00e9phoner et se pr\u00e9parer \u00e0 une journ\u00e9e g\u00e9n\u00e9ralement tr\u00e8s riche en \u00e9v\u00e8nements. \u00abJe profite du calme, de la vue et surtout de l\u2019inspiration que m\u2019offrent les paysages d\u00e9filant devant moi; c\u2019est \u00e0 ce moment-l\u00e0 que j\u2019esquisse la structure de ma journ\u00e9e de travail.\u00bb<\/p>\n<p>Six heures et demie. De Morges, M. Ruggli a un train direct jusqu\u2019\u00e0 Berne. \u00abJe me d\u00e9place \u00e9norm\u00e9ment, parce que je d\u00e9fends chaque jour des milliers de collaboratrices et collaborateurs des plus de 1800 pharmacies de toute la Suisse, et parce que je les repr\u00e9sente activement. Mon r\u00f4le d\u2019ambassadrice me tient \u00e0 c\u0153ur.\u00bb En tant que pr\u00e9sidente, elle occupe une fonction de pivot entre d\u2019un c\u00f4t\u00e9 les pharmaciennes et pharmaciens, et de l\u2019autre les responsables politiques, les assurances, les autres fournisseurs de prestations, les associations, mais aussi les pouvoirs publics. \u00abCette fonction de coordination au sein du r\u00e9seau est essentielle. Heureusement, je ne suis pas seule pour assumer cette t\u00e2che: je peux compter sur le soutien inestimable du comit\u00e9 de pharmaSuisse et des quelque 70 collaboratrices et collaborateurs du si\u00e8ge.\u00bb<\/p>\n<p>M. Ruggli est une personnalit\u00e9 d\u2019une grande vivacit\u00e9, pleine d\u2019\u00e9nergie. \u00c0 l\u2019origine, elle voulait devenir m\u00e9decin. Elle a pourtant chang\u00e9 d\u2019avis \u00e0 la derni\u00e8re minute et opt\u00e9 pour des \u00e9tudes de pharmacie. \u00abJe n\u2019ai jamais regrett\u00e9 ce choix. La pharmacie offre une \u00e9norme diversit\u00e9 et je me sens tout \u00e0 fait au bon endroit. Mon objectif est de faire bouger les choses, comme faire en sorte que les pharmacies soient mieux utilis\u00e9es dans notre syst\u00e8me de sant\u00e9. Nous avons les comp\u00e9tences n\u00e9cessaires, sommes faciles d\u2019acc\u00e8s et il est important que la population puisse encore plus en profiter.\u00bb<\/p>\n<p>Peu avant Pal\u00e9zieux: c\u2019est tout pr\u00e8s d\u2019ici que Martine Ruggli a pass\u00e9 son enfance, \u00e0 Ch\u00e2tel-Saint-Denis. Son p\u00e8re \u00e9tait v\u00e9t\u00e9rinaire, sa m\u00e8re l\u2019aidait au cabinet puis est devenue conseill\u00e8re nationale. \u00abNous avons eu t\u00f4t le droit de mettre la main \u00e0 la p\u00e2te dans l\u2019entreprise familiale et d\u2019y assumer des responsabilit\u00e9s.\u00bb Et c\u2019est quelque chose qu\u2019elle fait encore volontiers aujourd\u2019hui. \u00abEn tant que pharmaciennes et pharmaciens, nous devons nous r\u00e9inventer sans cesse, faire preuve de courage, repenser certaines questions \u2013 et rendre les pharmacies capables d\u2019\u00eatre actives par elles-m\u00eames.\u00bb<\/p>\n<p>Elle est \u00e0 la t\u00eate de la Soci\u00e9t\u00e9 Suisse des Pharmaciens depuis 2021. \u00abLa branche est vraiment passionnante. Nous avons beaucoup de th\u00e8mes et de projets, la mati\u00e8re est complexe et exigeante. Mais je sens que nous tirons toutes et tous \u00e0 la m\u00eame corde et dans le m\u00eame temps, je jouis d\u2019une grande confiance. Il me tient \u00e0 c\u0153ur d\u2019\u00eatre \u00e0 l\u2019\u00e9coute des pr\u00e9occupations de nos membres et de faire entendre leurs revendications.\u00bb M. Ruggli veut ouvrir la voie aux pharmacies pour qu\u2019elles soient non seulement mieux per\u00e7ues \u00e0 l\u2019avenir, mais qu\u2019elles puissent aussi renforcer leur position, \u00e9tant donn\u00e9 que les responsables politiques leur ont confi\u00e9 plus de responsabilit\u00e9s.<\/p>\n<p>En fait, plus qu\u2019une femme de carri\u00e8re, Martine Ruggli est une femme d\u00e9vou\u00e9e \u00e0 sa famille. \u00abJe me suis gliss\u00e9e dans ce r\u00f4le\u00bb, affirme-t-elle. Elle est parfaitement bilingue, ce qui est un grand avantage. Au sein de la branche, elle est \u00e9galement connue pour son r\u00f4le d\u2019interm\u00e9diaire entre les fronts linguistiques. \u00abPendant mes \u00e9tudes, j\u2019ai fait un stage dans une pharmacie \u00e0 Berne, o\u00f9 je suis rest\u00e9e apr\u00e8s ma formation. J\u2019y ai appris non seulement \u00e0 comprendre le Suisse allemand, mais aussi \u00e0 le parler. Aujourd\u2019hui, cela me sert \u00e9norm\u00e9ment.\u00bb<\/p>\n<p>\u00c0 l\u2019ext\u00e9rieur, le jour se l\u00e8ve et les premiers rayons de soleil pointent \u00e0 l\u2019horizon au-dessus des Alpes bernoises. Martine Ruggli est \u00e9blouie et admire l\u2019espace d\u2019un instant ce beau spectacle naturel. Elle \u00e9voque maintenant l\u2019importance du courage et des visions, se montrant confiante dans son analyse: \u00abMalgr\u00e9 la p\u00e9nurie de personnel qualifi\u00e9, la pression financi\u00e8re et les ruptures de stock, je vois beaucoup d\u2019opportunit\u00e9s pour les pharmacies de s\u2019\u00e9panouir dans leur r\u00f4le. Les membres de la profession sont tr\u00e8s engag\u00e9s et s\u2019identifient \u00e0 leur commerce sp\u00e9cialis\u00e9\u00bb. Et elle poursuit: \u00abNous devons encore mieux nous mettre en r\u00e9seau, \u00e9changer et nous soutenir mutuellement. Ce faisant, nous nous consid\u00e9rons comme des partenaires sant\u00e9 et des sp\u00e9cialistes des m\u00e9dicaments qui veulent \u00eatre aux c\u00f4t\u00e9s de tous les fournisseurs de prestations.\u00bb<\/p>\n<p>Les nombreuses obligations de Martine Ruggli ne la stressent pas. Elle affirme trouver du temps pour sa famille et ses amis. \u00abJe parviens relativement bien \u00e0 tout concilier, en partie gr\u00e2ce aux activit\u00e9s vari\u00e9es qui rythment ma vie priv\u00e9e et qui sont pour moi une source d\u2019inspiration.\u00bb<\/p>\n<p>Peu avant huit heures: le train traverse la banlieue de Berne. Patiente, Martine Ruggli pose pour la s\u00e9ance photo. Aucune trace de nervosit\u00e9 ni de tension, bien au contraire: avec verve et enthousiasme, elle continue de parler de ses projets, et de la mani\u00e8re dont elle entend relever les futurs d\u00e9fis du march\u00e9 et de l\u2019association: \u00abBeaucoup de gens ne sont pas conscients de ce que les pharmaciennes et pharmaciens peuvent faire et font r\u00e9ellement en Suisse. Dans un nombre croissant de pays, les pharmaciennes et pharmaciens sont enti\u00e8rement int\u00e9gr\u00e9s dans le syst\u00e8me de sant\u00e9 en raison de la p\u00e9nurie de m\u00e9decins, proposant par exemple des vaccins et des premiers soins en cas de maladies et de troubles de sant\u00e9 courants. La principale diff\u00e9rence entre la Suisse et l\u2019\u00e9tranger, et celle-ci est d\u00e9cisive, est toutefois que chez nous, les patientes et patients doivent payer de leur poche toutes les prestations des pharmacies, tandis qu\u2019elles sont prises en charge par l\u2019assurance-maladie dans d\u2019autres pays. Mais en Suisse aussi, cela devrait en partie changer avec la r\u00e9vision de la loi en cours.\u00bb<\/p>\n<p>La campagne actuelle \u00abConsultation en pharmacie\u00bb, que Martine Ruggli soutient, est une bonne occasion. \u00abVia cette campagne, nous pouvons entre autres montrer que nous ma\u00eetrisons \u00e0 la fois les conseils simples et approfondis\u00bb, argumente-t-elle. \u00abNous savons toutefois aussi qu\u2019une campagne met du temps \u00e0 toucher les gens et \u00e0 produire de l\u2019effet.\u00bb<\/p>\n<p>Depuis la modification de la loi sur les produits th\u00e9rapeutiques de 2019, les pharmaciennes et pharmaciens ont le droit de remettre certains m\u00e9dicaments soumis \u00e0 ordonnance m\u00eame en l\u2019absence d\u2019une prescription m\u00e9dicale. \u00abMalheureusement, beaucoup trop peu de gens le savent\u00bb, affirme Martine Ruggli avec insistance, puis ajoute: \u00abPour assumer les nouvelles comp\u00e9tences de remise et les mettre en application en toute confiance au quotidien, il \u00e9tait n\u00e9cessaire que les pharmaciennes et pharmaciens revoient la conception de leur r\u00f4le. Au d\u00e9but, cela a mis en difficult\u00e9 les \u00e9quipes des pharmacies, qui ont eu besoin de beaucoup de temps pour la mise en \u0153uvre, d\u2019autant plus que les pharmacies ont subi une forte pression en raison de la p\u00e9nurie de personnel et des probl\u00e8mes d\u2019approvisionnement en m\u00e9dicaments.\u00bb La Soci\u00e9t\u00e9 Suisse des Pharmaciens pharmaSuisse ainsi que les cha\u00eenes et groupements ont toutefois accompagn\u00e9 les \u00e9quipes officinales et les ont soutenues avec diff\u00e9rents outils. Les pharmaciennes et pharmaciennes sont donc maintenant dispos\u00e9s \u00e0 proposer les nouvelles prestations de mani\u00e8re plus active. M. Ruggli en tire la conclusion suivante: \u00abC\u2019est maintenant le bon moment de transmettre \u00e0 la population, via une campagne d\u00e9di\u00e9e, notre message \u2039Votre solution sant\u00e9 \u2013 votre pharmacie\u203a.\u00bb<\/p>\n<p><span style=\"letter-spacing: 0.24px; background-color: rgba(0, 0, 0, 0);\">Peu apr\u00e8s huit heures, Martine Ruggli arrive aux bureaux de Berne-Liebefeld. L\u2019affiche de la campagne actuelle montre quatre collaboratrices et collaborateurs en blouse blanche en train de traverser un passage pi\u00e9ton. Elle est intitul\u00e9e: \u00abTous les chemins m\u00e8nent \u00e0 la pharmacie.\u00bb Une devise tout \u00e0 fait \u00e0 l\u2019image de Martine Ruggli, qui insiste: \u00abPour les questions de sant\u00e9, la population devrait penser aux pharmacies: elles sont professionnelles, disponibles et dignes de confiance.\u00bb<\/span><\/p>\n<p>Apr\u00e8s notre interview, Martine Ruggli s\u2019\u00e9clipse. Elle a convenu d\u2019une entrevue avec le secr\u00e9taire g\u00e9n\u00e9ral de l\u2019association. Ensuite, elle passe quelques coups de fil, r\u00e9pond \u00e0 des e-mails puis s\u2019en va pour la Place f\u00e9d\u00e9rale. L\u00e0-bas, aux c\u00f4t\u00e9s des m\u00e9decins, des dentistes, des v\u00e9t\u00e9rinaires et des chiropraticiennes et chiropraticiens, elle remet aux responsables politiques un catalogue de revendications contre la p\u00e9nurie de personnel qualifi\u00e9. \u00abEn Suisse, il y a cinq professions m\u00e9dicales, dont celle de pharmacienne et pharmacien. Nous voulons \u00e9galement \u00eatre per\u00e7us au niveau politique\u00bb, revendique Martine Ruggli. Elle conclut en adressant une demande \u00e0 l\u2019ensemble des pharmaciennes et pharmaciens et des assistantes et assistants en pharmacie: \u00abJe compte sur vous. Montrez votre comp\u00e9tence et continuez de faire preuve d\u2019autant d\u2019engagement. Je suis convaincue qu\u2019au final, nous obtiendrons toutes et tous une vraie reconnaissance qui nous permettra d\u2019assumer un r\u00f4le encore plus important dans notre syst\u00e8me de sant\u00e9. Dans ma fonction, je ne m\u2019engage pas seulement dans l\u2019int\u00e9r\u00eat des professionnels travaillant en pharmacie, mais en fin de compte aussi pour le bien de la population\u00bb.<\/p>\n<p>C\u2019est sur ces mots qu\u2019elle rejoint ses coll\u00e8gues sur la Place f\u00e9d\u00e9rale pour poursuivre les d\u00e9bats.<\/p>\n<\/div><div class=\"fusion-image-element \" style=\"--awb-caption-title-font-family:var(--h2_typography-font-family);--awb-caption-title-font-weight:var(--h2_typography-font-weight);--awb-caption-title-font-style:var(--h2_typography-font-style);--awb-caption-title-size:var(--h2_typography-font-size);--awb-caption-title-transform:var(--h2_typography-text-transform);--awb-caption-title-line-height:var(--h2_typography-line-height);--awb-caption-title-letter-spacing:var(--h2_typography-letter-spacing);\"><span class=\" fusion-imageframe imageframe-none imageframe-1 hover-type-none\"><a class=\"fusion-no-lightbox\" href=\"https:\/\/wir-machens-moeglich.ch\/\" target=\"_blank\" aria-label=\"QR-Code Wir machens moeglich\" rel=\"noopener noreferrer\"><img decoding=\"async\" width=\"300\" height=\"300\" src=\"https:\/\/astrea-apotheke.ch\/wp-content\/uploads\/2025\/04\/Bild-17.04.25-um-14.55.jpeg\" data-orig-src=\"https:\/\/apotheke.astrea-bulletin.ch\/wp-content\/uploads\/2025\/04\/Bild-17.04.25-um-14.55-300x300.jpeg\" alt class=\"lazyload img-responsive wp-image-32418\" srcset=\"data:image\/svg+xml,%3Csvg%20xmlns%3D%27http%3A%2F%2Fwww.w3.org%2F2000%2Fsvg%27%20width%3D%27734%27%20height%3D%27731%27%20viewBox%3D%270%200%20734%20731%27%3E%3Crect%20width%3D%27734%27%20height%3D%27731%27%20fill-opacity%3D%220%22%2F%3E%3C%2Fsvg%3E\" data-srcset=\"https:\/\/astrea-apotheke.ch\/wp-content\/uploads\/2025\/04\/Bild-17.04.25-um-14.55-200x199.jpeg 200w, https:\/\/astrea-apotheke.ch\/wp-content\/uploads\/2025\/04\/Bild-17.04.25-um-14.55-400x398.jpeg 400w, https:\/\/astrea-apotheke.ch\/wp-content\/uploads\/2025\/04\/Bild-17.04.25-um-14.55-600x598.jpeg 600w, https:\/\/astrea-apotheke.ch\/wp-content\/uploads\/2025\/04\/Bild-17.04.25-um-14.55.jpeg 734w\" data-sizes=\"auto\" data-orig-sizes=\"(max-width: 800px) 100vw, 300px\" \/><\/a><\/span><\/div><\/div><\/div><\/div><\/div>\n","protected":false},"excerpt":{"rendered":"","protected":false},"author":4,"featured_media":32409,"comment_status":"open","ping_status":"open","sticky":false,"template":"","format":"standard","meta":{"_acf_changed":false,"footnotes":""},"categories":[646],"tags":[898,1128,129],"class_list":["post-32416","post","type-post","status-publish","format-standard","has-post-thumbnail","hentry","category-pharmasuisse","tag-apotheken","tag-martine-ruggli","tag-pharmasuisse"],"acf":[],"yoast_head":"<!-- This site is optimized with the Yoast SEO plugin v27.0 - https:\/\/yoast.com\/product\/yoast-seo-wordpress\/ -->\n<title>Sur les talons de la \u00abpremi\u00e8re\u00bb pharmacienne de Suisse - Astrea Aptheke<\/title>\n<meta name=\"description\" content=\"Une journ\u00e9e avec Martine Ruggli, pr\u00e9sidente de pharmaSuisse: Entre le lac L\u00e9man et la place f\u00e9d\u00e9rale pour l&#039;avenir des pharmacies.\" \/>\n<meta name=\"robots\" content=\"index, follow, max-snippet:-1, max-image-preview:large, max-video-preview:-1\" \/>\n<link rel=\"canonical\" href=\"https:\/\/astrea-apotheke.ch\/fr\/sur-les-talons-de-la-premiere-pharmacienne-de-suisse\/\" \/>\n<meta property=\"og:locale\" content=\"fr_FR\" \/>\n<meta property=\"og:type\" content=\"article\" \/>\n<meta property=\"og:title\" content=\"Sur les talons de la \u00abpremi\u00e8re\u00bb pharmacienne de Suisse - Astrea Aptheke\" \/>\n<meta property=\"og:description\" content=\"Une journ\u00e9e avec Martine Ruggli, pr\u00e9sidente de pharmaSuisse: Entre le lac L\u00e9man et la place f\u00e9d\u00e9rale pour l&#039;avenir des pharmacies.\" \/>\n<meta property=\"og:url\" content=\"https:\/\/astrea-apotheke.ch\/fr\/sur-les-talons-de-la-premiere-pharmacienne-de-suisse\/\" \/>\n<meta property=\"og:site_name\" content=\"Astrea Aptheke\" \/>\n<meta property=\"article:published_time\" content=\"2025-05-01T06:10:07+00:00\" \/>\n<meta property=\"article:modified_time\" content=\"2025-05-01T06:10:16+00:00\" \/>\n<meta property=\"og:image\" content=\"https:\/\/astrea-apotheke.ch\/wp-content\/uploads\/2025\/04\/Bild-17.04.25-um-14.44.jpeg\" \/>\n\t<meta property=\"og:image:width\" content=\"946\" \/>\n\t<meta property=\"og:image:height\" content=\"691\" \/>\n\t<meta property=\"og:image:type\" content=\"image\/jpeg\" \/>\n<meta name=\"author\" content=\"Ramona Ruppanner\" \/>\n<meta name=\"twitter:card\" content=\"summary_large_image\" \/>\n<meta name=\"twitter:label1\" content=\"\u00c9crit par\" \/>\n\t<meta name=\"twitter:data1\" content=\"Ramona Ruppanner\" \/>\n\t<meta name=\"twitter:label2\" content=\"Dur\u00e9e de lecture estim\u00e9e\" \/>\n\t<meta name=\"twitter:data2\" content=\"10 minutes\" \/>\n<script type=\"application\/ld+json\" class=\"yoast-schema-graph\">{\"@context\":\"https:\/\/schema.org\",\"@graph\":[{\"@type\":\"Article\",\"@id\":\"https:\/\/astrea-apotheke.ch\/fr\/sur-les-talons-de-la-premiere-pharmacienne-de-suisse\/#article\",\"isPartOf\":{\"@id\":\"https:\/\/astrea-apotheke.ch\/fr\/sur-les-talons-de-la-premiere-pharmacienne-de-suisse\/\"},\"author\":{\"name\":\"Ramona Ruppanner\",\"@id\":\"https:\/\/astrea-apotheke.ch\/fr\/#\/schema\/person\/9e04bb94d57469769041ed5e14e1c90b\"},\"headline\":\"Sur les talons de la \u00abpremi\u00e8re\u00bb pharmacienne de Suisse\",\"datePublished\":\"2025-05-01T06:10:07+00:00\",\"dateModified\":\"2025-05-01T06:10:16+00:00\",\"mainEntityOfPage\":{\"@id\":\"https:\/\/astrea-apotheke.ch\/fr\/sur-les-talons-de-la-premiere-pharmacienne-de-suisse\/\"},\"wordCount\":2481,\"commentCount\":0,\"publisher\":{\"@id\":\"https:\/\/astrea-apotheke.ch\/fr\/#organization\"},\"image\":{\"@id\":\"https:\/\/astrea-apotheke.ch\/fr\/sur-les-talons-de-la-premiere-pharmacienne-de-suisse\/#primaryimage\"},\"thumbnailUrl\":\"https:\/\/astrea-apotheke.ch\/wp-content\/uploads\/2025\/04\/Bild-17.04.25-um-14.44.jpeg\",\"keywords\":[\"Apotheken\",\"Martine Ruggli\",\"PharmaSuisse\"],\"articleSection\":[\"pharmaSuisse\"],\"inLanguage\":\"fr-FR\",\"potentialAction\":[{\"@type\":\"CommentAction\",\"name\":\"Comment\",\"target\":[\"https:\/\/astrea-apotheke.ch\/fr\/sur-les-talons-de-la-premiere-pharmacienne-de-suisse\/#respond\"]}]},{\"@type\":\"WebPage\",\"@id\":\"https:\/\/astrea-apotheke.ch\/fr\/sur-les-talons-de-la-premiere-pharmacienne-de-suisse\/\",\"url\":\"https:\/\/astrea-apotheke.ch\/fr\/sur-les-talons-de-la-premiere-pharmacienne-de-suisse\/\",\"name\":\"Sur les talons de la \u00abpremi\u00e8re\u00bb pharmacienne de Suisse - Astrea Aptheke\",\"isPartOf\":{\"@id\":\"https:\/\/astrea-apotheke.ch\/fr\/#website\"},\"primaryImageOfPage\":{\"@id\":\"https:\/\/astrea-apotheke.ch\/fr\/sur-les-talons-de-la-premiere-pharmacienne-de-suisse\/#primaryimage\"},\"image\":{\"@id\":\"https:\/\/astrea-apotheke.ch\/fr\/sur-les-talons-de-la-premiere-pharmacienne-de-suisse\/#primaryimage\"},\"thumbnailUrl\":\"https:\/\/astrea-apotheke.ch\/wp-content\/uploads\/2025\/04\/Bild-17.04.25-um-14.44.jpeg\",\"datePublished\":\"2025-05-01T06:10:07+00:00\",\"dateModified\":\"2025-05-01T06:10:16+00:00\",\"description\":\"Une journ\u00e9e avec Martine Ruggli, pr\u00e9sidente de pharmaSuisse: Entre le lac L\u00e9man et la place f\u00e9d\u00e9rale pour l'avenir des pharmacies.\",\"breadcrumb\":{\"@id\":\"https:\/\/astrea-apotheke.ch\/fr\/sur-les-talons-de-la-premiere-pharmacienne-de-suisse\/#breadcrumb\"},\"inLanguage\":\"fr-FR\",\"potentialAction\":[{\"@type\":\"ReadAction\",\"target\":[\"https:\/\/astrea-apotheke.ch\/fr\/sur-les-talons-de-la-premiere-pharmacienne-de-suisse\/\"]}]},{\"@type\":\"ImageObject\",\"inLanguage\":\"fr-FR\",\"@id\":\"https:\/\/astrea-apotheke.ch\/fr\/sur-les-talons-de-la-premiere-pharmacienne-de-suisse\/#primaryimage\",\"url\":\"https:\/\/astrea-apotheke.ch\/wp-content\/uploads\/2025\/04\/Bild-17.04.25-um-14.44.jpeg\",\"contentUrl\":\"https:\/\/astrea-apotheke.ch\/wp-content\/uploads\/2025\/04\/Bild-17.04.25-um-14.44.jpeg\",\"width\":946,\"height\":691},{\"@type\":\"BreadcrumbList\",\"@id\":\"https:\/\/astrea-apotheke.ch\/fr\/sur-les-talons-de-la-premiere-pharmacienne-de-suisse\/#breadcrumb\",\"itemListElement\":[{\"@type\":\"ListItem\",\"position\":1,\"name\":\"Startseite\",\"item\":\"https:\/\/astrea-apotheke.ch\/fr\/\"},{\"@type\":\"ListItem\",\"position\":2,\"name\":\"Sur les talons de la \u00abpremi\u00e8re\u00bb pharmacienne de Suisse\"}]},{\"@type\":\"WebSite\",\"@id\":\"https:\/\/astrea-apotheke.ch\/fr\/#website\",\"url\":\"https:\/\/astrea-apotheke.ch\/fr\/\",\"name\":\"astrea Bulletin\",\"description\":\"Gesundheitsmagazin\",\"publisher\":{\"@id\":\"https:\/\/astrea-apotheke.ch\/fr\/#organization\"},\"potentialAction\":[{\"@type\":\"SearchAction\",\"target\":{\"@type\":\"EntryPoint\",\"urlTemplate\":\"https:\/\/astrea-apotheke.ch\/fr\/?s={search_term_string}\"},\"query-input\":{\"@type\":\"PropertyValueSpecification\",\"valueRequired\":true,\"valueName\":\"search_term_string\"}}],\"inLanguage\":\"fr-FR\"},{\"@type\":\"Organization\",\"@id\":\"https:\/\/astrea-apotheke.ch\/fr\/#organization\",\"name\":\"astrea Bulletin\",\"url\":\"https:\/\/astrea-apotheke.ch\/fr\/\",\"logo\":{\"@type\":\"ImageObject\",\"inLanguage\":\"fr-FR\",\"@id\":\"https:\/\/astrea-apotheke.ch\/fr\/#\/schema\/logo\/image\/\",\"url\":\"http:\/\/apotheke.astrea-bulletin.ch\/wp-content\/uploads\/2024\/08\/Logo_Astrea-Bulletin_RGB.jpg\",\"contentUrl\":\"http:\/\/apotheke.astrea-bulletin.ch\/wp-content\/uploads\/2024\/08\/Logo_Astrea-Bulletin_RGB.jpg\",\"width\":1429,\"height\":560,\"caption\":\"astrea Bulletin\"},\"image\":{\"@id\":\"https:\/\/astrea-apotheke.ch\/fr\/#\/schema\/logo\/image\/\"}},{\"@type\":\"Person\",\"@id\":\"https:\/\/astrea-apotheke.ch\/fr\/#\/schema\/person\/9e04bb94d57469769041ed5e14e1c90b\",\"name\":\"Ramona Ruppanner\",\"image\":{\"@type\":\"ImageObject\",\"inLanguage\":\"fr-FR\",\"@id\":\"https:\/\/astrea-apotheke.ch\/fr\/#\/schema\/person\/image\/\",\"url\":\"https:\/\/secure.gravatar.com\/avatar\/1ac69febedb35268f70a45972f68b8310c3f4edf42ac55b30773e0131b973bfa?s=96&d=mm&r=g\",\"contentUrl\":\"https:\/\/secure.gravatar.com\/avatar\/1ac69febedb35268f70a45972f68b8310c3f4edf42ac55b30773e0131b973bfa?s=96&d=mm&r=g\",\"caption\":\"Ramona Ruppanner\"},\"url\":\"https:\/\/astrea-apotheke.ch\/fr\/author\/ramona-ruppannerhcg-ag-ch\/\"}]}<\/script>\n<!-- \/ Yoast SEO plugin. -->","yoast_head_json":{"title":"Sur les talons de la \u00abpremi\u00e8re\u00bb pharmacienne de Suisse - Astrea Aptheke","description":"Une journ\u00e9e avec Martine Ruggli, pr\u00e9sidente de pharmaSuisse: Entre le lac L\u00e9man et la place f\u00e9d\u00e9rale pour l'avenir des pharmacies.","robots":{"index":"index","follow":"follow","max-snippet":"max-snippet:-1","max-image-preview":"max-image-preview:large","max-video-preview":"max-video-preview:-1"},"canonical":"https:\/\/astrea-apotheke.ch\/fr\/sur-les-talons-de-la-premiere-pharmacienne-de-suisse\/","og_locale":"fr_FR","og_type":"article","og_title":"Sur les talons de la \u00abpremi\u00e8re\u00bb pharmacienne de Suisse - Astrea Aptheke","og_description":"Une journ\u00e9e avec Martine Ruggli, pr\u00e9sidente de pharmaSuisse: Entre le lac L\u00e9man et la place f\u00e9d\u00e9rale pour l'avenir des pharmacies.","og_url":"https:\/\/astrea-apotheke.ch\/fr\/sur-les-talons-de-la-premiere-pharmacienne-de-suisse\/","og_site_name":"Astrea Aptheke","article_published_time":"2025-05-01T06:10:07+00:00","article_modified_time":"2025-05-01T06:10:16+00:00","og_image":[{"width":946,"height":691,"url":"https:\/\/astrea-apotheke.ch\/wp-content\/uploads\/2025\/04\/Bild-17.04.25-um-14.44.jpeg","type":"image\/jpeg"}],"author":"Ramona Ruppanner","twitter_card":"summary_large_image","twitter_misc":{"\u00c9crit par":"Ramona Ruppanner","Dur\u00e9e de lecture estim\u00e9e":"10 minutes"},"schema":{"@context":"https:\/\/schema.org","@graph":[{"@type":"Article","@id":"https:\/\/astrea-apotheke.ch\/fr\/sur-les-talons-de-la-premiere-pharmacienne-de-suisse\/#article","isPartOf":{"@id":"https:\/\/astrea-apotheke.ch\/fr\/sur-les-talons-de-la-premiere-pharmacienne-de-suisse\/"},"author":{"name":"Ramona Ruppanner","@id":"https:\/\/astrea-apotheke.ch\/fr\/#\/schema\/person\/9e04bb94d57469769041ed5e14e1c90b"},"headline":"Sur les talons de la \u00abpremi\u00e8re\u00bb pharmacienne de Suisse","datePublished":"2025-05-01T06:10:07+00:00","dateModified":"2025-05-01T06:10:16+00:00","mainEntityOfPage":{"@id":"https:\/\/astrea-apotheke.ch\/fr\/sur-les-talons-de-la-premiere-pharmacienne-de-suisse\/"},"wordCount":2481,"commentCount":0,"publisher":{"@id":"https:\/\/astrea-apotheke.ch\/fr\/#organization"},"image":{"@id":"https:\/\/astrea-apotheke.ch\/fr\/sur-les-talons-de-la-premiere-pharmacienne-de-suisse\/#primaryimage"},"thumbnailUrl":"https:\/\/astrea-apotheke.ch\/wp-content\/uploads\/2025\/04\/Bild-17.04.25-um-14.44.jpeg","keywords":["Apotheken","Martine Ruggli","PharmaSuisse"],"articleSection":["pharmaSuisse"],"inLanguage":"fr-FR","potentialAction":[{"@type":"CommentAction","name":"Comment","target":["https:\/\/astrea-apotheke.ch\/fr\/sur-les-talons-de-la-premiere-pharmacienne-de-suisse\/#respond"]}]},{"@type":"WebPage","@id":"https:\/\/astrea-apotheke.ch\/fr\/sur-les-talons-de-la-premiere-pharmacienne-de-suisse\/","url":"https:\/\/astrea-apotheke.ch\/fr\/sur-les-talons-de-la-premiere-pharmacienne-de-suisse\/","name":"Sur les talons de la \u00abpremi\u00e8re\u00bb pharmacienne de Suisse - Astrea Aptheke","isPartOf":{"@id":"https:\/\/astrea-apotheke.ch\/fr\/#website"},"primaryImageOfPage":{"@id":"https:\/\/astrea-apotheke.ch\/fr\/sur-les-talons-de-la-premiere-pharmacienne-de-suisse\/#primaryimage"},"image":{"@id":"https:\/\/astrea-apotheke.ch\/fr\/sur-les-talons-de-la-premiere-pharmacienne-de-suisse\/#primaryimage"},"thumbnailUrl":"https:\/\/astrea-apotheke.ch\/wp-content\/uploads\/2025\/04\/Bild-17.04.25-um-14.44.jpeg","datePublished":"2025-05-01T06:10:07+00:00","dateModified":"2025-05-01T06:10:16+00:00","description":"Une journ\u00e9e avec Martine Ruggli, pr\u00e9sidente de pharmaSuisse: Entre le lac L\u00e9man et la place f\u00e9d\u00e9rale pour l'avenir des pharmacies.","breadcrumb":{"@id":"https:\/\/astrea-apotheke.ch\/fr\/sur-les-talons-de-la-premiere-pharmacienne-de-suisse\/#breadcrumb"},"inLanguage":"fr-FR","potentialAction":[{"@type":"ReadAction","target":["https:\/\/astrea-apotheke.ch\/fr\/sur-les-talons-de-la-premiere-pharmacienne-de-suisse\/"]}]},{"@type":"ImageObject","inLanguage":"fr-FR","@id":"https:\/\/astrea-apotheke.ch\/fr\/sur-les-talons-de-la-premiere-pharmacienne-de-suisse\/#primaryimage","url":"https:\/\/astrea-apotheke.ch\/wp-content\/uploads\/2025\/04\/Bild-17.04.25-um-14.44.jpeg","contentUrl":"https:\/\/astrea-apotheke.ch\/wp-content\/uploads\/2025\/04\/Bild-17.04.25-um-14.44.jpeg","width":946,"height":691},{"@type":"BreadcrumbList","@id":"https:\/\/astrea-apotheke.ch\/fr\/sur-les-talons-de-la-premiere-pharmacienne-de-suisse\/#breadcrumb","itemListElement":[{"@type":"ListItem","position":1,"name":"Startseite","item":"https:\/\/astrea-apotheke.ch\/fr\/"},{"@type":"ListItem","position":2,"name":"Sur les talons de la \u00abpremi\u00e8re\u00bb pharmacienne de Suisse"}]},{"@type":"WebSite","@id":"https:\/\/astrea-apotheke.ch\/fr\/#website","url":"https:\/\/astrea-apotheke.ch\/fr\/","name":"astrea Bulletin","description":"Gesundheitsmagazin","publisher":{"@id":"https:\/\/astrea-apotheke.ch\/fr\/#organization"},"potentialAction":[{"@type":"SearchAction","target":{"@type":"EntryPoint","urlTemplate":"https:\/\/astrea-apotheke.ch\/fr\/?s={search_term_string}"},"query-input":{"@type":"PropertyValueSpecification","valueRequired":true,"valueName":"search_term_string"}}],"inLanguage":"fr-FR"},{"@type":"Organization","@id":"https:\/\/astrea-apotheke.ch\/fr\/#organization","name":"astrea Bulletin","url":"https:\/\/astrea-apotheke.ch\/fr\/","logo":{"@type":"ImageObject","inLanguage":"fr-FR","@id":"https:\/\/astrea-apotheke.ch\/fr\/#\/schema\/logo\/image\/","url":"http:\/\/apotheke.astrea-bulletin.ch\/wp-content\/uploads\/2024\/08\/Logo_Astrea-Bulletin_RGB.jpg","contentUrl":"http:\/\/apotheke.astrea-bulletin.ch\/wp-content\/uploads\/2024\/08\/Logo_Astrea-Bulletin_RGB.jpg","width":1429,"height":560,"caption":"astrea Bulletin"},"image":{"@id":"https:\/\/astrea-apotheke.ch\/fr\/#\/schema\/logo\/image\/"}},{"@type":"Person","@id":"https:\/\/astrea-apotheke.ch\/fr\/#\/schema\/person\/9e04bb94d57469769041ed5e14e1c90b","name":"Ramona Ruppanner","image":{"@type":"ImageObject","inLanguage":"fr-FR","@id":"https:\/\/astrea-apotheke.ch\/fr\/#\/schema\/person\/image\/","url":"https:\/\/secure.gravatar.com\/avatar\/1ac69febedb35268f70a45972f68b8310c3f4edf42ac55b30773e0131b973bfa?s=96&d=mm&r=g","contentUrl":"https:\/\/secure.gravatar.com\/avatar\/1ac69febedb35268f70a45972f68b8310c3f4edf42ac55b30773e0131b973bfa?s=96&d=mm&r=g","caption":"Ramona Ruppanner"},"url":"https:\/\/astrea-apotheke.ch\/fr\/author\/ramona-ruppannerhcg-ag-ch\/"}]}},"_links":{"self":[{"href":"https:\/\/astrea-apotheke.ch\/fr\/wp-json\/wp\/v2\/posts\/32416","targetHints":{"allow":["GET"]}}],"collection":[{"href":"https:\/\/astrea-apotheke.ch\/fr\/wp-json\/wp\/v2\/posts"}],"about":[{"href":"https:\/\/astrea-apotheke.ch\/fr\/wp-json\/wp\/v2\/types\/post"}],"author":[{"embeddable":true,"href":"https:\/\/astrea-apotheke.ch\/fr\/wp-json\/wp\/v2\/users\/4"}],"replies":[{"embeddable":true,"href":"https:\/\/astrea-apotheke.ch\/fr\/wp-json\/wp\/v2\/comments?post=32416"}],"version-history":[{"count":4,"href":"https:\/\/astrea-apotheke.ch\/fr\/wp-json\/wp\/v2\/posts\/32416\/revisions"}],"predecessor-version":[{"id":32472,"href":"https:\/\/astrea-apotheke.ch\/fr\/wp-json\/wp\/v2\/posts\/32416\/revisions\/32472"}],"wp:featuredmedia":[{"embeddable":true,"href":"https:\/\/astrea-apotheke.ch\/fr\/wp-json\/wp\/v2\/media\/32409"}],"wp:attachment":[{"href":"https:\/\/astrea-apotheke.ch\/fr\/wp-json\/wp\/v2\/media?parent=32416"}],"wp:term":[{"taxonomy":"category","embeddable":true,"href":"https:\/\/astrea-apotheke.ch\/fr\/wp-json\/wp\/v2\/categories?post=32416"},{"taxonomy":"post_tag","embeddable":true,"href":"https:\/\/astrea-apotheke.ch\/fr\/wp-json\/wp\/v2\/tags?post=32416"}],"curies":[{"name":"wp","href":"https:\/\/api.w.org\/{rel}","templated":true}]}}