{"id":34372,"date":"2026-03-20T12:04:16","date_gmt":"2026-03-20T10:04:16","guid":{"rendered":"https:\/\/astrea-apotheke.ch\/?p=34372"},"modified":"2026-03-16T12:10:38","modified_gmt":"2026-03-16T10:10:38","slug":"rhume-des-foins","status":"publish","type":"post","link":"https:\/\/astrea-apotheke.ch\/fr\/rhume-des-foins\/","title":{"rendered":"Rhume des foins"},"content":{"rendered":"<div class=\"fusion-fullwidth fullwidth-box fusion-builder-row-1 fusion-flex-container has-pattern-background has-mask-background nonhundred-percent-fullwidth non-hundred-percent-height-scrolling\" style=\"--awb-border-radius-top-left:0px;--awb-border-radius-top-right:0px;--awb-border-radius-bottom-right:0px;--awb-border-radius-bottom-left:0px;--awb-flex-wrap:wrap;\" ><div class=\"fusion-builder-row fusion-row fusion-flex-align-items-flex-start fusion-flex-content-wrap\" style=\"max-width:1302px;margin-left: calc(-5% \/ 2 );margin-right: calc(-5% \/ 2 );\"><div class=\"fusion-layout-column fusion_builder_column fusion-builder-column-0 fusion_builder_column_1_1 1_1 fusion-flex-column\" style=\"--awb-bg-size:cover;--awb-width-large:100%;--awb-margin-top-large:0px;--awb-spacing-right-large:2.375%;--awb-margin-bottom-large:0px;--awb-spacing-left-large:2.375%;--awb-width-medium:100%;--awb-order-medium:0;--awb-spacing-right-medium:2.375%;--awb-spacing-left-medium:2.375%;--awb-width-small:100%;--awb-order-small:0;--awb-spacing-right-small:2.375%;--awb-spacing-left-small:2.375%;\"><div class=\"fusion-column-wrapper fusion-column-has-shadow fusion-flex-justify-content-flex-start fusion-content-layout-column\"><div class=\"fusion-text fusion-text-1\"><p>Le printemps est l\u00e0 \u2013 et avec lui, le pollen. Si certains appr\u00e9cient la douceur des temp\u00e9ratures, d\u2019autres souffrent d\u2019un nez qui coule, d\u2019yeux qui d\u00e9mangent ou de crises d\u2019\u00e9ternuement. Le pollen peut avoir un impact consid\u00e9rable sur notre quotidien et m\u00e9rite une attention particuli\u00e8re.<\/p>\n<p><span style=\"letter-spacing: 0.24px; background-color: rgba(0, 0, 0, 0);\">Avec le r\u00e9veil de la nature, une p\u00e9riode difficile commence pour beaucoup: \u00e9ternuements, larmoiements et nez bouch\u00e9 font partie du quotidien des personnes allergiques. Ce que l\u2019on consid\u00e8re souvent comme un simple d\u00e9sagr\u00e9ment printanier est, d\u2019un point de vue m\u00e9dical, une r\u00e9action immunologique significative, qui n\u00e9cessite un diagnostic pr\u00e9cis et un traitement adapt\u00e9.<\/span><\/p>\n<\/div><div class=\"fusion-text fusion-text-2\"><blockquote>\n<p>Ceux qui connaissent leurs allerg\u00e8nes<br \/>\nretrouvent une meilleure<br \/>\nqualit\u00e9 de vie.<\/p>\n<\/blockquote>\n<\/div><\/div><\/div><div class=\"fusion-layout-column fusion_builder_column fusion-builder-column-1 fusion_builder_column_1_1 1_1 fusion-flex-column\" style=\"--awb-bg-size:cover;--awb-width-large:100%;--awb-margin-top-large:0px;--awb-spacing-right-large:2.375%;--awb-margin-bottom-large:0px;--awb-spacing-left-large:2.375%;--awb-width-medium:100%;--awb-order-medium:0;--awb-spacing-right-medium:2.375%;--awb-spacing-left-medium:2.375%;--awb-width-small:100%;--awb-order-small:0;--awb-spacing-right-small:2.375%;--awb-spacing-left-small:2.375%;\"><div class=\"fusion-column-wrapper fusion-column-has-shadow fusion-flex-justify-content-flex-start fusion-content-layout-column\"><div class=\"fusion-text fusion-text-3\"><h4>Que se passe-t-il dans l\u2019organisme lors d\u2019une allergie aux pollens<\/h4>\n<p>Les allergies r\u00e9sultent d\u2019une r\u00e9action excessive du syst\u00e8me immunitaire. Des prot\u00e9ines normalement inoffensives pr\u00e9sentes dans le pollen, sont, \u00e0 tort, per\u00e7ues comme une menace. Lors d\u2019un nouveau contact avec ces allerg\u00e8nes, l\u2019organisme lib\u00e8re des substances messag\u00e8res telles que l\u2019histamine, qui d\u00e9clenchent des r\u00e9actions inflammatoires au niveau du nez, des yeux et des voies respiratoires. Les personnes concern\u00e9es sont particuli\u00e8rement sensibles aux pollens de gramin\u00e9es ainsi qu\u2019\u00e0 ceux du bouleau, du fr\u00eane, du noisetier, de l\u2019aulne ou de l\u2019armoise. En Suisse, seules une vingtaine d\u2019esp\u00e8ces v\u00e9g\u00e9tales sont principalement responsables des allergies polliniques.<\/p>\n<p>Aujourd\u2019hui, en Suisse, environ une personne sur cinq souffre de rhume des foins \u2013 une situation encore rare il y a un si\u00e8cle. Outre la pr\u00e9disposition g\u00e9n\u00e9tique, le mode de vie et l\u2019environnement jouent un r\u00f4le d\u00e9terminant: des normes d\u2019hygi\u00e8ne tr\u00e8s strictes, une alimentation modifi\u00e9e ou un manque de stimulation naturelle du syst\u00e8me immunitaire peuvent favoriser les r\u00e9actions allergiques. Les premiers sympt\u00f4mes apparaissent souvent durant l\u2019enfance, mais peuvent aussi se manifester plus tard, \u00e0 l\u2019\u00e2ge adulte.<\/p>\n<h4>Reconna\u00eetre les sympt\u00f4mes et r\u00e9agir correctement<\/h4>\n<p>Les sympt\u00f4mes typiques du rhume des foins comprennent des \u00e9ternuements, un nez qui coule ou bouch\u00e9, des d\u00e9mangeaisons aux niveau des yeux, du palais et des oreilles, ainsi que des larmoiements. Dans les cas plus s\u00e9v\u00e8res, une sensation d\u2019essoufflement peut \u00e9galement survenir. Lorsqu\u2019elles ne sont pas trait\u00e9es, les allergies peuvent s\u2019aggraver: les sp\u00e9cialistes parlent alors de \u00abchangement d\u2019\u00e9tage\u00bb, lorsque les sympt\u00f4mes se d\u00e9placent des voies respiratoires sup\u00e9rieures vers les poumons, pouvant \u00e9voluer vers un asthme allergique.<\/p>\n<p>Une observation attentive des sympt\u00f4mes est essentielle: apparaissent-ils principalement \u00e0 l\u2019ext\u00e9rieur? Sont-ils saisonniers? Des tests cutan\u00e9s (prick test) ou des analyses sanguines permettant de d\u00e9tecter des anticorps sp\u00e9cifiques peuvent aider \u00e0 identifier les pollens responsables. De nombreuses pharmacies proposent \u00e9galement des tests d\u2019allergie, offrant un d\u00e9pistage simple des allerg\u00e8nes respiratoires les plus courants.<\/p>\n<h4>Aper\u00e7u des options de traitement<\/h4>\n<p>Pour soulager les sympt\u00f4mes du rhume des foins, des antihistaminiques sont disponibles sous forme de comprim\u00e9s, de sprays nasaux ou de gouttes oculaires. Les pr\u00e9parations \u00e0 base de cortisone poss\u00e8dent \u00e9galement un effet anti-inflammatoire. Il est essentiel de les utiliser au bon moment, id\u00e9alement avant le d\u00e9but de la saison pollinique, afin d\u2019en maximiser l\u2019efficacit\u00e9. Des mesures simples du quotidien peuvent aussi contribuer \u00e0 r\u00e9duire l\u2019exposition aux pollens: installer des moustiquaires aux fen\u00eatres, a\u00e9rer bri\u00e8vement les pi\u00e8ces, faire s\u00e9cher le linge \u00e0 l\u2019int\u00e9rieur ou encore se laver les cheveux avant de se coucher.<\/p>\n<p>Les experts observent par ailleurs un d\u00e9calage des p\u00e9riodes de floraison et un allongement des saisons polliniques, probablement li\u00e9s aux changements climatiques. Pour les personnes allergiques, cela implique de rester attentives \u00e0 l\u2019\u00e9volution de leurs sympt\u00f4mes, d\u2019adapter leur traitement si n\u00e9cessaire et de consulter r\u00e9guli\u00e8rement le calendrier pollinique.<\/p>\n<p>Pour les personnes particuli\u00e8rement sensibles, une d\u00e9sensibilisation, \u00e9galement appel\u00e9e immunoth\u00e9rapie sp\u00e9cifique aux allerg\u00e8nes, peut offrir un soulagement durable. Ce traitement consiste \u00e0 habituer progressivement l\u2019organisme \u00e0 l\u2019allerg\u00e8ne afin de r\u00e9duire la r\u00e9ponse immunitaire et d\u2019att\u00e9nuer significativement les sympt\u00f4mes. Administr\u00e9e sous forme de comprim\u00e9s ou d\u2019injections, cette th\u00e9rapie s\u2019\u00e9tend sur plusieurs ann\u00e9es, et d\u00e9bute g\u00e9n\u00e9ralement en dehors de la saison pollinique. De nombreuses personnes concern\u00e9es t\u00e9moignent ainsi d\u2019une am\u00e9lioration notable de leur qualit\u00e9 de vie, leur permettant de profiter \u00e0 nouveau du printemps avec s\u00e9r\u00e9nit\u00e9.<\/p>\n<h4>Votre pharmacie, une ressource comp\u00e9tente<\/h4>\n<p>Que vous ayez besoin d\u2019explications, de conseils ou d\u2019un accompagnement concernant vos m\u00e9dicaments, la pharmacie est souvent le premier interlocuteur en cas d\u2019allergies. Conna\u00eetre vos allerg\u00e8nes et agir rapidement permet de profiter pleinement du printemps, sans \u00e9ternuements, sans d\u00e9mangeaisons oculaires ni nez bouch\u00e9.<\/p>\n<h4><span style=\"letter-spacing: 0.24px; background-color: rgba(0, 0, 0, 0);\">Conseils pour le quotidien<\/span><\/h4>\n<ul>\n<li>Installez des moustiquaires anti-pollen aux fen\u00eatres<\/li>\n<li>Faites s\u00e9cher votre linge \u00e0 l\u2019int\u00e9rieur<\/li>\n<li>Utilisez des purificateurs d\u2019air pour r\u00e9duire les pollens dans les espaces clos<\/li>\n<li>Portez des lunettes de soleil pour prot\u00e9ger vos yeux<\/li>\n<li>Lavez-vous les cheveux avant de vous coucher<\/li>\n<li>Effectuez un bilan allergologique en pharmacie pour un diagnostic rapide et rassurant<\/li>\n<\/ul>\n<\/div><div class=\"fusion-text fusion-text-4\"><p style=\"font-size: 12px;\" data-fusion-font=\"true\">Foto: \u00a9mkrberlin\/AdobeStock<\/p>\n<\/div><\/div><\/div><\/div><\/div>\n","protected":false},"excerpt":{"rendered":"","protected":false},"author":4,"featured_media":34367,"comment_status":"open","ping_status":"open","sticky":false,"template":"","format":"standard","meta":{"_acf_changed":false,"footnotes":""},"categories":[774],"tags":[1579],"class_list":["post-34372","post","type-post","status-publish","format-standard","has-post-thumbnail","hentry","category-systeme-immunitaire-allergies","tag-rhume-des-foins"],"acf":[],"yoast_head":"<!-- This site is optimized with the Yoast SEO plugin v27.0 - https:\/\/yoast.com\/product\/yoast-seo-wordpress\/ -->\n<title>Rhume des foins - Astrea Aptheke<\/title>\n<meta name=\"description\" content=\"Le rhume des foins au printemps ? D\u00e9couvrez comment reconna\u00eetre les allergies au pollen et quels traitements et conseils pratiques peuvent vous aider.\" \/>\n<meta name=\"robots\" content=\"index, follow, max-snippet:-1, max-image-preview:large, max-video-preview:-1\" \/>\n<link rel=\"canonical\" href=\"https:\/\/astrea-apotheke.ch\/fr\/rhume-des-foins\/\" \/>\n<meta property=\"og:locale\" content=\"fr_FR\" \/>\n<meta property=\"og:type\" content=\"article\" \/>\n<meta property=\"og:title\" content=\"Rhume des foins - Astrea Aptheke\" \/>\n<meta property=\"og:description\" content=\"Le rhume des foins au printemps ? D\u00e9couvrez comment reconna\u00eetre les allergies au pollen et quels traitements et conseils pratiques peuvent vous aider.\" \/>\n<meta property=\"og:url\" content=\"https:\/\/astrea-apotheke.ch\/fr\/rhume-des-foins\/\" \/>\n<meta property=\"og:site_name\" content=\"Astrea Aptheke\" \/>\n<meta property=\"article:published_time\" content=\"2026-03-20T10:04:16+00:00\" \/>\n<meta property=\"og:image\" content=\"https:\/\/astrea-apotheke.ch\/wp-content\/uploads\/2026\/03\/Bild-16.03.26-um-11.00.jpeg\" \/>\n\t<meta property=\"og:image:width\" content=\"2214\" \/>\n\t<meta property=\"og:image:height\" content=\"1444\" \/>\n\t<meta property=\"og:image:type\" content=\"image\/jpeg\" \/>\n<meta name=\"author\" content=\"Ramona Ruppanner\" \/>\n<meta name=\"twitter:card\" content=\"summary_large_image\" \/>\n<meta name=\"twitter:label1\" content=\"\u00c9crit par\" \/>\n\t<meta name=\"twitter:data1\" content=\"Ramona Ruppanner\" \/>\n\t<meta name=\"twitter:label2\" content=\"Dur\u00e9e de lecture estim\u00e9e\" \/>\n\t<meta name=\"twitter:data2\" content=\"5 minutes\" \/>\n<script type=\"application\/ld+json\" class=\"yoast-schema-graph\">{\"@context\":\"https:\/\/schema.org\",\"@graph\":[{\"@type\":\"Article\",\"@id\":\"https:\/\/astrea-apotheke.ch\/fr\/rhume-des-foins\/#article\",\"isPartOf\":{\"@id\":\"https:\/\/astrea-apotheke.ch\/fr\/rhume-des-foins\/\"},\"author\":{\"name\":\"Ramona Ruppanner\",\"@id\":\"https:\/\/astrea-apotheke.ch\/fr\/#\/schema\/person\/9e04bb94d57469769041ed5e14e1c90b\"},\"headline\":\"Rhume des foins\",\"datePublished\":\"2026-03-20T10:04:16+00:00\",\"mainEntityOfPage\":{\"@id\":\"https:\/\/astrea-apotheke.ch\/fr\/rhume-des-foins\/\"},\"wordCount\":1767,\"commentCount\":0,\"publisher\":{\"@id\":\"https:\/\/astrea-apotheke.ch\/fr\/#organization\"},\"image\":{\"@id\":\"https:\/\/astrea-apotheke.ch\/fr\/rhume-des-foins\/#primaryimage\"},\"thumbnailUrl\":\"https:\/\/astrea-apotheke.ch\/wp-content\/uploads\/2026\/03\/Bild-16.03.26-um-11.00.jpeg\",\"keywords\":[\"Rhume des foins\"],\"articleSection\":[\"Syst\u00e8me immunitaire, allergies\"],\"inLanguage\":\"fr-FR\",\"potentialAction\":[{\"@type\":\"CommentAction\",\"name\":\"Comment\",\"target\":[\"https:\/\/astrea-apotheke.ch\/fr\/rhume-des-foins\/#respond\"]}]},{\"@type\":\"WebPage\",\"@id\":\"https:\/\/astrea-apotheke.ch\/fr\/rhume-des-foins\/\",\"url\":\"https:\/\/astrea-apotheke.ch\/fr\/rhume-des-foins\/\",\"name\":\"Rhume des foins - Astrea Aptheke\",\"isPartOf\":{\"@id\":\"https:\/\/astrea-apotheke.ch\/fr\/#website\"},\"primaryImageOfPage\":{\"@id\":\"https:\/\/astrea-apotheke.ch\/fr\/rhume-des-foins\/#primaryimage\"},\"image\":{\"@id\":\"https:\/\/astrea-apotheke.ch\/fr\/rhume-des-foins\/#primaryimage\"},\"thumbnailUrl\":\"https:\/\/astrea-apotheke.ch\/wp-content\/uploads\/2026\/03\/Bild-16.03.26-um-11.00.jpeg\",\"datePublished\":\"2026-03-20T10:04:16+00:00\",\"description\":\"Le rhume des foins au printemps ? D\u00e9couvrez comment reconna\u00eetre les allergies au pollen et quels traitements et conseils pratiques peuvent vous aider.\",\"breadcrumb\":{\"@id\":\"https:\/\/astrea-apotheke.ch\/fr\/rhume-des-foins\/#breadcrumb\"},\"inLanguage\":\"fr-FR\",\"potentialAction\":[{\"@type\":\"ReadAction\",\"target\":[\"https:\/\/astrea-apotheke.ch\/fr\/rhume-des-foins\/\"]}]},{\"@type\":\"ImageObject\",\"inLanguage\":\"fr-FR\",\"@id\":\"https:\/\/astrea-apotheke.ch\/fr\/rhume-des-foins\/#primaryimage\",\"url\":\"https:\/\/astrea-apotheke.ch\/wp-content\/uploads\/2026\/03\/Bild-16.03.26-um-11.00.jpeg\",\"contentUrl\":\"https:\/\/astrea-apotheke.ch\/wp-content\/uploads\/2026\/03\/Bild-16.03.26-um-11.00.jpeg\",\"width\":2214,\"height\":1444},{\"@type\":\"BreadcrumbList\",\"@id\":\"https:\/\/astrea-apotheke.ch\/fr\/rhume-des-foins\/#breadcrumb\",\"itemListElement\":[{\"@type\":\"ListItem\",\"position\":1,\"name\":\"Startseite\",\"item\":\"https:\/\/astrea-apotheke.ch\/fr\/\"},{\"@type\":\"ListItem\",\"position\":2,\"name\":\"Rhume des foins\"}]},{\"@type\":\"WebSite\",\"@id\":\"https:\/\/astrea-apotheke.ch\/fr\/#website\",\"url\":\"https:\/\/astrea-apotheke.ch\/fr\/\",\"name\":\"astrea Bulletin\",\"description\":\"Gesundheitsmagazin\",\"publisher\":{\"@id\":\"https:\/\/astrea-apotheke.ch\/fr\/#organization\"},\"potentialAction\":[{\"@type\":\"SearchAction\",\"target\":{\"@type\":\"EntryPoint\",\"urlTemplate\":\"https:\/\/astrea-apotheke.ch\/fr\/?s={search_term_string}\"},\"query-input\":{\"@type\":\"PropertyValueSpecification\",\"valueRequired\":true,\"valueName\":\"search_term_string\"}}],\"inLanguage\":\"fr-FR\"},{\"@type\":\"Organization\",\"@id\":\"https:\/\/astrea-apotheke.ch\/fr\/#organization\",\"name\":\"astrea Bulletin\",\"url\":\"https:\/\/astrea-apotheke.ch\/fr\/\",\"logo\":{\"@type\":\"ImageObject\",\"inLanguage\":\"fr-FR\",\"@id\":\"https:\/\/astrea-apotheke.ch\/fr\/#\/schema\/logo\/image\/\",\"url\":\"http:\/\/apotheke.astrea-bulletin.ch\/wp-content\/uploads\/2024\/08\/Logo_Astrea-Bulletin_RGB.jpg\",\"contentUrl\":\"http:\/\/apotheke.astrea-bulletin.ch\/wp-content\/uploads\/2024\/08\/Logo_Astrea-Bulletin_RGB.jpg\",\"width\":1429,\"height\":560,\"caption\":\"astrea Bulletin\"},\"image\":{\"@id\":\"https:\/\/astrea-apotheke.ch\/fr\/#\/schema\/logo\/image\/\"}},{\"@type\":\"Person\",\"@id\":\"https:\/\/astrea-apotheke.ch\/fr\/#\/schema\/person\/9e04bb94d57469769041ed5e14e1c90b\",\"name\":\"Ramona Ruppanner\",\"image\":{\"@type\":\"ImageObject\",\"inLanguage\":\"fr-FR\",\"@id\":\"https:\/\/astrea-apotheke.ch\/fr\/#\/schema\/person\/image\/\",\"url\":\"https:\/\/secure.gravatar.com\/avatar\/1ac69febedb35268f70a45972f68b8310c3f4edf42ac55b30773e0131b973bfa?s=96&d=mm&r=g\",\"contentUrl\":\"https:\/\/secure.gravatar.com\/avatar\/1ac69febedb35268f70a45972f68b8310c3f4edf42ac55b30773e0131b973bfa?s=96&d=mm&r=g\",\"caption\":\"Ramona Ruppanner\"},\"url\":\"https:\/\/astrea-apotheke.ch\/fr\/author\/ramona-ruppannerhcg-ag-ch\/\"}]}<\/script>\n<!-- \/ Yoast SEO plugin. -->","yoast_head_json":{"title":"Rhume des foins - Astrea Aptheke","description":"Le rhume des foins au printemps ? D\u00e9couvrez comment reconna\u00eetre les allergies au pollen et quels traitements et conseils pratiques peuvent vous aider.","robots":{"index":"index","follow":"follow","max-snippet":"max-snippet:-1","max-image-preview":"max-image-preview:large","max-video-preview":"max-video-preview:-1"},"canonical":"https:\/\/astrea-apotheke.ch\/fr\/rhume-des-foins\/","og_locale":"fr_FR","og_type":"article","og_title":"Rhume des foins - Astrea Aptheke","og_description":"Le rhume des foins au printemps ? D\u00e9couvrez comment reconna\u00eetre les allergies au pollen et quels traitements et conseils pratiques peuvent vous aider.","og_url":"https:\/\/astrea-apotheke.ch\/fr\/rhume-des-foins\/","og_site_name":"Astrea Aptheke","article_published_time":"2026-03-20T10:04:16+00:00","og_image":[{"width":2214,"height":1444,"url":"https:\/\/astrea-apotheke.ch\/wp-content\/uploads\/2026\/03\/Bild-16.03.26-um-11.00.jpeg","type":"image\/jpeg"}],"author":"Ramona Ruppanner","twitter_card":"summary_large_image","twitter_misc":{"\u00c9crit par":"Ramona Ruppanner","Dur\u00e9e de lecture estim\u00e9e":"5 minutes"},"schema":{"@context":"https:\/\/schema.org","@graph":[{"@type":"Article","@id":"https:\/\/astrea-apotheke.ch\/fr\/rhume-des-foins\/#article","isPartOf":{"@id":"https:\/\/astrea-apotheke.ch\/fr\/rhume-des-foins\/"},"author":{"name":"Ramona Ruppanner","@id":"https:\/\/astrea-apotheke.ch\/fr\/#\/schema\/person\/9e04bb94d57469769041ed5e14e1c90b"},"headline":"Rhume des foins","datePublished":"2026-03-20T10:04:16+00:00","mainEntityOfPage":{"@id":"https:\/\/astrea-apotheke.ch\/fr\/rhume-des-foins\/"},"wordCount":1767,"commentCount":0,"publisher":{"@id":"https:\/\/astrea-apotheke.ch\/fr\/#organization"},"image":{"@id":"https:\/\/astrea-apotheke.ch\/fr\/rhume-des-foins\/#primaryimage"},"thumbnailUrl":"https:\/\/astrea-apotheke.ch\/wp-content\/uploads\/2026\/03\/Bild-16.03.26-um-11.00.jpeg","keywords":["Rhume des foins"],"articleSection":["Syst\u00e8me immunitaire, allergies"],"inLanguage":"fr-FR","potentialAction":[{"@type":"CommentAction","name":"Comment","target":["https:\/\/astrea-apotheke.ch\/fr\/rhume-des-foins\/#respond"]}]},{"@type":"WebPage","@id":"https:\/\/astrea-apotheke.ch\/fr\/rhume-des-foins\/","url":"https:\/\/astrea-apotheke.ch\/fr\/rhume-des-foins\/","name":"Rhume des foins - Astrea Aptheke","isPartOf":{"@id":"https:\/\/astrea-apotheke.ch\/fr\/#website"},"primaryImageOfPage":{"@id":"https:\/\/astrea-apotheke.ch\/fr\/rhume-des-foins\/#primaryimage"},"image":{"@id":"https:\/\/astrea-apotheke.ch\/fr\/rhume-des-foins\/#primaryimage"},"thumbnailUrl":"https:\/\/astrea-apotheke.ch\/wp-content\/uploads\/2026\/03\/Bild-16.03.26-um-11.00.jpeg","datePublished":"2026-03-20T10:04:16+00:00","description":"Le rhume des foins au printemps ? D\u00e9couvrez comment reconna\u00eetre les allergies au pollen et quels traitements et conseils pratiques peuvent vous aider.","breadcrumb":{"@id":"https:\/\/astrea-apotheke.ch\/fr\/rhume-des-foins\/#breadcrumb"},"inLanguage":"fr-FR","potentialAction":[{"@type":"ReadAction","target":["https:\/\/astrea-apotheke.ch\/fr\/rhume-des-foins\/"]}]},{"@type":"ImageObject","inLanguage":"fr-FR","@id":"https:\/\/astrea-apotheke.ch\/fr\/rhume-des-foins\/#primaryimage","url":"https:\/\/astrea-apotheke.ch\/wp-content\/uploads\/2026\/03\/Bild-16.03.26-um-11.00.jpeg","contentUrl":"https:\/\/astrea-apotheke.ch\/wp-content\/uploads\/2026\/03\/Bild-16.03.26-um-11.00.jpeg","width":2214,"height":1444},{"@type":"BreadcrumbList","@id":"https:\/\/astrea-apotheke.ch\/fr\/rhume-des-foins\/#breadcrumb","itemListElement":[{"@type":"ListItem","position":1,"name":"Startseite","item":"https:\/\/astrea-apotheke.ch\/fr\/"},{"@type":"ListItem","position":2,"name":"Rhume des foins"}]},{"@type":"WebSite","@id":"https:\/\/astrea-apotheke.ch\/fr\/#website","url":"https:\/\/astrea-apotheke.ch\/fr\/","name":"astrea Bulletin","description":"Gesundheitsmagazin","publisher":{"@id":"https:\/\/astrea-apotheke.ch\/fr\/#organization"},"potentialAction":[{"@type":"SearchAction","target":{"@type":"EntryPoint","urlTemplate":"https:\/\/astrea-apotheke.ch\/fr\/?s={search_term_string}"},"query-input":{"@type":"PropertyValueSpecification","valueRequired":true,"valueName":"search_term_string"}}],"inLanguage":"fr-FR"},{"@type":"Organization","@id":"https:\/\/astrea-apotheke.ch\/fr\/#organization","name":"astrea Bulletin","url":"https:\/\/astrea-apotheke.ch\/fr\/","logo":{"@type":"ImageObject","inLanguage":"fr-FR","@id":"https:\/\/astrea-apotheke.ch\/fr\/#\/schema\/logo\/image\/","url":"http:\/\/apotheke.astrea-bulletin.ch\/wp-content\/uploads\/2024\/08\/Logo_Astrea-Bulletin_RGB.jpg","contentUrl":"http:\/\/apotheke.astrea-bulletin.ch\/wp-content\/uploads\/2024\/08\/Logo_Astrea-Bulletin_RGB.jpg","width":1429,"height":560,"caption":"astrea Bulletin"},"image":{"@id":"https:\/\/astrea-apotheke.ch\/fr\/#\/schema\/logo\/image\/"}},{"@type":"Person","@id":"https:\/\/astrea-apotheke.ch\/fr\/#\/schema\/person\/9e04bb94d57469769041ed5e14e1c90b","name":"Ramona Ruppanner","image":{"@type":"ImageObject","inLanguage":"fr-FR","@id":"https:\/\/astrea-apotheke.ch\/fr\/#\/schema\/person\/image\/","url":"https:\/\/secure.gravatar.com\/avatar\/1ac69febedb35268f70a45972f68b8310c3f4edf42ac55b30773e0131b973bfa?s=96&d=mm&r=g","contentUrl":"https:\/\/secure.gravatar.com\/avatar\/1ac69febedb35268f70a45972f68b8310c3f4edf42ac55b30773e0131b973bfa?s=96&d=mm&r=g","caption":"Ramona Ruppanner"},"url":"https:\/\/astrea-apotheke.ch\/fr\/author\/ramona-ruppannerhcg-ag-ch\/"}]}},"_links":{"self":[{"href":"https:\/\/astrea-apotheke.ch\/fr\/wp-json\/wp\/v2\/posts\/34372","targetHints":{"allow":["GET"]}}],"collection":[{"href":"https:\/\/astrea-apotheke.ch\/fr\/wp-json\/wp\/v2\/posts"}],"about":[{"href":"https:\/\/astrea-apotheke.ch\/fr\/wp-json\/wp\/v2\/types\/post"}],"author":[{"embeddable":true,"href":"https:\/\/astrea-apotheke.ch\/fr\/wp-json\/wp\/v2\/users\/4"}],"replies":[{"embeddable":true,"href":"https:\/\/astrea-apotheke.ch\/fr\/wp-json\/wp\/v2\/comments?post=34372"}],"version-history":[{"count":4,"href":"https:\/\/astrea-apotheke.ch\/fr\/wp-json\/wp\/v2\/posts\/34372\/revisions"}],"predecessor-version":[{"id":34376,"href":"https:\/\/astrea-apotheke.ch\/fr\/wp-json\/wp\/v2\/posts\/34372\/revisions\/34376"}],"wp:featuredmedia":[{"embeddable":true,"href":"https:\/\/astrea-apotheke.ch\/fr\/wp-json\/wp\/v2\/media\/34367"}],"wp:attachment":[{"href":"https:\/\/astrea-apotheke.ch\/fr\/wp-json\/wp\/v2\/media?parent=34372"}],"wp:term":[{"taxonomy":"category","embeddable":true,"href":"https:\/\/astrea-apotheke.ch\/fr\/wp-json\/wp\/v2\/categories?post=34372"},{"taxonomy":"post_tag","embeddable":true,"href":"https:\/\/astrea-apotheke.ch\/fr\/wp-json\/wp\/v2\/tags?post=34372"}],"curies":[{"name":"wp","href":"https:\/\/api.w.org\/{rel}","templated":true}]}}