{"id":34394,"date":"2026-03-26T08:00:38","date_gmt":"2026-03-26T06:00:38","guid":{"rendered":"https:\/\/astrea-apotheke.ch\/?p=34394"},"modified":"2026-03-16T12:40:20","modified_gmt":"2026-03-16T10:40:20","slug":"connaissez-vous-les-groupes-de-readaptation-cardiaque","status":"publish","type":"post","link":"https:\/\/astrea-apotheke.ch\/fr\/connaissez-vous-les-groupes-de-readaptation-cardiaque\/","title":{"rendered":"Connaissez-vous les groupes de r\u00e9adaptation cardiaque?"},"content":{"rendered":"<div class=\"fusion-fullwidth fullwidth-box fusion-builder-row-1 fusion-flex-container has-pattern-background has-mask-background nonhundred-percent-fullwidth non-hundred-percent-height-scrolling\" style=\"--awb-border-radius-top-left:0px;--awb-border-radius-top-right:0px;--awb-border-radius-bottom-right:0px;--awb-border-radius-bottom-left:0px;--awb-flex-wrap:wrap;\" ><div class=\"fusion-builder-row fusion-row fusion-flex-align-items-flex-start fusion-flex-content-wrap\" style=\"max-width:1302px;margin-left: calc(-5% \/ 2 );margin-right: calc(-5% \/ 2 );\"><div class=\"fusion-layout-column fusion_builder_column fusion-builder-column-0 fusion_builder_column_1_1 1_1 fusion-flex-column\" style=\"--awb-bg-size:cover;--awb-width-large:100%;--awb-margin-top-large:0px;--awb-spacing-right-large:2.375%;--awb-margin-bottom-large:0px;--awb-spacing-left-large:2.375%;--awb-width-medium:100%;--awb-order-medium:0;--awb-spacing-right-medium:2.375%;--awb-spacing-left-medium:2.375%;--awb-width-small:100%;--awb-order-small:0;--awb-spacing-right-small:2.375%;--awb-spacing-left-small:2.375%;\"><div class=\"fusion-column-wrapper fusion-column-has-shadow fusion-flex-justify-content-flex-start fusion-content-layout-column\"><div class=\"fusion-text fusion-text-1\"><p>Les personnes atteintes de maladies cardiaques, en particulier, devraient pratiquer une activit\u00e9 physique r\u00e9guli\u00e8re. Pourtant, beaucoup ne savent pas pr\u00e9cis\u00e9ment quel type d\u2019exercice leur convient, ni \u00e0 quelle intensit\u00e9 s\u2019entra\u00eener en toute s\u00e9curit\u00e9. Les groupes de r\u00e9adaptation cardiaque offrent un cadre structur\u00e9 et encadr\u00e9 par des professionnels. Une animatrice de groupe cardiaque partage son exp\u00e9rience.<\/p>\n<p><span style=\"letter-spacing: 0.24px; background-color: rgba(0, 0, 0, 0);\">Sandra Fuhrer est kin\u00e9sith\u00e9rapeute au service de r\u00e9adaptation cardiaque ambulatoire \u00e0 l\u2019Inselspital de Berne. Elle y anime \u00e9galement deux groupes de r\u00e9adaptation cardiaque et r\u00e9pond, dans ce cadre, aux questions des professionnels de la Fondation Suisse de Cardiologie.<\/span><\/p>\n<\/div><div class=\"fusion-text fusion-text-2\"><h4>Madame Fuhrer, qu\u2019est-ce qu\u2019un groupe de r\u00e9adaptation cardiaque et quels en sont les objectifs?<\/h4>\n<p>Les groupes de r\u00e9adaptation cardiaque proposent un programme d\u2019exercices sp\u00e9cifiquement con\u00e7u pour les personnes atteintes de maladies cardiaques. Les s\u00e9ances d\u2019entra\u00eenement se d\u00e9roulent r\u00e9guli\u00e8rement sous la supervision d\u2019un professionnel qualifi\u00e9. Les participants doivent s\u2019y sentir en s\u00e9curit\u00e9 et soutenus, tout en b\u00e9n\u00e9ficiant de nombreuses occasions d\u2019\u00e9changer entre eux.<\/p>\n<h4>Quelle est l\u2019importance de l\u2019exercice physique r\u00e9gulier pour les personnes atteintes d\u2019une maladie cardiaque?<\/h4>\n<p>L\u2019exercice physique joue un r\u00f4le essentiel dans la pr\u00e9vention de nouveaux \u00e9v\u00e9nements cardiovasculaires et dans la limitation de l\u2019aggravation de la maladie. Il exerce des effets positifs sur la tension art\u00e9rielle, le poids, la glyc\u00e9mie ainsi que le bien \u00eatre mental. En agissant favorablement sur l\u2019ensemble de ces facteurs, il contribue \u00e0 r\u00e9duire de mani\u00e8re significative le risque de complications cardiovasculaires.<\/p>\n<h4>Quelles formes d\u2019exercice sont particuli\u00e8rement adapt\u00e9es?<\/h4>\n<p>L\u2019essentiel est de choisir une activit\u00e9 qui vous correspond, afin de pouvoir la pratiquer r\u00e9guli\u00e8rement et de rester motiv\u00e9 sur le long terme. Les sports d\u2019endurance, tels que la randonn\u00e9e, le v\u00e9lo, la natation ou le ski de fond, sont particuli\u00e8rement bien adapt\u00e9s. Il est \u00e9galement important d\u2019int\u00e9grer, dans la routine hebdomadaire, des exercices de renforcement musculaire, de coordination et de souplesse. Ces activit\u00e9s peuvent \u00eatre pratiqu\u00e9es dans le cadre d\u2019un groupe de r\u00e9adaptation cardiaque, en salle de sport ou en pleine nature.<\/p>\n<h4>Quels changements positifs observez-vous suite \u00e0 l\u2019entra\u00eenement?<\/h4>\n<p>J\u2019entends souvent les participants, en particulier les plus \u00e2g\u00e9s, dire qu\u2019ils g\u00e8rent mieux leur quotidien. De simples gestes, comme porter leurs courses ou monter les escaliers, leur deviennent plus faciles. L\u2019entra\u00eenement a aussi un effet tr\u00e8s positif sur leur sant\u00e9 mentale. Beaucoup de personnes ayant subi un accident cardiaque se sentent fragilis\u00e9es par la suite. Le fait de s\u2019entra\u00eener en groupe leur permet de regagner progressivement confiance en elles, en apprenant \u00e0 mieux conna\u00eetre leurs capacit\u00e9s et leurs limites physiques au quotidien.<\/p>\n<h4>Quel r\u00f4le jouent la motivation et le sentiment d\u2019appartenance \u00e0 un groupe dans la r\u00e9ussite \u00e0 long terme de l\u2019entra\u00eenement?<\/h4>\n<p>Le facteur social est essentiel au sein d\u2019un groupe de r\u00e9adaptation cardiaque. Les participants ne viennent pas uniquement pour s\u2019entra\u00eener: ils y trouvent aussi un espace d\u2019\u00e9change, o\u00f9 ils peuvent partager leurs exp\u00e9riences, leurs inqui\u00e9tudes et leurs craintes. Le fait que chacun ait travers\u00e9 une \u00e9preuve similaire favorise la cr\u00e9ation de liens solides.<\/p>\n<h4>Quelles sont les conditions requises pour tirer le meilleur parti d\u2019un groupe de r\u00e9adaptation cardiaque?<\/h4>\n<p>Id\u00e9alement, les participants ont d\u00e9j\u00e0 suivi un programme de r\u00e9adaptation cardiaque, en milieu hospitalier ou en ambulatoire. A d\u00e9faut, ils doivent imp\u00e9rativement disposer de l\u2019accord de leur cardiologue ou de leur m\u00e9decin traitant et \u00eatre en bonne sant\u00e9. Les groupes de r\u00e9adaptation cardiaque sont g\u00e9n\u00e9ralement propos\u00e9s \u00e0 diff\u00e9rents niveaux d\u2019intensit\u00e9, afin que chacun puisse en tirer un b\u00e9n\u00e9fice optimal.<\/p>\n<h4>De nombreux patients cardiaques appr\u00e9hendent l\u2019effort physique. Comment les aider \u00e0 surmonter cette crainte?<\/h4>\n<p>Dans la majorit\u00e9 des cas, ces appr\u00e9hensions s\u2019estompent naturellement apr\u00e8s quelques semaines. Les patients apprennent \u00e0 faire confiance aux professionnels qui les encadrent et, s\u00e9ance apr\u00e8s s\u00e9ance, retrouvent progressivement confiance en leur corps. Lorsque la peur persiste, un accompagnement par un psychologue sp\u00e9cialis\u00e9 en cardiologie peut s\u2019av\u00e9rer tr\u00e8s b\u00e9n\u00e9fique.<\/p>\n<h4>Qu\u2019est-ce qui vous a motiv\u00e9e \u00e0 prendre la direction d\u2019un groupe de r\u00e9adaptation cardiaque?<\/h4>\n<p>Il y a plus de 30 ans, au cours de mes \u00e9tudes en sciences du sport, j\u2019ai visit\u00e9 un centre de r\u00e9adaptation cardiaque, une exp\u00e9rience qui m\u2019a profond\u00e9ment marqu\u00e9e. Ancienne pharmacienne, j\u2019ai toujours \u00e9t\u00e9 passionn\u00e9e par la m\u00e9decine du sport. Ce r\u00f4le me permet aujourd\u2019hui de combiner parfaitement ces deux passions. Les patients cardiaques sont g\u00e9n\u00e9ralement tr\u00e8s motiv\u00e9s et expriment un r\u00e9el d\u00e9sir de changer de mode de vie. Leur engagement est une source de motivation constante pour nous, les animateurs de groupe, et nous pousse \u00e0 donner le meilleur de nous-m\u00eames au quotidien.<\/p>\n<h4>Que repr\u00e9sente pour vous le fait d\u2019\u00eatre animatrice d\u2019un groupe de r\u00e9adaptation cardiaque?<\/h4>\n<p>J\u2019ai le sentiment d\u2019accomplir une mission utile et porteuse de sens. J\u2019esp\u00e8re pouvoir apporter aux patients des conseils et des informations pr\u00e9cieuses pour leur avenir.<\/p>\n<h4>Avez-vous v\u00e9cu une exp\u00e9rience avec un participant qui vous a particuli\u00e8rement touch\u00e9e?<\/h4>\n<p>Il y en a beaucoup. R\u00e9cemment, par exemple, une dame \u00e2g\u00e9e, habituellement tr\u00e8s assidue, est tomb\u00e9e malade et n\u2019a pas pu assister \u00e0 une s\u00e9ance de r\u00e9adaptation cardiaque. Lors de la s\u00e9ance suivante, elle m\u2019a confi\u00e9: \u00abJ\u2019aurais tellement aim\u00e9 venir la semaine derni\u00e8re, mais ce n\u2019\u00e9tait vraiment pas possible. J\u2019\u00e9tais tr\u00e8s d\u00e9\u00e7ue et j\u2019ai failli pleurer de ne pas avoir pu participer \u00e0 l\u2019entra\u00eenement.\u00bb Puis elle a ajout\u00e9: \u00abJe le pense vraiment\u00bb.<\/p>\n<p>Plus d\u2019informations sur les groupes de r\u00e9adaptation cardiaque pr\u00e8s de chez vous: <a href=\"https:\/\/swissheart.ch\/fr\/connaissances-et-soutien\/notre-offre-de-groupes-cardio\" target=\"_blank\" rel=\"noopener noreferrer\">https:\/\/swissheart.ch\/fr\/connaissances-et-soutien\/notre-offre-de-groupes-cardio<\/a><\/p>\n<\/div><\/div><\/div><div class=\"fusion-layout-column fusion_builder_column fusion-builder-column-1 fusion_builder_column_1_1 1_1 fusion-flex-column\" style=\"--awb-bg-size:cover;--awb-width-large:100%;--awb-margin-top-large:0px;--awb-spacing-right-large:2.375%;--awb-margin-bottom-large:0px;--awb-spacing-left-large:2.375%;--awb-width-medium:100%;--awb-order-medium:0;--awb-spacing-right-medium:2.375%;--awb-spacing-left-medium:2.375%;--awb-width-small:100%;--awb-order-small:0;--awb-spacing-right-small:2.375%;--awb-spacing-left-small:2.375%;\"><div class=\"fusion-column-wrapper fusion-column-has-shadow fusion-flex-justify-content-flex-start fusion-content-layout-column\"><div class=\"fusion-text fusion-text-3\"><p style=\"font-size: 12px;\" data-fusion-font=\"true\">Foto: \u00a9luciano\/AdobeStock<\/p>\n<\/div><\/div><\/div><\/div><\/div>\n","protected":false},"excerpt":{"rendered":"","protected":false},"author":4,"featured_media":34389,"comment_status":"open","ping_status":"open","sticky":false,"template":"","format":"standard","meta":{"_acf_changed":false,"footnotes":""},"categories":[773],"tags":[1582,857],"class_list":["post-34394","post","type-post","status-publish","format-standard","has-post-thumbnail","hentry","category-coeur-et-circulation-sanguine","tag-groupes-de-readaptation-cardiaque","tag-herzstiftung"],"acf":[],"yoast_head":"<!-- This site is optimized with the Yoast SEO plugin v27.0 - https:\/\/yoast.com\/product\/yoast-seo-wordpress\/ -->\n<title>Connaissez-vous les groupes de r\u00e9adaptation cardiaque? - Astrea Aptheke<\/title>\n<meta name=\"description\" content=\"Les groupes de cardiologie proposent aux patients cardiaques un entra\u00eenement s\u00fbr et encadr\u00e9 par des professionnels. L&#039;activit\u00e9 physique, la motivation et l&#039;esprit de groupe favorisent la sant\u00e9 cardiaque \u00e0 long terme.\" \/>\n<meta name=\"robots\" content=\"index, follow, max-snippet:-1, max-image-preview:large, max-video-preview:-1\" \/>\n<link rel=\"canonical\" href=\"https:\/\/astrea-apotheke.ch\/fr\/connaissez-vous-les-groupes-de-readaptation-cardiaque\/\" \/>\n<meta property=\"og:locale\" content=\"fr_FR\" \/>\n<meta property=\"og:type\" content=\"article\" \/>\n<meta property=\"og:title\" content=\"Connaissez-vous les groupes de r\u00e9adaptation cardiaque? - Astrea Aptheke\" \/>\n<meta property=\"og:description\" content=\"Les groupes de cardiologie proposent aux patients cardiaques un entra\u00eenement s\u00fbr et encadr\u00e9 par des professionnels. L&#039;activit\u00e9 physique, la motivation et l&#039;esprit de groupe favorisent la sant\u00e9 cardiaque \u00e0 long terme.\" \/>\n<meta property=\"og:url\" content=\"https:\/\/astrea-apotheke.ch\/fr\/connaissez-vous-les-groupes-de-readaptation-cardiaque\/\" \/>\n<meta property=\"og:site_name\" content=\"Astrea Aptheke\" \/>\n<meta property=\"article:published_time\" content=\"2026-03-26T06:00:38+00:00\" \/>\n<meta property=\"og:image\" content=\"https:\/\/astrea-apotheke.ch\/wp-content\/uploads\/2026\/03\/Bild-16.03.26-um-11.32.jpeg\" \/>\n\t<meta property=\"og:image:width\" content=\"2180\" \/>\n\t<meta property=\"og:image:height\" content=\"1452\" \/>\n\t<meta property=\"og:image:type\" content=\"image\/jpeg\" \/>\n<meta name=\"author\" content=\"Ramona Ruppanner\" \/>\n<meta name=\"twitter:card\" content=\"summary_large_image\" \/>\n<meta name=\"twitter:label1\" content=\"\u00c9crit par\" \/>\n\t<meta name=\"twitter:data1\" content=\"Ramona Ruppanner\" \/>\n\t<meta name=\"twitter:label2\" content=\"Dur\u00e9e de lecture estim\u00e9e\" \/>\n\t<meta name=\"twitter:data2\" content=\"6 minutes\" \/>\n<script type=\"application\/ld+json\" class=\"yoast-schema-graph\">{\"@context\":\"https:\/\/schema.org\",\"@graph\":[{\"@type\":\"Article\",\"@id\":\"https:\/\/astrea-apotheke.ch\/fr\/connaissez-vous-les-groupes-de-readaptation-cardiaque\/#article\",\"isPartOf\":{\"@id\":\"https:\/\/astrea-apotheke.ch\/fr\/connaissez-vous-les-groupes-de-readaptation-cardiaque\/\"},\"author\":{\"name\":\"Ramona Ruppanner\",\"@id\":\"https:\/\/astrea-apotheke.ch\/fr\/#\/schema\/person\/9e04bb94d57469769041ed5e14e1c90b\"},\"headline\":\"Connaissez-vous les groupes de r\u00e9adaptation cardiaque?\",\"datePublished\":\"2026-03-26T06:00:38+00:00\",\"mainEntityOfPage\":{\"@id\":\"https:\/\/astrea-apotheke.ch\/fr\/connaissez-vous-les-groupes-de-readaptation-cardiaque\/\"},\"wordCount\":1878,\"commentCount\":0,\"publisher\":{\"@id\":\"https:\/\/astrea-apotheke.ch\/fr\/#organization\"},\"image\":{\"@id\":\"https:\/\/astrea-apotheke.ch\/fr\/connaissez-vous-les-groupes-de-readaptation-cardiaque\/#primaryimage\"},\"thumbnailUrl\":\"https:\/\/astrea-apotheke.ch\/wp-content\/uploads\/2026\/03\/Bild-16.03.26-um-11.32.jpeg\",\"keywords\":[\"groupes de r\u00e9adaptation cardiaque\",\"Herzstiftung\"],\"articleSection\":[\"Coeur et circulation sanguine\"],\"inLanguage\":\"fr-FR\",\"potentialAction\":[{\"@type\":\"CommentAction\",\"name\":\"Comment\",\"target\":[\"https:\/\/astrea-apotheke.ch\/fr\/connaissez-vous-les-groupes-de-readaptation-cardiaque\/#respond\"]}]},{\"@type\":\"WebPage\",\"@id\":\"https:\/\/astrea-apotheke.ch\/fr\/connaissez-vous-les-groupes-de-readaptation-cardiaque\/\",\"url\":\"https:\/\/astrea-apotheke.ch\/fr\/connaissez-vous-les-groupes-de-readaptation-cardiaque\/\",\"name\":\"Connaissez-vous les groupes de r\u00e9adaptation cardiaque? - Astrea Aptheke\",\"isPartOf\":{\"@id\":\"https:\/\/astrea-apotheke.ch\/fr\/#website\"},\"primaryImageOfPage\":{\"@id\":\"https:\/\/astrea-apotheke.ch\/fr\/connaissez-vous-les-groupes-de-readaptation-cardiaque\/#primaryimage\"},\"image\":{\"@id\":\"https:\/\/astrea-apotheke.ch\/fr\/connaissez-vous-les-groupes-de-readaptation-cardiaque\/#primaryimage\"},\"thumbnailUrl\":\"https:\/\/astrea-apotheke.ch\/wp-content\/uploads\/2026\/03\/Bild-16.03.26-um-11.32.jpeg\",\"datePublished\":\"2026-03-26T06:00:38+00:00\",\"description\":\"Les groupes de cardiologie proposent aux patients cardiaques un entra\u00eenement s\u00fbr et encadr\u00e9 par des professionnels. L'activit\u00e9 physique, la motivation et l'esprit de groupe favorisent la sant\u00e9 cardiaque \u00e0 long terme.\",\"breadcrumb\":{\"@id\":\"https:\/\/astrea-apotheke.ch\/fr\/connaissez-vous-les-groupes-de-readaptation-cardiaque\/#breadcrumb\"},\"inLanguage\":\"fr-FR\",\"potentialAction\":[{\"@type\":\"ReadAction\",\"target\":[\"https:\/\/astrea-apotheke.ch\/fr\/connaissez-vous-les-groupes-de-readaptation-cardiaque\/\"]}]},{\"@type\":\"ImageObject\",\"inLanguage\":\"fr-FR\",\"@id\":\"https:\/\/astrea-apotheke.ch\/fr\/connaissez-vous-les-groupes-de-readaptation-cardiaque\/#primaryimage\",\"url\":\"https:\/\/astrea-apotheke.ch\/wp-content\/uploads\/2026\/03\/Bild-16.03.26-um-11.32.jpeg\",\"contentUrl\":\"https:\/\/astrea-apotheke.ch\/wp-content\/uploads\/2026\/03\/Bild-16.03.26-um-11.32.jpeg\",\"width\":2180,\"height\":1452},{\"@type\":\"BreadcrumbList\",\"@id\":\"https:\/\/astrea-apotheke.ch\/fr\/connaissez-vous-les-groupes-de-readaptation-cardiaque\/#breadcrumb\",\"itemListElement\":[{\"@type\":\"ListItem\",\"position\":1,\"name\":\"Startseite\",\"item\":\"https:\/\/astrea-apotheke.ch\/fr\/\"},{\"@type\":\"ListItem\",\"position\":2,\"name\":\"Connaissez-vous les groupes de r\u00e9adaptation cardiaque?\"}]},{\"@type\":\"WebSite\",\"@id\":\"https:\/\/astrea-apotheke.ch\/fr\/#website\",\"url\":\"https:\/\/astrea-apotheke.ch\/fr\/\",\"name\":\"astrea Bulletin\",\"description\":\"Gesundheitsmagazin\",\"publisher\":{\"@id\":\"https:\/\/astrea-apotheke.ch\/fr\/#organization\"},\"potentialAction\":[{\"@type\":\"SearchAction\",\"target\":{\"@type\":\"EntryPoint\",\"urlTemplate\":\"https:\/\/astrea-apotheke.ch\/fr\/?s={search_term_string}\"},\"query-input\":{\"@type\":\"PropertyValueSpecification\",\"valueRequired\":true,\"valueName\":\"search_term_string\"}}],\"inLanguage\":\"fr-FR\"},{\"@type\":\"Organization\",\"@id\":\"https:\/\/astrea-apotheke.ch\/fr\/#organization\",\"name\":\"astrea Bulletin\",\"url\":\"https:\/\/astrea-apotheke.ch\/fr\/\",\"logo\":{\"@type\":\"ImageObject\",\"inLanguage\":\"fr-FR\",\"@id\":\"https:\/\/astrea-apotheke.ch\/fr\/#\/schema\/logo\/image\/\",\"url\":\"http:\/\/apotheke.astrea-bulletin.ch\/wp-content\/uploads\/2024\/08\/Logo_Astrea-Bulletin_RGB.jpg\",\"contentUrl\":\"http:\/\/apotheke.astrea-bulletin.ch\/wp-content\/uploads\/2024\/08\/Logo_Astrea-Bulletin_RGB.jpg\",\"width\":1429,\"height\":560,\"caption\":\"astrea Bulletin\"},\"image\":{\"@id\":\"https:\/\/astrea-apotheke.ch\/fr\/#\/schema\/logo\/image\/\"}},{\"@type\":\"Person\",\"@id\":\"https:\/\/astrea-apotheke.ch\/fr\/#\/schema\/person\/9e04bb94d57469769041ed5e14e1c90b\",\"name\":\"Ramona Ruppanner\",\"image\":{\"@type\":\"ImageObject\",\"inLanguage\":\"fr-FR\",\"@id\":\"https:\/\/astrea-apotheke.ch\/fr\/#\/schema\/person\/image\/\",\"url\":\"https:\/\/secure.gravatar.com\/avatar\/1ac69febedb35268f70a45972f68b8310c3f4edf42ac55b30773e0131b973bfa?s=96&d=mm&r=g\",\"contentUrl\":\"https:\/\/secure.gravatar.com\/avatar\/1ac69febedb35268f70a45972f68b8310c3f4edf42ac55b30773e0131b973bfa?s=96&d=mm&r=g\",\"caption\":\"Ramona Ruppanner\"},\"url\":\"https:\/\/astrea-apotheke.ch\/fr\/author\/ramona-ruppannerhcg-ag-ch\/\"}]}<\/script>\n<!-- \/ Yoast SEO plugin. -->","yoast_head_json":{"title":"Connaissez-vous les groupes de r\u00e9adaptation cardiaque? - Astrea Aptheke","description":"Les groupes de cardiologie proposent aux patients cardiaques un entra\u00eenement s\u00fbr et encadr\u00e9 par des professionnels. L'activit\u00e9 physique, la motivation et l'esprit de groupe favorisent la sant\u00e9 cardiaque \u00e0 long terme.","robots":{"index":"index","follow":"follow","max-snippet":"max-snippet:-1","max-image-preview":"max-image-preview:large","max-video-preview":"max-video-preview:-1"},"canonical":"https:\/\/astrea-apotheke.ch\/fr\/connaissez-vous-les-groupes-de-readaptation-cardiaque\/","og_locale":"fr_FR","og_type":"article","og_title":"Connaissez-vous les groupes de r\u00e9adaptation cardiaque? - Astrea Aptheke","og_description":"Les groupes de cardiologie proposent aux patients cardiaques un entra\u00eenement s\u00fbr et encadr\u00e9 par des professionnels. L'activit\u00e9 physique, la motivation et l'esprit de groupe favorisent la sant\u00e9 cardiaque \u00e0 long terme.","og_url":"https:\/\/astrea-apotheke.ch\/fr\/connaissez-vous-les-groupes-de-readaptation-cardiaque\/","og_site_name":"Astrea Aptheke","article_published_time":"2026-03-26T06:00:38+00:00","og_image":[{"width":2180,"height":1452,"url":"https:\/\/astrea-apotheke.ch\/wp-content\/uploads\/2026\/03\/Bild-16.03.26-um-11.32.jpeg","type":"image\/jpeg"}],"author":"Ramona Ruppanner","twitter_card":"summary_large_image","twitter_misc":{"\u00c9crit par":"Ramona Ruppanner","Dur\u00e9e de lecture estim\u00e9e":"6 minutes"},"schema":{"@context":"https:\/\/schema.org","@graph":[{"@type":"Article","@id":"https:\/\/astrea-apotheke.ch\/fr\/connaissez-vous-les-groupes-de-readaptation-cardiaque\/#article","isPartOf":{"@id":"https:\/\/astrea-apotheke.ch\/fr\/connaissez-vous-les-groupes-de-readaptation-cardiaque\/"},"author":{"name":"Ramona Ruppanner","@id":"https:\/\/astrea-apotheke.ch\/fr\/#\/schema\/person\/9e04bb94d57469769041ed5e14e1c90b"},"headline":"Connaissez-vous les groupes de r\u00e9adaptation cardiaque?","datePublished":"2026-03-26T06:00:38+00:00","mainEntityOfPage":{"@id":"https:\/\/astrea-apotheke.ch\/fr\/connaissez-vous-les-groupes-de-readaptation-cardiaque\/"},"wordCount":1878,"commentCount":0,"publisher":{"@id":"https:\/\/astrea-apotheke.ch\/fr\/#organization"},"image":{"@id":"https:\/\/astrea-apotheke.ch\/fr\/connaissez-vous-les-groupes-de-readaptation-cardiaque\/#primaryimage"},"thumbnailUrl":"https:\/\/astrea-apotheke.ch\/wp-content\/uploads\/2026\/03\/Bild-16.03.26-um-11.32.jpeg","keywords":["groupes de r\u00e9adaptation cardiaque","Herzstiftung"],"articleSection":["Coeur et circulation sanguine"],"inLanguage":"fr-FR","potentialAction":[{"@type":"CommentAction","name":"Comment","target":["https:\/\/astrea-apotheke.ch\/fr\/connaissez-vous-les-groupes-de-readaptation-cardiaque\/#respond"]}]},{"@type":"WebPage","@id":"https:\/\/astrea-apotheke.ch\/fr\/connaissez-vous-les-groupes-de-readaptation-cardiaque\/","url":"https:\/\/astrea-apotheke.ch\/fr\/connaissez-vous-les-groupes-de-readaptation-cardiaque\/","name":"Connaissez-vous les groupes de r\u00e9adaptation cardiaque? - Astrea Aptheke","isPartOf":{"@id":"https:\/\/astrea-apotheke.ch\/fr\/#website"},"primaryImageOfPage":{"@id":"https:\/\/astrea-apotheke.ch\/fr\/connaissez-vous-les-groupes-de-readaptation-cardiaque\/#primaryimage"},"image":{"@id":"https:\/\/astrea-apotheke.ch\/fr\/connaissez-vous-les-groupes-de-readaptation-cardiaque\/#primaryimage"},"thumbnailUrl":"https:\/\/astrea-apotheke.ch\/wp-content\/uploads\/2026\/03\/Bild-16.03.26-um-11.32.jpeg","datePublished":"2026-03-26T06:00:38+00:00","description":"Les groupes de cardiologie proposent aux patients cardiaques un entra\u00eenement s\u00fbr et encadr\u00e9 par des professionnels. L'activit\u00e9 physique, la motivation et l'esprit de groupe favorisent la sant\u00e9 cardiaque \u00e0 long terme.","breadcrumb":{"@id":"https:\/\/astrea-apotheke.ch\/fr\/connaissez-vous-les-groupes-de-readaptation-cardiaque\/#breadcrumb"},"inLanguage":"fr-FR","potentialAction":[{"@type":"ReadAction","target":["https:\/\/astrea-apotheke.ch\/fr\/connaissez-vous-les-groupes-de-readaptation-cardiaque\/"]}]},{"@type":"ImageObject","inLanguage":"fr-FR","@id":"https:\/\/astrea-apotheke.ch\/fr\/connaissez-vous-les-groupes-de-readaptation-cardiaque\/#primaryimage","url":"https:\/\/astrea-apotheke.ch\/wp-content\/uploads\/2026\/03\/Bild-16.03.26-um-11.32.jpeg","contentUrl":"https:\/\/astrea-apotheke.ch\/wp-content\/uploads\/2026\/03\/Bild-16.03.26-um-11.32.jpeg","width":2180,"height":1452},{"@type":"BreadcrumbList","@id":"https:\/\/astrea-apotheke.ch\/fr\/connaissez-vous-les-groupes-de-readaptation-cardiaque\/#breadcrumb","itemListElement":[{"@type":"ListItem","position":1,"name":"Startseite","item":"https:\/\/astrea-apotheke.ch\/fr\/"},{"@type":"ListItem","position":2,"name":"Connaissez-vous les groupes de r\u00e9adaptation cardiaque?"}]},{"@type":"WebSite","@id":"https:\/\/astrea-apotheke.ch\/fr\/#website","url":"https:\/\/astrea-apotheke.ch\/fr\/","name":"astrea Bulletin","description":"Gesundheitsmagazin","publisher":{"@id":"https:\/\/astrea-apotheke.ch\/fr\/#organization"},"potentialAction":[{"@type":"SearchAction","target":{"@type":"EntryPoint","urlTemplate":"https:\/\/astrea-apotheke.ch\/fr\/?s={search_term_string}"},"query-input":{"@type":"PropertyValueSpecification","valueRequired":true,"valueName":"search_term_string"}}],"inLanguage":"fr-FR"},{"@type":"Organization","@id":"https:\/\/astrea-apotheke.ch\/fr\/#organization","name":"astrea Bulletin","url":"https:\/\/astrea-apotheke.ch\/fr\/","logo":{"@type":"ImageObject","inLanguage":"fr-FR","@id":"https:\/\/astrea-apotheke.ch\/fr\/#\/schema\/logo\/image\/","url":"http:\/\/apotheke.astrea-bulletin.ch\/wp-content\/uploads\/2024\/08\/Logo_Astrea-Bulletin_RGB.jpg","contentUrl":"http:\/\/apotheke.astrea-bulletin.ch\/wp-content\/uploads\/2024\/08\/Logo_Astrea-Bulletin_RGB.jpg","width":1429,"height":560,"caption":"astrea Bulletin"},"image":{"@id":"https:\/\/astrea-apotheke.ch\/fr\/#\/schema\/logo\/image\/"}},{"@type":"Person","@id":"https:\/\/astrea-apotheke.ch\/fr\/#\/schema\/person\/9e04bb94d57469769041ed5e14e1c90b","name":"Ramona Ruppanner","image":{"@type":"ImageObject","inLanguage":"fr-FR","@id":"https:\/\/astrea-apotheke.ch\/fr\/#\/schema\/person\/image\/","url":"https:\/\/secure.gravatar.com\/avatar\/1ac69febedb35268f70a45972f68b8310c3f4edf42ac55b30773e0131b973bfa?s=96&d=mm&r=g","contentUrl":"https:\/\/secure.gravatar.com\/avatar\/1ac69febedb35268f70a45972f68b8310c3f4edf42ac55b30773e0131b973bfa?s=96&d=mm&r=g","caption":"Ramona Ruppanner"},"url":"https:\/\/astrea-apotheke.ch\/fr\/author\/ramona-ruppannerhcg-ag-ch\/"}]}},"_links":{"self":[{"href":"https:\/\/astrea-apotheke.ch\/fr\/wp-json\/wp\/v2\/posts\/34394","targetHints":{"allow":["GET"]}}],"collection":[{"href":"https:\/\/astrea-apotheke.ch\/fr\/wp-json\/wp\/v2\/posts"}],"about":[{"href":"https:\/\/astrea-apotheke.ch\/fr\/wp-json\/wp\/v2\/types\/post"}],"author":[{"embeddable":true,"href":"https:\/\/astrea-apotheke.ch\/fr\/wp-json\/wp\/v2\/users\/4"}],"replies":[{"embeddable":true,"href":"https:\/\/astrea-apotheke.ch\/fr\/wp-json\/wp\/v2\/comments?post=34394"}],"version-history":[{"count":3,"href":"https:\/\/astrea-apotheke.ch\/fr\/wp-json\/wp\/v2\/posts\/34394\/revisions"}],"predecessor-version":[{"id":34397,"href":"https:\/\/astrea-apotheke.ch\/fr\/wp-json\/wp\/v2\/posts\/34394\/revisions\/34397"}],"wp:featuredmedia":[{"embeddable":true,"href":"https:\/\/astrea-apotheke.ch\/fr\/wp-json\/wp\/v2\/media\/34389"}],"wp:attachment":[{"href":"https:\/\/astrea-apotheke.ch\/fr\/wp-json\/wp\/v2\/media?parent=34394"}],"wp:term":[{"taxonomy":"category","embeddable":true,"href":"https:\/\/astrea-apotheke.ch\/fr\/wp-json\/wp\/v2\/categories?post=34394"},{"taxonomy":"post_tag","embeddable":true,"href":"https:\/\/astrea-apotheke.ch\/fr\/wp-json\/wp\/v2\/tags?post=34394"}],"curies":[{"name":"wp","href":"https:\/\/api.w.org\/{rel}","templated":true}]}}