{"id":34520,"date":"2026-04-27T08:00:26","date_gmt":"2026-04-27T06:00:26","guid":{"rendered":"https:\/\/astrea-apotheke.ch\/?p=34520"},"modified":"2026-04-09T08:01:25","modified_gmt":"2026-04-09T06:01:25","slug":"sandra-stella-triebl-menopause","status":"publish","type":"post","link":"https:\/\/astrea-apotheke.ch\/fr\/sandra-stella-triebl-menopause\/","title":{"rendered":"\u00abJe donne de l\u2019espace et du temps \u00e0 la m\u00e9nopause\u00bb"},"content":{"rendered":"<div class=\"fusion-fullwidth fullwidth-box fusion-builder-row-1 fusion-flex-container nonhundred-percent-fullwidth non-hundred-percent-height-scrolling\" style=\"--awb-border-radius-top-left:0px;--awb-border-radius-top-right:0px;--awb-border-radius-bottom-right:0px;--awb-border-radius-bottom-left:0px;--awb-flex-wrap:wrap;\" ><div class=\"fusion-builder-row fusion-row fusion-flex-align-items-flex-start fusion-flex-content-wrap\" style=\"max-width:1302px;margin-left: calc(-5% \/ 2 );margin-right: calc(-5% \/ 2 );\"><div class=\"fusion-layout-column fusion_builder_column fusion-builder-column-0 fusion_builder_column_1_1 1_1 fusion-flex-column\" style=\"--awb-bg-blend:overlay;--awb-bg-size:cover;--awb-width-large:100%;--awb-margin-top-large:0px;--awb-spacing-right-large:2.375%;--awb-margin-bottom-large:0px;--awb-spacing-left-large:2.375%;--awb-width-medium:100%;--awb-spacing-right-medium:2.375%;--awb-spacing-left-medium:2.375%;--awb-width-small:100%;--awb-spacing-right-small:2.375%;--awb-spacing-left-small:2.375%;\"><div class=\"fusion-column-wrapper fusion-flex-justify-content-flex-start fusion-content-layout-column\"><div class=\"fusion-text fusion-text-1\"><p>Environ 1.4 million de Suissesses sont actuellement en phase de m\u00e9nopause. Une femme sur deux souffre de sympt\u00f4mes marqu\u00e9s li\u00e9s \u00e0 cette transition, ce qui conduit nombre d\u2019entre elles \u00e0 r\u00e9duire leur activit\u00e9 professionnelle, voire \u00e0 l\u2019arr\u00eater compl\u00e8tement. Pourtant, la m\u00e9nopause offre aussi une opportunit\u00e9: celle de l\u2019autod\u00e9termination, de la s\u00e9r\u00e9nit\u00e9 et du droit de dire \u00abnon\u00bb en toute conscience. Sandra-Stella Triebl est une entrepreneuse qui s\u2019engage pour l\u2019\u00e9panouissement des femmes dans la vie active. Dans cet entretien, elle explique comment elle traverse la m\u00e9nopause gr\u00e2ce aux plantes, \u00e0 l\u2019activit\u00e9 physique et \u00e0 la sagesse ancestrale, et pourquoi elle prend aujourd\u2019hui des d\u00e9cisions plus avis\u00e9es que jamais.<\/p>\n<h4><span style=\"letter-spacing: 0.24px; background-color: rgba(0, 0, 0, 0);\">Madame Triebl, regrettez-vous la p\u00e9riode pr\u00e9c\u00e9dant la m\u00e9nopause?<\/span><\/h4>\n<p>Je regarde rarement en arri\u00e8re. Si je le fais, c\u2019est uniquement pour m\u2019assurer que je ne r\u00e9p\u00e8te pas les m\u00eames erreurs, mais que j\u2019en trouve de nouvelles. Il en va de m\u00eame pour mon \u00e9tat de sant\u00e9, car je me trouve simplement \u00e0 un autre stade de ma vie aujourd\u2019hui. Nous avons tendance \u00e0 nous accrocher au pass\u00e9, y compris pour la sant\u00e9, en nous disant: \u00abAvant, je pouvais tout manger et maintenant ce n\u2019est plus possible\u00bb. Nous oublions parfois que nous changeons constamment. Je me dis alors: aujourd\u2019hui, d\u2019autres choses sont possibles. Il est b\u00e9n\u00e9fique de se regarder dans le miroir de l\u2019instant pr\u00e9sent. Je veille sur moi et sur les besoins de sant\u00e9 que j\u2019ai aujourd\u2019hui.<\/p>\n<h4>Et que r\u00e9ussissez-vous mieux depuis la m\u00e9nopause?<\/h4>\n<p>Dire NON! (rit). J\u2019ai appris un \u00abnon m\u00e9nopausique\u00bb. En tant que jeune entrepreneuse, j\u2019ai saisi chaque occasion et chaque chance pendant des ann\u00e9es. Aujourd\u2019hui, je sais qu\u2019il faut parfois prendre des d\u00e9cisions plus efficaces, plus astucieuses, et savoir dire un \u00abnon\u00bb bienveillant. C\u2019est la beaut\u00e9 du fait de devenir un peu plus \u00absage\u00bb avec les ann\u00e9es. J\u2019essaie n\u00e9anmoins de garder un regard d\u2019enfant sur le monde, combin\u00e9 aux le\u00e7ons de l\u2019exp\u00e9rience, bien que ce ne soit pas toujours facile.<\/p>\n<h4>Vous avez cr\u00e9\u00e9 une plateforme commerciale unique pour les femmes. Beaucoup de femmes r\u00e9duisent leur temps de travail ou d\u00e9missionnent pendant la m\u00e9nopause, ce qui a des cons\u00e9quences sur l\u2019\u00e9conomie suisse. Les entreprises n\u00e9gligent-elles les femmes durant cette phase?<\/h4>\n<p>Il y a deux r\u00e9ponses \u00e0 cela. D\u2019une part, on peut se demander quelle est la part de responsabilit\u00e9 individuelle de l\u2019employ\u00e9. Les collaborateurs ne sont pas des machines; ils ont le droit de ne pas \u00eatre performants par moments, mais cela d\u00e9pend bien s\u00fbr de la culture d\u2019entreprise. Cela ne concerne pas seulement les effets de la m\u00e9nopause, mais aussi les maladies, les deuils ou les traumatismes. D\u2019autre part, les employeurs ont tout int\u00e9r\u00eat \u00e0 \u00e9tablir une culture et un climat de travail qui consid\u00e8rent les collaborateurs comme des \u00eatres humains, et non seulement comme une \u00abressource humaine\u00bb ou un centre de co\u00fbts. Une collaboration saine serait id\u00e9ale. Au sein de mon \u00e9quipe, je dis toujours que la famille et la sant\u00e9 passent en priorit\u00e9. Si quelqu\u2019un est malade, il l\u2019est, et il vaut mieux rester deux jours de plus \u00e0 la maison pour bien r\u00e9cup\u00e9rer. Pour moi, la responsabilit\u00e9 est partag\u00e9e.<\/p>\n<h4>Professionnellement, vous aidez les femmes \u00e0 s\u2019\u00e9manciper. Comment est venue l\u2019id\u00e9e de faire de la m\u00e9nopause un th\u00e8me de discussion, par exemple dans votre podcast?<\/h4>\n<p>Notre devise est \u00abpenser l\u2019\u00e9conomie au f\u00e9minin\u00bb, et si nous allons au bout de cette r\u00e9flexion, ce sujet en fait partie. Il ne s\u2019agit pas seulement de fonctionner \u2013 nous ne sommes pas des \u00abactions\u00bb, mais des \u00ab\u00eatres\u00bb. En tant qu\u2019humains, nous portons nos \u00e9preuves personnelles au travail. La m\u00e9nopause y a sa place, au m\u00eame titre qu\u2019une grossesse ou la perte d\u2019un proche. Dans la plupart des entreprises, il n\u2019existe pas de \u00abplan d\u2019action\u00bb pour accompagner un deuil ou la m\u00e9nopause. Selon les statistiques, septante \u00e0 nonante pour cent des femmes souffrent de troubles li\u00e9s au changement de vie. C\u2019est un sujet majeur et nous ouvrons ici un dialogue public important, qui inclut d\u2019ailleurs aussi l\u2019andropause.<\/p>\n<h4>L\u2019estrog\u00e8ne est une hormone souvent sous-estim\u00e9e. Elle n\u2019est pas uniquement sexuelle, elle agit sur tout le corps f\u00e9minin. Quand son taux chute, les risques augmentent: baisse de la densit\u00e9 osseuse, perte de masse musculaire, fragilit\u00e9 cardiovasculaire et risque accru de d\u00e9mence. Comment vous prot\u00e9gez-vous?<\/h4>\n<p>En restant en mouvement, litt\u00e9ralement! On ne rouille pas quand on bouge. Le cerveau aussi rouille si nous cessons de r\u00e9fl\u00e9chir et d\u2019apprendre. Nous connaissons aujourd\u2019hui la neuroplasticit\u00e9 (la capacit\u00e9 du cerveau \u00e0 cr\u00e9er de nouvelles connexions entre les cellules nerveuses tout au long de la vie, n. d. l. r.). J\u2019essaie donc, de mani\u00e8re ludique, de stimuler ma sant\u00e9 mentale, par exemple en me brossant les cheveux ou en \u00e9crivant de la main gauche, ou encore en essayant de jongler. Je sollicite mon cerveau. De plus, je vais au jardin d\u00e8s que possible, m\u00eame si ce n\u2019est que dix minutes entre deux s\u00e9ances. La vie est un \u00e9quilibre. Il faut trouver son propre rythme et donner au corps l\u2019occasion d\u2019entra\u00eener son syst\u00e8me immunitaire pour qu\u2019il puisse, dans une certaine mesure, s\u2019auto-gu\u00e9rir. C\u2019est la meilleure pr\u00e9vention. Je n\u2019essaie pas non plus de tout garder st\u00e9rile; un peu de terre favorise un bon microbiote. Par exemple, je ne lave jamais mes herbes du jardin.<\/p>\n<h4>Vous pr\u00f4nez une approche holistique et proche de la nature. Le corps envoie des signaux que nous devons apprendre \u00e0 d\u00e9coder. Qu\u2019avez-vous compris de nouveau sur votre corps?<\/h4>\n<p>Oh, beaucoup de choses! Que pendant la m\u00e9nopause et les bouff\u00e9es de chaleur, on peut transpirer \u00e0 des endroits improbables, qu\u2019il ne faut avoir honte de rien, et que je peux me montrer vuln\u00e9rable, m\u00eame en tant qu\u2019entrepreneuse sur sc\u00e8ne. Et que tout est en mouvement: on croit avoir trouv\u00e9 une solution, et trois mois plus tard, tout change \u00e0 nouveau. C\u2019est impressionnant de voir \u00e0 quel point le corps se transforme rapidement. Plus on lutte contre cela, plus c\u2019est difficile. Lutter contre son propre corps n\u2019a aucun sens pour moi; j\u2019essaie donc d\u2019accepter et de donner de l\u2019espace \u00e0 tout cela. C\u2019est un v\u00e9ritable luxe dans notre monde press\u00e9.<\/p>\n<h4>Vous ne suivez pas de traitement hormonal substitutif. Qu\u2019est-ce qui vous aide \u00e0 mieux traverser la p\u00e9ri-m\u00e9nopause ou la m\u00e9nopause?<\/h4>\n<p>Je suis une enfant de la nature. J\u2019ai de nombreuses plantes m\u00e9dicinales dans mon jardin et je privil\u00e9gie les herbes, les \u00e9pices et un mode de vie sain. Je fais du yoga, je m\u00e9dite, je marche et j\u2019essaie de me faire du bien. Pour moi, la m\u00e9nopause r\u00e9v\u00e8le ma gestion du stress. Je suis quelqu\u2019un d\u2019\u00e9nergique, qui avance. Mais j\u2019ai appris que je n\u2019ai plus besoin de d\u00e9passer constamment mes limites pour \u00eatre performante. J\u2019ai aussi commenc\u00e9 \u00e0 lire des textes anciens d\u2019Avicenne et Galien pour comprendre ce que l\u2019on pensait autrefois de cet \u00ab\u00e9tat de la femme apr\u00e8s ses derni\u00e8res r\u00e8gles\u00bb et comment on r\u00e9duisait les sympt\u00f4mes. On recommandait par exemple la lenteur durant certaines phases de la vie. Aujourd\u2019hui, on dirait: avancer avec moins de stress quand le corps est sollicit\u00e9. Cela fait toujours sens.<\/p>\n<h4>Avez-vous un autre exemple?<\/h4>\n<p>Si j\u2019ai mal \u00e0 la t\u00eate, ce qui est rare, je prends une infusion de grande camomille et je me repose. Ou j\u2019annule quelques rendez-vous. Il ne sert \u00e0 rien d\u2019\u00eatre la plus riche du cimeti\u00e8re. J\u2019ai trouv\u00e9 refuge dans les recettes de plantes et les sagesses anciennes que nous avons presque oubli\u00e9es. C\u2019est mon chemin personnel, il ne doit pas forc\u00e9ment convenir \u00e0 tout le monde. Chacun a besoin de solutions diff\u00e9rentes pour rester en bonne sant\u00e9.<\/p>\n<h4>Quelle plante vous a aid\u00e9e? L\u2019act\u00e9e \u00e0 grappes aide pour les bouff\u00e9es de chaleur, le houblon pour le sommeil, le millepertuis pour la tension nerveuse\u2026<\/h4>\n<p>J\u2019ai pris de l\u2019act\u00e9e \u00e0 grappes un temps, mais j\u2019ai arr\u00eat\u00e9 pour \u00e9viter tout effet d\u2019accoutumance. Le fenouil me fait du bien, tout comme la menthe rafra\u00eechissante, et maintenant nous avons la morgeline au jardin. J\u2019essaie de tout puiser dans la nature et l\u2019alimentation, car je suis convaincue que la complexit\u00e9 chimique et la biodisponibilit\u00e9 y sont optimales. Il n\u2019est pas n\u00e9cessaire de consommer des kilos d\u2019une plante, mais d\u2019en prendre r\u00e9guli\u00e8rement. J\u2019essaie ainsi d\u2019avoir un bon apport de base via la nourriture toute l\u2019ann\u00e9e. Nous avons oubli\u00e9 l\u2019usage des \u00e9pices m\u00e9dicinales comme la cannelle, la cardamome ou le clou de girofle.<\/p>\n<h4>Quelles habitudes avez-vous chang\u00e9es, par exemple pour votre sommeil?<\/h4>\n<p>J\u2019ai appris \u00e0 \u00e9couter mon corps. Si je sens que j\u2019ai besoin de dormir plus longtemps, j\u2019adapte mon hygi\u00e8ne de sommeil. Je me couche plus t\u00f4t, je me l\u00e8ve plus tard et je m\u2019organise en cons\u00e9quence. En tant qu\u2019entrepreneuse, c\u2019est sans doute plus facile que pour une employ\u00e9e. J\u2019essaie de donner du temps et de l\u2019espace \u00e0 ces conditions de sant\u00e9 changeantes. Sinon, on finit par manquer de force.<\/p>\n<h4>Et concernant l\u2019alimentation?<\/h4>\n<p>Derni\u00e8rement, la soupe miso au tofu soyeux a \u00e9t\u00e9 une belle d\u00e9couverte! Mais cela peut changer. J\u2019essaie de suivre mon instinct, de manger ce qui me fait envie et quand j\u2019ai faim, et non quand la soci\u00e9t\u00e9 l\u2019attend.<\/p>\n<h4>\u00c0 propos d\u2019attentes: les femmes ont-elles tendance \u00e0 vouloir y r\u00e9pondre? Pouvons-nous nous permettre plus de choses \u00e0 l\u2019\u00e2ge m\u00fbr?<\/h4>\n<p>C\u2019est le pire sentiment que de vivre la vie des autres, de se comparer et de se corriger sans cesse jusqu\u2019\u00e0 s\u2019y perdre. R\u00e9pondre aux attentes des autres m\u00e8ne souvent au malheur. J\u2019essaie de traverser la vie avec un m\u00e9lange de r\u00e9sistance aux conseils non sollicit\u00e9s tout en restant \u00e0 l\u2019\u00e9coute. Mais il faut toujours accorder cela avec ses propres besoins. Les autres ne sont pas \u00e0 ma place. Je ne pr\u00f4ne pas l\u2019\u00e9go\u00efsme, mais il faut sentir ce dont on a besoin et avec qui on se sent bien. Ces r\u00e9ponses doivent \u00eatre notre boussole.<\/p>\n<h4>Serait-il utile de revoir l\u2019image de la femme? Une femme m\u2019a confi\u00e9 qu\u2019on lui avait dit qu\u2019elle \u00e9tait d\u00e9sormais \u00abinutile\u00bb\u2026<\/h4>\n<p>Si quelqu\u2019un dit cela, je demande: \u00abQui est inutile?\u00bb. La grand-m\u00e8re qui garde les petits-enfants? Les femmes m\u00e9nopaus\u00e9es qui ont toujours eu une importance sociale car elles s\u2019occupent des choses?. La r\u00e9ponse est simple: si ce n\u2019\u00e9tait pas utile biologiquement, nous mourrions \u00e0 50 ans. Il semble y avoir un avantage \u00e9volutif \u00e0 ce que les femmes soient encore l\u00e0 apr\u00e8s la m\u00e9nopause. De plus, nous sommes bien plus que notre apparence physique. Ce n\u2019est pas toujours facile d\u2019accepter que tout ne soit plus aussi ferme, mais je fais du sport, je vais dans la nature et je cultive mon sourire int\u00e9rieur et ext\u00e9rieur.<\/p>\n<\/div><div class=\"fusion-text fusion-text-2\"><h4><strong>Les faits sur La menopause <\/strong><\/h4>\n<ul>\n<li><strong>Le moment charni\u00e8re:<\/strong> La m\u00e9nopause d\u00e9signe le dernier cycle menstruel naturel d\u2019une femme. Elle survient en moyenne \u00e0 51 ans \u2013 le diagnostic est pos\u00e9 r\u00e9trospectivement apr\u00e8s 12 mois cons\u00e9cutifs sans menstruation. La p\u00e9rim\u00e9nopause, cette phase de transition, peut d\u00e9buter d\u00e8s le d\u00e9but ou le milieu de la quarantaine et durer plusieurs ann\u00e9es.<\/li>\n<li><strong>Fr\u00e9quence des troubles:<\/strong> Selon les \u00e9tudes, entre 70 et 90 % de toutes les femmes souffrent de troubles li\u00e9s \u00e0 la m\u00e9nopause. Les sympt\u00f4mes les plus fr\u00e9quents sont les bouff\u00e9es de chaleur, les troubles du sommeil, les variations de l\u2019humeur, les probl\u00e8mes de concentration, la s\u00e9cheresse vaginale et les douleurs articulaires.<\/li>\n<li><strong>L\u2019\u0153strog\u00e8ne \u2013 bien plus qu\u2019une hormone sexuelle:<\/strong> L\u2019\u0153strog\u00e8ne agit dans l\u2019ensemble du corps f\u00e9minin: il prot\u00e8ge les os, le c\u0153ur et les vaisseaux, renforce la musculature ainsi que le syst\u00e8me immunitaire et poss\u00e8de un effet neuroprotecteur. Avec la baisse du taux d\u2019\u0153strog\u00e8ne, les risques d\u2019ost\u00e9oporose, de maladies cardio-vasculaires et de d\u00e9mence augmentent.<\/li>\n<li><strong>Impact sur le monde du travail:<\/strong> Des \u00e9tudes britanniques montrent que pr\u00e8s de 25 % des femmes envisagent de renoncer \u00e0 leur emploi \u00e0 cause des troubles de la m\u00e9nopause. En Suisse, on compte actuellement environ 1 million de femmes \u00e2g\u00e9es de 45 \u00e0 54 ans. Quelque 85 % d\u2019entre elles exercent une activit\u00e9 professionnelle \u2013 et sont potentiellement concern\u00e9es. La perte de productivit\u00e9 repr\u00e9sente un dommage \u00e9conomique consid\u00e9rable pour la soci\u00e9t\u00e9.<\/li>\n<li><strong>Traitement hormonal substitutif (THS):<\/strong> Le THS demeure le traitement m\u00e9dical le plus efficace contre les troubles de la m\u00e9nopause et prot\u00e8ge contre les maladies dues \u00e0 la carence en \u0153strog\u00e8ne. Il utilise aujourd\u2019hui des principes actifs bio-identiques et s\u2019administre id\u00e9alement par la peau afin de ne pas solliciter le foie. Il est donc utilis\u00e9 de mani\u00e8re plus nuanc\u00e9e qu\u2019autrefois et s\u2019av\u00e8re s\u00fbr et judicieux pour de nombreuses femmes. N\u00e9anmoins, beaucoup de femmes optent pour des produits naturels.<\/li>\n<li><strong>Soutien par les plantes:<\/strong> L\u2019act\u00e9e \u00e0 grappes (Cimicifuga) est consid\u00e9r\u00e9e comme la plante la mieux \u00e9tudi\u00e9e contre les bouff\u00e9es de chaleur. Le houblon et la val\u00e9riane aident en cas de troubles du sommeil, tandis que le millepertuis est utile lors de l\u00e9g\u00e8res d\u00e9pressions. Les phyto-\u0153strog\u00e8nes, pr\u00e9sents par exemple dans le soja et les graines de lin broy\u00e9es, peuvent soutenir votre \u00e9quilibre hormonal en douceur.<\/li>\n<li><strong>Le mouvement comme meilleure pr\u00e9vention:<\/strong> Une activit\u00e9 physique r\u00e9guli\u00e8re r\u00e9duit de mani\u00e8re prouv\u00e9e les bouff\u00e9es de chaleur, am\u00e9liore le sommeil, renforce les os ainsi que le c\u0153ur et prot\u00e8ge le cerveau. L\u2019OMS recommande au moins 150 minutes de mouvement mod\u00e9r\u00e9 par semaine \u2013 un conseil particuli\u00e8rement important durant la m\u00e9nopause.<\/li>\n<\/ul>\n<\/div><div class=\"fusion-text fusion-text-3\"><p style=\"font-size: 12px;\" data-fusion-font=\"true\">Photo: \u00a9Tomek<\/p>\n<\/div><\/div><\/div><\/div><\/div>\n","protected":false},"excerpt":{"rendered":"","protected":false},"author":4,"featured_media":34515,"comment_status":"open","ping_status":"open","sticky":false,"template":"","format":"standard","meta":{"_acf_changed":false,"footnotes":""},"categories":[779],"tags":[1009,1061],"class_list":["post-34520","post","type-post","status-publish","format-standard","has-post-thumbnail","hentry","category-femmes","tag-interview-fr-2","tag-menopause-fr"],"acf":[],"yoast_head":"<!-- This site is optimized with the Yoast SEO plugin v27.0 - https:\/\/yoast.com\/product\/yoast-seo-wordpress\/ -->\n<title>\u00abJe donne de l\u2019espace et du temps \u00e0 la m\u00e9nopause\u00bb - Astrea Aptheke<\/title>\n<meta name=\"description\" content=\"Comprendre la m\u00e9nopause: l\u2019entrepreneuse Sandra-Stella Triebl parle de la m\u00e9nopause, de ses sympt\u00f4mes et des soins personnels.\" \/>\n<meta name=\"robots\" content=\"index, follow, max-snippet:-1, max-image-preview:large, max-video-preview:-1\" \/>\n<link rel=\"canonical\" href=\"https:\/\/astrea-apotheke.ch\/fr\/sandra-stella-triebl-menopause\/\" \/>\n<meta property=\"og:locale\" content=\"fr_FR\" \/>\n<meta property=\"og:type\" content=\"article\" \/>\n<meta property=\"og:title\" content=\"\u00abJe donne de l\u2019espace et du temps \u00e0 la m\u00e9nopause\u00bb - Astrea Aptheke\" \/>\n<meta property=\"og:description\" content=\"Comprendre la m\u00e9nopause: l\u2019entrepreneuse Sandra-Stella Triebl parle de la m\u00e9nopause, de ses sympt\u00f4mes et des soins personnels.\" \/>\n<meta property=\"og:url\" content=\"https:\/\/astrea-apotheke.ch\/fr\/sandra-stella-triebl-menopause\/\" \/>\n<meta property=\"og:site_name\" content=\"Astrea Aptheke\" \/>\n<meta property=\"article:published_time\" content=\"2026-04-27T06:00:26+00:00\" \/>\n<meta property=\"og:image\" content=\"https:\/\/astrea-apotheke.ch\/wp-content\/uploads\/2026\/03\/Bild-31.03.26-um-14.32.jpeg\" \/>\n\t<meta property=\"og:image:width\" content=\"966\" \/>\n\t<meta property=\"og:image:height\" content=\"1262\" \/>\n\t<meta property=\"og:image:type\" content=\"image\/jpeg\" \/>\n<meta name=\"author\" content=\"Ramona Ruppanner\" \/>\n<meta name=\"twitter:card\" content=\"summary_large_image\" \/>\n<meta name=\"twitter:label1\" content=\"\u00c9crit par\" \/>\n\t<meta name=\"twitter:data1\" content=\"Ramona Ruppanner\" \/>\n\t<meta name=\"twitter:label2\" content=\"Dur\u00e9e de lecture estim\u00e9e\" \/>\n\t<meta name=\"twitter:data2\" content=\"13 minutes\" \/>\n<script type=\"application\/ld+json\" class=\"yoast-schema-graph\">{\"@context\":\"https:\/\/schema.org\",\"@graph\":[{\"@type\":\"Article\",\"@id\":\"https:\/\/astrea-apotheke.ch\/fr\/sandra-stella-triebl-menopause\/#article\",\"isPartOf\":{\"@id\":\"https:\/\/astrea-apotheke.ch\/fr\/sandra-stella-triebl-menopause\/\"},\"author\":{\"name\":\"Ramona Ruppanner\",\"@id\":\"https:\/\/astrea-apotheke.ch\/fr\/#\/schema\/person\/9e04bb94d57469769041ed5e14e1c90b\"},\"headline\":\"\u00abJe donne de l\u2019espace et du temps \u00e0 la m\u00e9nopause\u00bb\",\"datePublished\":\"2026-04-27T06:00:26+00:00\",\"mainEntityOfPage\":{\"@id\":\"https:\/\/astrea-apotheke.ch\/fr\/sandra-stella-triebl-menopause\/\"},\"wordCount\":2699,\"commentCount\":0,\"publisher\":{\"@id\":\"https:\/\/astrea-apotheke.ch\/fr\/#organization\"},\"image\":{\"@id\":\"https:\/\/astrea-apotheke.ch\/fr\/sandra-stella-triebl-menopause\/#primaryimage\"},\"thumbnailUrl\":\"https:\/\/astrea-apotheke.ch\/wp-content\/uploads\/2026\/03\/Bild-31.03.26-um-14.32.jpeg\",\"keywords\":[\"Interview\",\"Menopause\"],\"articleSection\":[\"Femmes\"],\"inLanguage\":\"fr-FR\",\"potentialAction\":[{\"@type\":\"CommentAction\",\"name\":\"Comment\",\"target\":[\"https:\/\/astrea-apotheke.ch\/fr\/sandra-stella-triebl-menopause\/#respond\"]}]},{\"@type\":\"WebPage\",\"@id\":\"https:\/\/astrea-apotheke.ch\/fr\/sandra-stella-triebl-menopause\/\",\"url\":\"https:\/\/astrea-apotheke.ch\/fr\/sandra-stella-triebl-menopause\/\",\"name\":\"\u00abJe donne de l\u2019espace et du temps \u00e0 la m\u00e9nopause\u00bb - Astrea Aptheke\",\"isPartOf\":{\"@id\":\"https:\/\/astrea-apotheke.ch\/fr\/#website\"},\"primaryImageOfPage\":{\"@id\":\"https:\/\/astrea-apotheke.ch\/fr\/sandra-stella-triebl-menopause\/#primaryimage\"},\"image\":{\"@id\":\"https:\/\/astrea-apotheke.ch\/fr\/sandra-stella-triebl-menopause\/#primaryimage\"},\"thumbnailUrl\":\"https:\/\/astrea-apotheke.ch\/wp-content\/uploads\/2026\/03\/Bild-31.03.26-um-14.32.jpeg\",\"datePublished\":\"2026-04-27T06:00:26+00:00\",\"description\":\"Comprendre la m\u00e9nopause: l\u2019entrepreneuse Sandra-Stella Triebl parle de la m\u00e9nopause, de ses sympt\u00f4mes et des soins personnels.\",\"breadcrumb\":{\"@id\":\"https:\/\/astrea-apotheke.ch\/fr\/sandra-stella-triebl-menopause\/#breadcrumb\"},\"inLanguage\":\"fr-FR\",\"potentialAction\":[{\"@type\":\"ReadAction\",\"target\":[\"https:\/\/astrea-apotheke.ch\/fr\/sandra-stella-triebl-menopause\/\"]}]},{\"@type\":\"ImageObject\",\"inLanguage\":\"fr-FR\",\"@id\":\"https:\/\/astrea-apotheke.ch\/fr\/sandra-stella-triebl-menopause\/#primaryimage\",\"url\":\"https:\/\/astrea-apotheke.ch\/wp-content\/uploads\/2026\/03\/Bild-31.03.26-um-14.32.jpeg\",\"contentUrl\":\"https:\/\/astrea-apotheke.ch\/wp-content\/uploads\/2026\/03\/Bild-31.03.26-um-14.32.jpeg\",\"width\":966,\"height\":1262},{\"@type\":\"BreadcrumbList\",\"@id\":\"https:\/\/astrea-apotheke.ch\/fr\/sandra-stella-triebl-menopause\/#breadcrumb\",\"itemListElement\":[{\"@type\":\"ListItem\",\"position\":1,\"name\":\"Startseite\",\"item\":\"https:\/\/astrea-apotheke.ch\/fr\/\"},{\"@type\":\"ListItem\",\"position\":2,\"name\":\"\u00abJe donne de l\u2019espace et du temps \u00e0 la m\u00e9nopause\u00bb\"}]},{\"@type\":\"WebSite\",\"@id\":\"https:\/\/astrea-apotheke.ch\/fr\/#website\",\"url\":\"https:\/\/astrea-apotheke.ch\/fr\/\",\"name\":\"astrea Bulletin\",\"description\":\"Gesundheitsmagazin\",\"publisher\":{\"@id\":\"https:\/\/astrea-apotheke.ch\/fr\/#organization\"},\"potentialAction\":[{\"@type\":\"SearchAction\",\"target\":{\"@type\":\"EntryPoint\",\"urlTemplate\":\"https:\/\/astrea-apotheke.ch\/fr\/?s={search_term_string}\"},\"query-input\":{\"@type\":\"PropertyValueSpecification\",\"valueRequired\":true,\"valueName\":\"search_term_string\"}}],\"inLanguage\":\"fr-FR\"},{\"@type\":\"Organization\",\"@id\":\"https:\/\/astrea-apotheke.ch\/fr\/#organization\",\"name\":\"astrea Bulletin\",\"url\":\"https:\/\/astrea-apotheke.ch\/fr\/\",\"logo\":{\"@type\":\"ImageObject\",\"inLanguage\":\"fr-FR\",\"@id\":\"https:\/\/astrea-apotheke.ch\/fr\/#\/schema\/logo\/image\/\",\"url\":\"http:\/\/apotheke.astrea-bulletin.ch\/wp-content\/uploads\/2024\/08\/Logo_Astrea-Bulletin_RGB.jpg\",\"contentUrl\":\"http:\/\/apotheke.astrea-bulletin.ch\/wp-content\/uploads\/2024\/08\/Logo_Astrea-Bulletin_RGB.jpg\",\"width\":1429,\"height\":560,\"caption\":\"astrea Bulletin\"},\"image\":{\"@id\":\"https:\/\/astrea-apotheke.ch\/fr\/#\/schema\/logo\/image\/\"}},{\"@type\":\"Person\",\"@id\":\"https:\/\/astrea-apotheke.ch\/fr\/#\/schema\/person\/9e04bb94d57469769041ed5e14e1c90b\",\"name\":\"Ramona Ruppanner\",\"image\":{\"@type\":\"ImageObject\",\"inLanguage\":\"fr-FR\",\"@id\":\"https:\/\/astrea-apotheke.ch\/fr\/#\/schema\/person\/image\/\",\"url\":\"https:\/\/secure.gravatar.com\/avatar\/1ac69febedb35268f70a45972f68b8310c3f4edf42ac55b30773e0131b973bfa?s=96&d=mm&r=g\",\"contentUrl\":\"https:\/\/secure.gravatar.com\/avatar\/1ac69febedb35268f70a45972f68b8310c3f4edf42ac55b30773e0131b973bfa?s=96&d=mm&r=g\",\"caption\":\"Ramona Ruppanner\"},\"url\":\"https:\/\/astrea-apotheke.ch\/fr\/author\/ramona-ruppannerhcg-ag-ch\/\"}]}<\/script>\n<!-- \/ Yoast SEO plugin. -->","yoast_head_json":{"title":"\u00abJe donne de l\u2019espace et du temps \u00e0 la m\u00e9nopause\u00bb - Astrea Aptheke","description":"Comprendre la m\u00e9nopause: l\u2019entrepreneuse Sandra-Stella Triebl parle de la m\u00e9nopause, de ses sympt\u00f4mes et des soins personnels.","robots":{"index":"index","follow":"follow","max-snippet":"max-snippet:-1","max-image-preview":"max-image-preview:large","max-video-preview":"max-video-preview:-1"},"canonical":"https:\/\/astrea-apotheke.ch\/fr\/sandra-stella-triebl-menopause\/","og_locale":"fr_FR","og_type":"article","og_title":"\u00abJe donne de l\u2019espace et du temps \u00e0 la m\u00e9nopause\u00bb - Astrea Aptheke","og_description":"Comprendre la m\u00e9nopause: l\u2019entrepreneuse Sandra-Stella Triebl parle de la m\u00e9nopause, de ses sympt\u00f4mes et des soins personnels.","og_url":"https:\/\/astrea-apotheke.ch\/fr\/sandra-stella-triebl-menopause\/","og_site_name":"Astrea Aptheke","article_published_time":"2026-04-27T06:00:26+00:00","og_image":[{"width":966,"height":1262,"url":"https:\/\/astrea-apotheke.ch\/wp-content\/uploads\/2026\/03\/Bild-31.03.26-um-14.32.jpeg","type":"image\/jpeg"}],"author":"Ramona Ruppanner","twitter_card":"summary_large_image","twitter_misc":{"\u00c9crit par":"Ramona Ruppanner","Dur\u00e9e de lecture estim\u00e9e":"13 minutes"},"schema":{"@context":"https:\/\/schema.org","@graph":[{"@type":"Article","@id":"https:\/\/astrea-apotheke.ch\/fr\/sandra-stella-triebl-menopause\/#article","isPartOf":{"@id":"https:\/\/astrea-apotheke.ch\/fr\/sandra-stella-triebl-menopause\/"},"author":{"name":"Ramona Ruppanner","@id":"https:\/\/astrea-apotheke.ch\/fr\/#\/schema\/person\/9e04bb94d57469769041ed5e14e1c90b"},"headline":"\u00abJe donne de l\u2019espace et du temps \u00e0 la m\u00e9nopause\u00bb","datePublished":"2026-04-27T06:00:26+00:00","mainEntityOfPage":{"@id":"https:\/\/astrea-apotheke.ch\/fr\/sandra-stella-triebl-menopause\/"},"wordCount":2699,"commentCount":0,"publisher":{"@id":"https:\/\/astrea-apotheke.ch\/fr\/#organization"},"image":{"@id":"https:\/\/astrea-apotheke.ch\/fr\/sandra-stella-triebl-menopause\/#primaryimage"},"thumbnailUrl":"https:\/\/astrea-apotheke.ch\/wp-content\/uploads\/2026\/03\/Bild-31.03.26-um-14.32.jpeg","keywords":["Interview","Menopause"],"articleSection":["Femmes"],"inLanguage":"fr-FR","potentialAction":[{"@type":"CommentAction","name":"Comment","target":["https:\/\/astrea-apotheke.ch\/fr\/sandra-stella-triebl-menopause\/#respond"]}]},{"@type":"WebPage","@id":"https:\/\/astrea-apotheke.ch\/fr\/sandra-stella-triebl-menopause\/","url":"https:\/\/astrea-apotheke.ch\/fr\/sandra-stella-triebl-menopause\/","name":"\u00abJe donne de l\u2019espace et du temps \u00e0 la m\u00e9nopause\u00bb - Astrea Aptheke","isPartOf":{"@id":"https:\/\/astrea-apotheke.ch\/fr\/#website"},"primaryImageOfPage":{"@id":"https:\/\/astrea-apotheke.ch\/fr\/sandra-stella-triebl-menopause\/#primaryimage"},"image":{"@id":"https:\/\/astrea-apotheke.ch\/fr\/sandra-stella-triebl-menopause\/#primaryimage"},"thumbnailUrl":"https:\/\/astrea-apotheke.ch\/wp-content\/uploads\/2026\/03\/Bild-31.03.26-um-14.32.jpeg","datePublished":"2026-04-27T06:00:26+00:00","description":"Comprendre la m\u00e9nopause: l\u2019entrepreneuse Sandra-Stella Triebl parle de la m\u00e9nopause, de ses sympt\u00f4mes et des soins personnels.","breadcrumb":{"@id":"https:\/\/astrea-apotheke.ch\/fr\/sandra-stella-triebl-menopause\/#breadcrumb"},"inLanguage":"fr-FR","potentialAction":[{"@type":"ReadAction","target":["https:\/\/astrea-apotheke.ch\/fr\/sandra-stella-triebl-menopause\/"]}]},{"@type":"ImageObject","inLanguage":"fr-FR","@id":"https:\/\/astrea-apotheke.ch\/fr\/sandra-stella-triebl-menopause\/#primaryimage","url":"https:\/\/astrea-apotheke.ch\/wp-content\/uploads\/2026\/03\/Bild-31.03.26-um-14.32.jpeg","contentUrl":"https:\/\/astrea-apotheke.ch\/wp-content\/uploads\/2026\/03\/Bild-31.03.26-um-14.32.jpeg","width":966,"height":1262},{"@type":"BreadcrumbList","@id":"https:\/\/astrea-apotheke.ch\/fr\/sandra-stella-triebl-menopause\/#breadcrumb","itemListElement":[{"@type":"ListItem","position":1,"name":"Startseite","item":"https:\/\/astrea-apotheke.ch\/fr\/"},{"@type":"ListItem","position":2,"name":"\u00abJe donne de l\u2019espace et du temps \u00e0 la m\u00e9nopause\u00bb"}]},{"@type":"WebSite","@id":"https:\/\/astrea-apotheke.ch\/fr\/#website","url":"https:\/\/astrea-apotheke.ch\/fr\/","name":"astrea Bulletin","description":"Gesundheitsmagazin","publisher":{"@id":"https:\/\/astrea-apotheke.ch\/fr\/#organization"},"potentialAction":[{"@type":"SearchAction","target":{"@type":"EntryPoint","urlTemplate":"https:\/\/astrea-apotheke.ch\/fr\/?s={search_term_string}"},"query-input":{"@type":"PropertyValueSpecification","valueRequired":true,"valueName":"search_term_string"}}],"inLanguage":"fr-FR"},{"@type":"Organization","@id":"https:\/\/astrea-apotheke.ch\/fr\/#organization","name":"astrea Bulletin","url":"https:\/\/astrea-apotheke.ch\/fr\/","logo":{"@type":"ImageObject","inLanguage":"fr-FR","@id":"https:\/\/astrea-apotheke.ch\/fr\/#\/schema\/logo\/image\/","url":"http:\/\/apotheke.astrea-bulletin.ch\/wp-content\/uploads\/2024\/08\/Logo_Astrea-Bulletin_RGB.jpg","contentUrl":"http:\/\/apotheke.astrea-bulletin.ch\/wp-content\/uploads\/2024\/08\/Logo_Astrea-Bulletin_RGB.jpg","width":1429,"height":560,"caption":"astrea Bulletin"},"image":{"@id":"https:\/\/astrea-apotheke.ch\/fr\/#\/schema\/logo\/image\/"}},{"@type":"Person","@id":"https:\/\/astrea-apotheke.ch\/fr\/#\/schema\/person\/9e04bb94d57469769041ed5e14e1c90b","name":"Ramona Ruppanner","image":{"@type":"ImageObject","inLanguage":"fr-FR","@id":"https:\/\/astrea-apotheke.ch\/fr\/#\/schema\/person\/image\/","url":"https:\/\/secure.gravatar.com\/avatar\/1ac69febedb35268f70a45972f68b8310c3f4edf42ac55b30773e0131b973bfa?s=96&d=mm&r=g","contentUrl":"https:\/\/secure.gravatar.com\/avatar\/1ac69febedb35268f70a45972f68b8310c3f4edf42ac55b30773e0131b973bfa?s=96&d=mm&r=g","caption":"Ramona Ruppanner"},"url":"https:\/\/astrea-apotheke.ch\/fr\/author\/ramona-ruppannerhcg-ag-ch\/"}]}},"_links":{"self":[{"href":"https:\/\/astrea-apotheke.ch\/fr\/wp-json\/wp\/v2\/posts\/34520","targetHints":{"allow":["GET"]}}],"collection":[{"href":"https:\/\/astrea-apotheke.ch\/fr\/wp-json\/wp\/v2\/posts"}],"about":[{"href":"https:\/\/astrea-apotheke.ch\/fr\/wp-json\/wp\/v2\/types\/post"}],"author":[{"embeddable":true,"href":"https:\/\/astrea-apotheke.ch\/fr\/wp-json\/wp\/v2\/users\/4"}],"replies":[{"embeddable":true,"href":"https:\/\/astrea-apotheke.ch\/fr\/wp-json\/wp\/v2\/comments?post=34520"}],"version-history":[{"count":4,"href":"https:\/\/astrea-apotheke.ch\/fr\/wp-json\/wp\/v2\/posts\/34520\/revisions"}],"predecessor-version":[{"id":34524,"href":"https:\/\/astrea-apotheke.ch\/fr\/wp-json\/wp\/v2\/posts\/34520\/revisions\/34524"}],"wp:featuredmedia":[{"embeddable":true,"href":"https:\/\/astrea-apotheke.ch\/fr\/wp-json\/wp\/v2\/media\/34515"}],"wp:attachment":[{"href":"https:\/\/astrea-apotheke.ch\/fr\/wp-json\/wp\/v2\/media?parent=34520"}],"wp:term":[{"taxonomy":"category","embeddable":true,"href":"https:\/\/astrea-apotheke.ch\/fr\/wp-json\/wp\/v2\/categories?post=34520"},{"taxonomy":"post_tag","embeddable":true,"href":"https:\/\/astrea-apotheke.ch\/fr\/wp-json\/wp\/v2\/tags?post=34520"}],"curies":[{"name":"wp","href":"https:\/\/api.w.org\/{rel}","templated":true}]}}