{"id":35238,"date":"2026-09-01T08:00:56","date_gmt":"2026-09-01T06:00:56","guid":{"rendered":"https:\/\/astrea-apotheke.ch\/?p=35238"},"modified":"2026-08-25T13:48:08","modified_gmt":"2026-08-25T11:48:08","slug":"feu-vert-pour-votre-sante","status":"publish","type":"post","link":"https:\/\/astrea-apotheke.ch\/fr\/feu-vert-pour-votre-sante\/","title":{"rendered":"Feu vert pour votre sant\u00e9!"},"content":{"rendered":"<div class=\"fusion-fullwidth fullwidth-box fusion-builder-row-1 fusion-flex-container has-pattern-background has-mask-background nonhundred-percent-fullwidth non-hundred-percent-height-scrolling\" style=\"--awb-border-radius-top-left:0px;--awb-border-radius-top-right:0px;--awb-border-radius-bottom-right:0px;--awb-border-radius-bottom-left:0px;--awb-flex-wrap:wrap;\" ><div class=\"fusion-builder-row fusion-row fusion-flex-align-items-flex-start fusion-flex-content-wrap\" style=\"max-width:1302px;margin-left: calc(-5% \/ 2 );margin-right: calc(-5% \/ 2 );\"><div class=\"fusion-layout-column fusion_builder_column fusion-builder-column-0 fusion_builder_column_1_1 1_1 fusion-flex-column\" style=\"--awb-bg-size:cover;--awb-width-large:100%;--awb-margin-top-large:0px;--awb-spacing-right-large:2.375%;--awb-margin-bottom-large:0px;--awb-spacing-left-large:2.375%;--awb-width-medium:100%;--awb-order-medium:0;--awb-spacing-right-medium:2.375%;--awb-spacing-left-medium:2.375%;--awb-width-small:100%;--awb-order-small:0;--awb-spacing-right-small:2.375%;--awb-spacing-left-small:2.375%;\"><div class=\"fusion-column-wrapper fusion-column-has-shadow fusion-flex-justify-content-flex-start fusion-content-layout-column\"><div class=\"fusion-text fusion-text-1\"><p>Faire mesurer sa tension, v\u00e9rifier ses vaccins, obtenir une premi\u00e8re \u00e9valuation en cas de mal de gorge ou savoir si des sympt\u00f4mes doivent inqui\u00e9ter: dans bien des situations, la pharmacie est le premier r\u00e9flexe \u00e0 avoir pour une prise en charge rapide, comp\u00e9tente et sans rendez-vous.<\/p>\n<p><span style=\"letter-spacing: 0.24px; background-color: rgba(0, 0, 0, 0);\">Peut-\u00eatre avez-vous d\u00e9j\u00e0 connu l\u2019une de ces situations: une gorge qui gratte, une tension art\u00e9rielle qui vous pr\u00e9occupe, des vaccins \u00e0 v\u00e9rifier avant les vacances ou encore une cystite pour laquelle vous vous demandez s\u2019il faut un traitement.<\/span><\/p>\n<p>Pour bien des gens, le premier r\u00e9flexe est le cabinet m\u00e9dical. Pourtant, le chemin le plus court m\u00e8ne souvent \u00e0 la pharmacie. En effet, les pharmacies font bien plus que remettre des m\u00e9dicaments: elles vous conseillent, vous suivent et prennent en charge de nombreuses probl\u00e9matiques de sant\u00e9 \u2013 de mani\u00e8re personnalis\u00e9e, pr\u00e8s de chez vous et souvent sans d\u00e9lai.<\/p>\n<p>C\u2019est pr\u00e9cis\u00e9ment le message de la campagne nationale \u00abFeu vert pour la consultation en pharmacie\u00bb.<\/p>\n<\/div><div class=\"fusion-text fusion-text-2\"><h4>MYTHES ET R\u00c9ALIT\u00c9S SUR LA SANT\u00c9<\/h4>\n<p>\u00abLa pharmacie, c\u2019est seulement pour les m\u00e9dicaments.\u00bb.<\/p>\n<p>Pas tout \u00e0 fait. Aujourd\u2019hui, de nombreuses pharmacies proposent une vaste palette de prestations de sant\u00e9: mesure de la tension art\u00e9rielle, de la glyc\u00e9mie ou du cholest\u00e9rol, conseils en vaccination et vaccinations, accompagnement pour arr\u00eater de fumer ou conseils en m\u00e9decine des voyages, prise en charge de troubles fr\u00e9quents comme les maux de gorge, les cystites, les allergies ou les conjonctivites, ainsi que conseils personnalis\u00e9s sur les m\u00e9dicaments. Pour de nombreux troubles, vous obtenez directement une \u00e9valuation professionnelle et, si n\u00e9cessaire, le traitement adapt\u00e9.<\/p>\n<p>\u00abPour \u00eatre bien conseill\u00e9, il faut toujours prendre rendez-vous.\u00bb<\/p>\n<p>Non. Vous pouvez passer spontan\u00e9ment, poser vos questions et vous faire conseiller. Vous obtenez ainsi rapidement une premi\u00e8re orientation, sans longs d\u00e9lais d\u2019attente.<\/p>\n<p>\u00abIl ne faut s\u2019occuper de sa sant\u00e9 que lorsque l\u2019on est malade\u00bb<\/p>\n<p>Heureusement, c\u2019est faux. De nombreuses pharmacies proposent des bilans de sant\u00e9, contr\u00f4lent la pression art\u00e9rielle ou le taux de cholest\u00e9rol, donnent des conseils sur la vaccination et accompagnent les personnes qui souhaitent arr\u00eater de fumer, suivre leur diab\u00e8te ou prendre soin de leur sant\u00e9 au quotidien.<\/p>\n<h4>BIEN PLUS QUE DES M\u00c9DICAMENTS \u2013 VOTRE PHARMACIE VOUS ACCOMPAGNE<\/h4>\n<p>La pharmacie est un pilier essentiel des soins de premier recours. Les pharmacies conseillent les patients tout au long de leur vie, les accompagnent dans leurs traitements et mettent leurs comp\u00e9tences \u00e0 disposition pour toutes sortes de questions sant\u00e9. Faites-en l\u2019exp\u00e9rience: poussez la porte de votre pharmacie, posez vos questions et d\u00e9couvrez les offres qu\u2019elle propose.<\/p>\n<\/div><\/div><\/div><div class=\"fusion-layout-column fusion_builder_column fusion-builder-column-1 fusion_builder_column_1_1 1_1 fusion-flex-column\" style=\"--awb-bg-size:cover;--awb-width-large:100%;--awb-margin-top-large:0px;--awb-spacing-right-large:2.375%;--awb-margin-bottom-large:0px;--awb-spacing-left-large:2.375%;--awb-width-medium:100%;--awb-order-medium:0;--awb-spacing-right-medium:2.375%;--awb-spacing-left-medium:2.375%;--awb-width-small:100%;--awb-order-small:0;--awb-spacing-right-small:2.375%;--awb-spacing-left-small:2.375%;\"><div class=\"fusion-column-wrapper fusion-column-has-shadow fusion-flex-justify-content-flex-start fusion-content-layout-column\"><div class=\"fusion-reading-box-container reading-box-container-1\" style=\"--awb-title-color:var(--awb-color4);--awb-title-font-size:18px;--awb-margin-top:0px;--awb-margin-bottom:20px;--awb-title-font-family:var(--awb-typography1-font-family);--awb-title-font-weight:var(--awb-typography1-font-weight);--awb-title-font-style:var(--awb-typography1-font-style);\"><div class=\"reading-box\" style=\"background-color:var(--awb-color2);border-width:1px;border-color:rgba(226,226,226,0);border-left-width:3px;border-left-color:var(--primary_color);border-style:solid;\"><h2>TESTEZ VOS CONNAISSANCES \u2013 ET GAGNEZ!<\/h2><div class=\"reading-box-description fusion-reading-box-additional\">Sur votre-pharmacie.ch, un test ludique vous attend autour de la pr\u00e9vention, des bilans de sant\u00e9, de la vaccination et des nombreuses offres propos\u00e9es en pharmacie. \nDe nombreux prix attrayants sont \u00e0 gagner. Choisissez les prix qui vous int\u00e9ressent et participez aux tirages au sort correspondants. Toutes les personnes participantes prennent en outre automatiquement part au tirage au sort du prix principal. <\/div><div class=\"fusion-clearfix\"><\/div><\/div><\/div><\/div><\/div><div class=\"fusion-layout-column fusion_builder_column fusion-builder-column-2 fusion_builder_column_1_1 1_1 fusion-flex-column\" style=\"--awb-bg-size:cover;--awb-width-large:100%;--awb-margin-top-large:0px;--awb-spacing-right-large:2.375%;--awb-margin-bottom-large:0px;--awb-spacing-left-large:2.375%;--awb-width-medium:100%;--awb-order-medium:0;--awb-spacing-right-medium:2.375%;--awb-spacing-left-medium:2.375%;--awb-width-small:100%;--awb-order-small:0;--awb-spacing-right-small:2.375%;--awb-spacing-left-small:2.375%;\"><div class=\"fusion-column-wrapper fusion-column-has-shadow fusion-flex-justify-content-flex-start fusion-content-layout-column\"><div class=\"fusion-text fusion-text-3\"><h4>RENDEZ-VOUS DANS VOTRE PHARMACIE \u2013 EN PARTICULIER LORS DE LA JOURN\u00c9E DE LA PHARMACIE<\/h4>\n<p>La journ\u00e9e de la pharmacie, qui se tient le 25 septembre, constituera le point culminant et final de la campagne de cette ann\u00e9e. \u00c0 cette occasion, de nombreuses pharmacies proposent des actions sp\u00e9ciales, des bilans de sant\u00e9 et des conseils.<\/p>\n<p>Vous trouverez de plus amples informations, un test de connaissance ainsi que la liste des actions et offres de pharmacies participantes sur<\/p>\n<p><a href=\"https:\/\/votre-pharmacie.ch\/fr?utm_campaign=lang.fr_aud.public_cn.ausgabe-09-2026&amp;utm_source=src.astrea&amp;utm_medium=md.print\" target=\"_blank\" rel=\"noopener noreferrer\">www.votre-pharmacie.ch<\/a><\/p>\n<\/div><div class=\"fusion-text fusion-text-4\"><h4>Participez d\u00e8s maintenant et gagnez!<\/h4>\n<p>La Soci\u00e9t\u00e9 Suisse des Pharmaciens pharmaSuisse recherche votre exp\u00e9rience la plus positive en pharmacie! Un service exceptionnel, une histoire touchante ou de l\u2019aide pour r\u00e9soudre un probl\u00e8me particulier: racontez-nous, dans une vid\u00e9o, votre exp\u00e9rience la plus positive en pharmacie. Avec un peu de chance, vous gagnerez 1 bon d\u2019une valeur de 350 CHF offert par adventurly pour une nuit unique dans une suite \u00abBubble\u00bb.<\/p>\n<p>Envoyez-nous votre vid\u00e9o (au format portrait) via WeTransfer ou SwissTransfer \u00e0 l\u2019adresse kommunikation@pharmaSuisse.org. Le gagnant ou la gagnante sera tir\u00e9(e) au sort le vendredi 25 septembre et sera inform\u00e9(e) personnellement. En participant, vous acceptez que le service communication utilise la vid\u00e9o pour ses canaux en ligne et sur les r\u00e9seaux sociaux. Bonne chance!<\/p>\n<\/div><\/div><\/div><\/div><\/div>\n","protected":false},"excerpt":{"rendered":"","protected":false},"author":4,"featured_media":35240,"comment_status":"open","ping_status":"open","sticky":false,"template":"","format":"standard","meta":{"_acf_changed":false,"footnotes":""},"categories":[794],"tags":[1803,903],"class_list":["post-35238","post","type-post","status-publish","format-standard","has-post-thumbnail","hentry","category-pharmasuisse-fr","tag-feu-vert","tag-pharmasuisse-fr"],"acf":[],"yoast_head":"<!-- This site is optimized with the Yoast SEO plugin v27.9 - https:\/\/yoast.com\/product\/yoast-seo-wordpress\/ -->\n<title>Feu vert pour votre sant\u00e9! - Astrea Aptheke<\/title>\n<meta name=\"description\" content=\"D\u00e9couvrez pourquoi la pharmacie est le premier interlocuteur pour de nombreuses questions de sant\u00e9 \u2013 souvent sans rendez-vous.\" \/>\n<meta name=\"robots\" content=\"index, follow, max-snippet:-1, max-image-preview:large, max-video-preview:-1\" \/>\n<link rel=\"canonical\" href=\"https:\/\/astrea-apotheke.ch\/fr\/feu-vert-pour-votre-sante\/\" \/>\n<meta property=\"og:locale\" content=\"fr_FR\" \/>\n<meta property=\"og:type\" content=\"article\" \/>\n<meta property=\"og:title\" content=\"Feu vert pour votre sant\u00e9! - Astrea Aptheke\" \/>\n<meta property=\"og:description\" content=\"D\u00e9couvrez pourquoi la pharmacie est le premier interlocuteur pour de nombreuses questions de sant\u00e9 \u2013 souvent sans rendez-vous.\" \/>\n<meta property=\"og:url\" content=\"https:\/\/astrea-apotheke.ch\/fr\/feu-vert-pour-votre-sante\/\" \/>\n<meta property=\"og:site_name\" content=\"Astrea Aptheke\" \/>\n<meta property=\"article:published_time\" content=\"2026-09-01T06:00:56+00:00\" \/>\n<meta property=\"og:image\" content=\"https:\/\/astrea-apotheke.ch\/wp-content\/uploads\/2026\/08\/Bild-25.08.26-um-13.45.jpeg\" \/>\n\t<meta property=\"og:image:width\" content=\"498\" \/>\n\t<meta property=\"og:image:height\" content=\"178\" \/>\n\t<meta property=\"og:image:type\" content=\"image\/jpeg\" \/>\n<meta name=\"author\" content=\"Ramona Ruppanner\" \/>\n<meta name=\"twitter:card\" content=\"summary_large_image\" \/>\n<meta name=\"twitter:label1\" content=\"\u00c9crit par\" \/>\n\t<meta name=\"twitter:data1\" content=\"Ramona Ruppanner\" \/>\n\t<meta name=\"twitter:label2\" content=\"Dur\u00e9e de lecture estim\u00e9e\" \/>\n\t<meta name=\"twitter:data2\" content=\"4 minutes\" \/>\n<script type=\"application\/ld+json\" class=\"yoast-schema-graph\">{\"@context\":\"https:\\\/\\\/schema.org\",\"@graph\":[{\"@type\":\"Article\",\"@id\":\"https:\\\/\\\/astrea-apotheke.ch\\\/fr\\\/feu-vert-pour-votre-sante\\\/#article\",\"isPartOf\":{\"@id\":\"https:\\\/\\\/astrea-apotheke.ch\\\/fr\\\/feu-vert-pour-votre-sante\\\/\"},\"author\":{\"name\":\"Ramona Ruppanner\",\"@id\":\"https:\\\/\\\/astrea-apotheke.ch\\\/fr\\\/#\\\/schema\\\/person\\\/9e04bb94d57469769041ed5e14e1c90b\"},\"headline\":\"Feu vert pour votre sant\u00e9!\",\"datePublished\":\"2026-09-01T06:00:56+00:00\",\"mainEntityOfPage\":{\"@id\":\"https:\\\/\\\/astrea-apotheke.ch\\\/fr\\\/feu-vert-pour-votre-sante\\\/\"},\"wordCount\":1915,\"commentCount\":0,\"publisher\":{\"@id\":\"https:\\\/\\\/astrea-apotheke.ch\\\/fr\\\/#organization\"},\"image\":{\"@id\":\"https:\\\/\\\/astrea-apotheke.ch\\\/fr\\\/feu-vert-pour-votre-sante\\\/#primaryimage\"},\"thumbnailUrl\":\"https:\\\/\\\/astrea-apotheke.ch\\\/wp-content\\\/uploads\\\/2026\\\/08\\\/Bild-25.08.26-um-13.45.jpeg\",\"keywords\":[\"Feu vert\",\"PharmaSuisse\"],\"articleSection\":[\"pharmaSuisse\"],\"inLanguage\":\"fr-FR\",\"potentialAction\":[{\"@type\":\"CommentAction\",\"name\":\"Comment\",\"target\":[\"https:\\\/\\\/astrea-apotheke.ch\\\/fr\\\/feu-vert-pour-votre-sante\\\/#respond\"]}]},{\"@type\":\"WebPage\",\"@id\":\"https:\\\/\\\/astrea-apotheke.ch\\\/fr\\\/feu-vert-pour-votre-sante\\\/\",\"url\":\"https:\\\/\\\/astrea-apotheke.ch\\\/fr\\\/feu-vert-pour-votre-sante\\\/\",\"name\":\"Feu vert pour votre sant\u00e9! - Astrea Aptheke\",\"isPartOf\":{\"@id\":\"https:\\\/\\\/astrea-apotheke.ch\\\/fr\\\/#website\"},\"primaryImageOfPage\":{\"@id\":\"https:\\\/\\\/astrea-apotheke.ch\\\/fr\\\/feu-vert-pour-votre-sante\\\/#primaryimage\"},\"image\":{\"@id\":\"https:\\\/\\\/astrea-apotheke.ch\\\/fr\\\/feu-vert-pour-votre-sante\\\/#primaryimage\"},\"thumbnailUrl\":\"https:\\\/\\\/astrea-apotheke.ch\\\/wp-content\\\/uploads\\\/2026\\\/08\\\/Bild-25.08.26-um-13.45.jpeg\",\"datePublished\":\"2026-09-01T06:00:56+00:00\",\"description\":\"D\u00e9couvrez pourquoi la pharmacie est le premier interlocuteur pour de nombreuses questions de sant\u00e9 \u2013 souvent sans rendez-vous.\",\"breadcrumb\":{\"@id\":\"https:\\\/\\\/astrea-apotheke.ch\\\/fr\\\/feu-vert-pour-votre-sante\\\/#breadcrumb\"},\"inLanguage\":\"fr-FR\",\"potentialAction\":[{\"@type\":\"ReadAction\",\"target\":[\"https:\\\/\\\/astrea-apotheke.ch\\\/fr\\\/feu-vert-pour-votre-sante\\\/\"]}]},{\"@type\":\"ImageObject\",\"inLanguage\":\"fr-FR\",\"@id\":\"https:\\\/\\\/astrea-apotheke.ch\\\/fr\\\/feu-vert-pour-votre-sante\\\/#primaryimage\",\"url\":\"https:\\\/\\\/astrea-apotheke.ch\\\/wp-content\\\/uploads\\\/2026\\\/08\\\/Bild-25.08.26-um-13.45.jpeg\",\"contentUrl\":\"https:\\\/\\\/astrea-apotheke.ch\\\/wp-content\\\/uploads\\\/2026\\\/08\\\/Bild-25.08.26-um-13.45.jpeg\",\"width\":498,\"height\":178},{\"@type\":\"BreadcrumbList\",\"@id\":\"https:\\\/\\\/astrea-apotheke.ch\\\/fr\\\/feu-vert-pour-votre-sante\\\/#breadcrumb\",\"itemListElement\":[{\"@type\":\"ListItem\",\"position\":1,\"name\":\"Startseite\",\"item\":\"https:\\\/\\\/astrea-apotheke.ch\\\/fr\\\/\"},{\"@type\":\"ListItem\",\"position\":2,\"name\":\"Feu vert pour votre sant\u00e9!\"}]},{\"@type\":\"WebSite\",\"@id\":\"https:\\\/\\\/astrea-apotheke.ch\\\/fr\\\/#website\",\"url\":\"https:\\\/\\\/astrea-apotheke.ch\\\/fr\\\/\",\"name\":\"astrea Bulletin\",\"description\":\"Gesundheitsmagazin\",\"publisher\":{\"@id\":\"https:\\\/\\\/astrea-apotheke.ch\\\/fr\\\/#organization\"},\"potentialAction\":[{\"@type\":\"SearchAction\",\"target\":{\"@type\":\"EntryPoint\",\"urlTemplate\":\"https:\\\/\\\/astrea-apotheke.ch\\\/fr\\\/?s={search_term_string}\"},\"query-input\":{\"@type\":\"PropertyValueSpecification\",\"valueRequired\":true,\"valueName\":\"search_term_string\"}}],\"inLanguage\":\"fr-FR\"},{\"@type\":\"Organization\",\"@id\":\"https:\\\/\\\/astrea-apotheke.ch\\\/fr\\\/#organization\",\"name\":\"astrea Bulletin\",\"url\":\"https:\\\/\\\/astrea-apotheke.ch\\\/fr\\\/\",\"logo\":{\"@type\":\"ImageObject\",\"inLanguage\":\"fr-FR\",\"@id\":\"https:\\\/\\\/astrea-apotheke.ch\\\/fr\\\/#\\\/schema\\\/logo\\\/image\\\/\",\"url\":\"http:\\\/\\\/apotheke.astrea-bulletin.ch\\\/wp-content\\\/uploads\\\/2024\\\/08\\\/Logo_Astrea-Bulletin_RGB.jpg\",\"contentUrl\":\"http:\\\/\\\/apotheke.astrea-bulletin.ch\\\/wp-content\\\/uploads\\\/2024\\\/08\\\/Logo_Astrea-Bulletin_RGB.jpg\",\"width\":1429,\"height\":560,\"caption\":\"astrea Bulletin\"},\"image\":{\"@id\":\"https:\\\/\\\/astrea-apotheke.ch\\\/fr\\\/#\\\/schema\\\/logo\\\/image\\\/\"}},{\"@type\":\"Person\",\"@id\":\"https:\\\/\\\/astrea-apotheke.ch\\\/fr\\\/#\\\/schema\\\/person\\\/9e04bb94d57469769041ed5e14e1c90b\",\"name\":\"Ramona Ruppanner\",\"image\":{\"@type\":\"ImageObject\",\"inLanguage\":\"fr-FR\",\"@id\":\"https:\\\/\\\/secure.gravatar.com\\\/avatar\\\/1ac69febedb35268f70a45972f68b8310c3f4edf42ac55b30773e0131b973bfa?s=96&d=mm&r=g\",\"url\":\"https:\\\/\\\/secure.gravatar.com\\\/avatar\\\/1ac69febedb35268f70a45972f68b8310c3f4edf42ac55b30773e0131b973bfa?s=96&d=mm&r=g\",\"contentUrl\":\"https:\\\/\\\/secure.gravatar.com\\\/avatar\\\/1ac69febedb35268f70a45972f68b8310c3f4edf42ac55b30773e0131b973bfa?s=96&d=mm&r=g\",\"caption\":\"Ramona Ruppanner\"},\"url\":\"https:\\\/\\\/astrea-apotheke.ch\\\/fr\\\/author\\\/ramona-ruppannerhcg-ag-ch\\\/\"}]}<\/script>\n<!-- \/ Yoast SEO plugin. -->","yoast_head_json":{"title":"Feu vert pour votre sant\u00e9! - Astrea Aptheke","description":"D\u00e9couvrez pourquoi la pharmacie est le premier interlocuteur pour de nombreuses questions de sant\u00e9 \u2013 souvent sans rendez-vous.","robots":{"index":"index","follow":"follow","max-snippet":"max-snippet:-1","max-image-preview":"max-image-preview:large","max-video-preview":"max-video-preview:-1"},"canonical":"https:\/\/astrea-apotheke.ch\/fr\/feu-vert-pour-votre-sante\/","og_locale":"fr_FR","og_type":"article","og_title":"Feu vert pour votre sant\u00e9! - Astrea Aptheke","og_description":"D\u00e9couvrez pourquoi la pharmacie est le premier interlocuteur pour de nombreuses questions de sant\u00e9 \u2013 souvent sans rendez-vous.","og_url":"https:\/\/astrea-apotheke.ch\/fr\/feu-vert-pour-votre-sante\/","og_site_name":"Astrea Aptheke","article_published_time":"2026-09-01T06:00:56+00:00","og_image":[{"width":498,"height":178,"url":"https:\/\/astrea-apotheke.ch\/wp-content\/uploads\/2026\/08\/Bild-25.08.26-um-13.45.jpeg","type":"image\/jpeg"}],"author":"Ramona Ruppanner","twitter_card":"summary_large_image","twitter_misc":{"\u00c9crit par":"Ramona Ruppanner","Dur\u00e9e de lecture estim\u00e9e":"4 minutes"},"schema":{"@context":"https:\/\/schema.org","@graph":[{"@type":"Article","@id":"https:\/\/astrea-apotheke.ch\/fr\/feu-vert-pour-votre-sante\/#article","isPartOf":{"@id":"https:\/\/astrea-apotheke.ch\/fr\/feu-vert-pour-votre-sante\/"},"author":{"name":"Ramona Ruppanner","@id":"https:\/\/astrea-apotheke.ch\/fr\/#\/schema\/person\/9e04bb94d57469769041ed5e14e1c90b"},"headline":"Feu vert pour votre sant\u00e9!","datePublished":"2026-09-01T06:00:56+00:00","mainEntityOfPage":{"@id":"https:\/\/astrea-apotheke.ch\/fr\/feu-vert-pour-votre-sante\/"},"wordCount":1915,"commentCount":0,"publisher":{"@id":"https:\/\/astrea-apotheke.ch\/fr\/#organization"},"image":{"@id":"https:\/\/astrea-apotheke.ch\/fr\/feu-vert-pour-votre-sante\/#primaryimage"},"thumbnailUrl":"https:\/\/astrea-apotheke.ch\/wp-content\/uploads\/2026\/08\/Bild-25.08.26-um-13.45.jpeg","keywords":["Feu vert","PharmaSuisse"],"articleSection":["pharmaSuisse"],"inLanguage":"fr-FR","potentialAction":[{"@type":"CommentAction","name":"Comment","target":["https:\/\/astrea-apotheke.ch\/fr\/feu-vert-pour-votre-sante\/#respond"]}]},{"@type":"WebPage","@id":"https:\/\/astrea-apotheke.ch\/fr\/feu-vert-pour-votre-sante\/","url":"https:\/\/astrea-apotheke.ch\/fr\/feu-vert-pour-votre-sante\/","name":"Feu vert pour votre sant\u00e9! - Astrea Aptheke","isPartOf":{"@id":"https:\/\/astrea-apotheke.ch\/fr\/#website"},"primaryImageOfPage":{"@id":"https:\/\/astrea-apotheke.ch\/fr\/feu-vert-pour-votre-sante\/#primaryimage"},"image":{"@id":"https:\/\/astrea-apotheke.ch\/fr\/feu-vert-pour-votre-sante\/#primaryimage"},"thumbnailUrl":"https:\/\/astrea-apotheke.ch\/wp-content\/uploads\/2026\/08\/Bild-25.08.26-um-13.45.jpeg","datePublished":"2026-09-01T06:00:56+00:00","description":"D\u00e9couvrez pourquoi la pharmacie est le premier interlocuteur pour de nombreuses questions de sant\u00e9 \u2013 souvent sans rendez-vous.","breadcrumb":{"@id":"https:\/\/astrea-apotheke.ch\/fr\/feu-vert-pour-votre-sante\/#breadcrumb"},"inLanguage":"fr-FR","potentialAction":[{"@type":"ReadAction","target":["https:\/\/astrea-apotheke.ch\/fr\/feu-vert-pour-votre-sante\/"]}]},{"@type":"ImageObject","inLanguage":"fr-FR","@id":"https:\/\/astrea-apotheke.ch\/fr\/feu-vert-pour-votre-sante\/#primaryimage","url":"https:\/\/astrea-apotheke.ch\/wp-content\/uploads\/2026\/08\/Bild-25.08.26-um-13.45.jpeg","contentUrl":"https:\/\/astrea-apotheke.ch\/wp-content\/uploads\/2026\/08\/Bild-25.08.26-um-13.45.jpeg","width":498,"height":178},{"@type":"BreadcrumbList","@id":"https:\/\/astrea-apotheke.ch\/fr\/feu-vert-pour-votre-sante\/#breadcrumb","itemListElement":[{"@type":"ListItem","position":1,"name":"Startseite","item":"https:\/\/astrea-apotheke.ch\/fr\/"},{"@type":"ListItem","position":2,"name":"Feu vert pour votre sant\u00e9!"}]},{"@type":"WebSite","@id":"https:\/\/astrea-apotheke.ch\/fr\/#website","url":"https:\/\/astrea-apotheke.ch\/fr\/","name":"astrea Bulletin","description":"Gesundheitsmagazin","publisher":{"@id":"https:\/\/astrea-apotheke.ch\/fr\/#organization"},"potentialAction":[{"@type":"SearchAction","target":{"@type":"EntryPoint","urlTemplate":"https:\/\/astrea-apotheke.ch\/fr\/?s={search_term_string}"},"query-input":{"@type":"PropertyValueSpecification","valueRequired":true,"valueName":"search_term_string"}}],"inLanguage":"fr-FR"},{"@type":"Organization","@id":"https:\/\/astrea-apotheke.ch\/fr\/#organization","name":"astrea Bulletin","url":"https:\/\/astrea-apotheke.ch\/fr\/","logo":{"@type":"ImageObject","inLanguage":"fr-FR","@id":"https:\/\/astrea-apotheke.ch\/fr\/#\/schema\/logo\/image\/","url":"http:\/\/apotheke.astrea-bulletin.ch\/wp-content\/uploads\/2024\/08\/Logo_Astrea-Bulletin_RGB.jpg","contentUrl":"http:\/\/apotheke.astrea-bulletin.ch\/wp-content\/uploads\/2024\/08\/Logo_Astrea-Bulletin_RGB.jpg","width":1429,"height":560,"caption":"astrea Bulletin"},"image":{"@id":"https:\/\/astrea-apotheke.ch\/fr\/#\/schema\/logo\/image\/"}},{"@type":"Person","@id":"https:\/\/astrea-apotheke.ch\/fr\/#\/schema\/person\/9e04bb94d57469769041ed5e14e1c90b","name":"Ramona Ruppanner","image":{"@type":"ImageObject","inLanguage":"fr-FR","@id":"https:\/\/secure.gravatar.com\/avatar\/1ac69febedb35268f70a45972f68b8310c3f4edf42ac55b30773e0131b973bfa?s=96&d=mm&r=g","url":"https:\/\/secure.gravatar.com\/avatar\/1ac69febedb35268f70a45972f68b8310c3f4edf42ac55b30773e0131b973bfa?s=96&d=mm&r=g","contentUrl":"https:\/\/secure.gravatar.com\/avatar\/1ac69febedb35268f70a45972f68b8310c3f4edf42ac55b30773e0131b973bfa?s=96&d=mm&r=g","caption":"Ramona Ruppanner"},"url":"https:\/\/astrea-apotheke.ch\/fr\/author\/ramona-ruppannerhcg-ag-ch\/"}]}},"_links":{"self":[{"href":"https:\/\/astrea-apotheke.ch\/fr\/wp-json\/wp\/v2\/posts\/35238","targetHints":{"allow":["GET"]}}],"collection":[{"href":"https:\/\/astrea-apotheke.ch\/fr\/wp-json\/wp\/v2\/posts"}],"about":[{"href":"https:\/\/astrea-apotheke.ch\/fr\/wp-json\/wp\/v2\/types\/post"}],"author":[{"embeddable":true,"href":"https:\/\/astrea-apotheke.ch\/fr\/wp-json\/wp\/v2\/users\/4"}],"replies":[{"embeddable":true,"href":"https:\/\/astrea-apotheke.ch\/fr\/wp-json\/wp\/v2\/comments?post=35238"}],"version-history":[{"count":3,"href":"https:\/\/astrea-apotheke.ch\/fr\/wp-json\/wp\/v2\/posts\/35238\/revisions"}],"predecessor-version":[{"id":35243,"href":"https:\/\/astrea-apotheke.ch\/fr\/wp-json\/wp\/v2\/posts\/35238\/revisions\/35243"}],"wp:featuredmedia":[{"embeddable":true,"href":"https:\/\/astrea-apotheke.ch\/fr\/wp-json\/wp\/v2\/media\/35240"}],"wp:attachment":[{"href":"https:\/\/astrea-apotheke.ch\/fr\/wp-json\/wp\/v2\/media?parent=35238"}],"wp:term":[{"taxonomy":"category","embeddable":true,"href":"https:\/\/astrea-apotheke.ch\/fr\/wp-json\/wp\/v2\/categories?post=35238"},{"taxonomy":"post_tag","embeddable":true,"href":"https:\/\/astrea-apotheke.ch\/fr\/wp-json\/wp\/v2\/tags?post=35238"}],"curies":[{"name":"wp","href":"https:\/\/api.w.org\/{rel}","templated":true}]}}